{"id":76271,"date":"2018-10-18T20:28:38","date_gmt":"2018-10-18T18:28:38","guid":{"rendered":"http:\/\/www.tucomarca.com\/wordpress\/segunda\/?p=76271"},"modified":"2018-10-18T20:28:38","modified_gmt":"2018-10-18T18:28:38","slug":"el-psoe-de-requena-despunta-i-podria-governar-en-solitari-segons-els-socialistes","status":"publish","type":"post","link":"https:\/\/www.tucomarca.com\/wordpress\/segunda\/ca\/el-psoe-de-requena-despunta-i-podria-governar-en-solitari-segons-els-socialistes\/","title":{"rendered":"El PSOE de Requena \u00abdespunta i podria governar en solitari\u00bb, segons els socialistes"},"content":{"rendered":"<figure id=\"attachment_76213\" aria-describedby=\"caption-attachment-76213\" style=\"width: 394px\" class=\"wp-caption alignleft\"><img loading=\"lazy\" decoding=\"async\" class=\" wp-image-76213\" src=\"http:\/\/www.tucomarca.com\/wordpress\/segunda\/wp-content\/uploads\/2018\/10\/intencionvoto1.jpg\" alt=\"\" width=\"394\" height=\"214\" srcset=\"https:\/\/www.tucomarca.com\/wordpress\/segunda\/wp-content\/uploads\/2018\/10\/intencionvoto1.jpg 1080w, https:\/\/www.tucomarca.com\/wordpress\/segunda\/wp-content\/uploads\/2018\/10\/intencionvoto1-300x163.jpg 300w, https:\/\/www.tucomarca.com\/wordpress\/segunda\/wp-content\/uploads\/2018\/10\/intencionvoto1-768x417.jpg 768w, https:\/\/www.tucomarca.com\/wordpress\/segunda\/wp-content\/uploads\/2018\/10\/intencionvoto1-1024x556.jpg 1024w\" sizes=\"auto, (max-width: 394px) 100vw, 394px\" \/><figcaption id=\"caption-attachment-76213\" class=\"wp-caption-text\">Intenci\u00f3n de voto.<\/figcaption><\/figure>\n<p>Mario S\u00e1nchez \u00e9s el l\u00edder pol\u00edtic municipal m\u00e9s ben valorat, segons una enquesta<\/p>\n<p>Segons han informat fonts del PSPV-PSOE de Requena, \u00abuna enquesta sobre intenci\u00f3 de vot elaborada per un mitj\u00e0 de comunicaci\u00f3 local assegura que el PSOE milloraria els resultats que va obtenir en les eleccions municipals de 2015 i podria governar en solitari, el que donaria major estabilitat a l&#8217;executiu local \u00bb.<\/p>\n<p>Segons aquest sondeig, els socialistes de Requena \u00abobtindrien 12 dels 21 regidors de l&#8217;Ajuntament, ja que el 51,7% dels enquestats assenyalen que votarien al PSOE. Per la seva banda, el PP baixaria de forma notable la seva representaci\u00f3 al consistori, en passar dels set regidors actuals a nom\u00e9s 4, ja que nom\u00e9s han marcat aquesta opci\u00f3 el 21% dels participants en l&#8217;enquesta \u00bb.<\/p>\n<p>Pel que fa a la coalici\u00f3 Partit Requena i Llogarets-Ciutadans -que el 2015 van conc\u00f3rrer per separat i van obtenir un regidor cadascun-, aconseguiria 5 representants. Mentrestant, EUPV i Requena Participa quedarien fora de l&#8217;hemicicle municipal, at\u00e8s que, segons aquesta mateixa enquesta, no superarien la barrera electoral del 5%, sempre segons les dades facilitades pel PSOE.<\/p>\n<p>Pel que fa a la valoraci\u00f3 dels l\u00edders pol\u00edtics de Requena, \u00abl&#8217;alcalde i candidat socialista, Mario S\u00e1nchez, \u00e9s el millor puntuat, amb una mitjana de 3,19 punts sobre 5. A continuaci\u00f3, se situen Juan Garc\u00eda, de Podem, amb 2,22 punts; Joaqu\u00edn Gonz\u00e1lez (PRyA-Ciutadans), amb 1,99; Javier Berasaluce, del PP, amb 1,91; i El\u00edas Ram\u00edrez, d&#8217;EUPV, amb 1,61 \u00bb.<\/p>\n<p>Mario S\u00e1nchez ha subratllat que el suport al PSOE \u00abanima els socialistes a seguir treballant amb m\u00e9s for\u00e7a i il\u00b7lusi\u00f3, si \u00e9s possible, per millorar la vida dels i les requenenses. Hem fet molt, per\u00f2 \u00e9s molt m\u00e9s el que queda per fer. I tenim tota la il\u00b7lusi\u00f3 del m\u00f3n per seguir treballant per complir les expectatives \u00bb, ha manifestat S\u00e1nchez.<\/p>\n<p><img loading=\"lazy\" decoding=\"async\" class=\"alignleft wp-image-76215\" src=\"http:\/\/www.tucomarca.com\/wordpress\/segunda\/wp-content\/uploads\/2018\/10\/puntcandidatos.jpg\" alt=\"\" width=\"702\" height=\"331\" \/> <img loading=\"lazy\" decoding=\"async\" class=\"alignleft wp-image-76217\" src=\"http:\/\/www.tucomarca.com\/wordpress\/segunda\/wp-content\/uploads\/2018\/10\/intencionvoto2.jpg\" alt=\"\" width=\"697\" height=\"376\" \/><\/p>\n","protected":false},"excerpt":{"rendered":"<div class=\"mh-excerpt\">Mario S\u00e1nchez \u00e9s el l\u00edder pol\u00edtic municipal m\u00e9s ben valorat, segons una enquesta Segons han informat fonts del PSPV-PSOE de Requena, \u00abuna enquesta sobre intenci\u00f3 de vot elaborada per un mitj\u00e0 de comunicaci\u00f3 local assegura <a class=\"mh-excerpt-more\" href=\"https:\/\/www.tucomarca.com\/wordpress\/segunda\/ca\/el-psoe-de-requena-despunta-i-podria-governar-en-solitari-segons-els-socialistes\/\" title=\"El PSOE de Requena \u00abdespunta i podria governar en solitari\u00bb, segons els socialistes\">[+] <\/a><\/div>\n","protected":false},"author":2,"featured_media":76214,"comment_status":"open","ping_status":"open","sticky":false,"template":"","format":"standard","meta":{"footnotes":""},"categories":[10947,10908,10909,10896],"tags":[11254,11255,11256],"class_list":{"0":"post-76271","1":"post","2":"type-post","3":"status-publish","4":"format-standard","5":"has-post-thumbnail","7":"category-politica","8":"category-requena-ca","9":"category-requena-utiel-ca","10":"category-seccion-ca","11":"tag-ayuntamiento-de-requena-ca","12":"tag-comarca-requena-utiel-ca","13":"tag-psoe-requena-ca"},"_links":{"self":[{"href":"https:\/\/www.tucomarca.com\/wordpress\/segunda\/ca\/wp-json\/wp\/v2\/posts\/76271","targetHints":{"allow":["GET"]}}],"collection":[{"href":"https:\/\/www.tucomarca.com\/wordpress\/segunda\/ca\/wp-json\/wp\/v2\/posts"}],"about":[{"href":"https:\/\/www.tucomarca.com\/wordpress\/segunda\/ca\/wp-json\/wp\/v2\/types\/post"}],"author":[{"embeddable":true,"href":"https:\/\/www.tucomarca.com\/wordpress\/segunda\/ca\/wp-json\/wp\/v2\/users\/2"}],"replies":[{"embeddable":true,"href":"https:\/\/www.tucomarca.com\/wordpress\/segunda\/ca\/wp-json\/wp\/v2\/comments?post=76271"}],"version-history":[{"count":0,"href":"https:\/\/www.tucomarca.com\/wordpress\/segunda\/ca\/wp-json\/wp\/v2\/posts\/76271\/revisions"}],"wp:featuredmedia":[{"embeddable":true,"href":"https:\/\/www.tucomarca.com\/wordpress\/segunda\/ca\/wp-json\/wp\/v2\/media\/76214"}],"wp:attachment":[{"href":"https:\/\/www.tucomarca.com\/wordpress\/segunda\/ca\/wp-json\/wp\/v2\/media?parent=76271"}],"wp:term":[{"taxonomy":"category","embeddable":true,"href":"https:\/\/www.tucomarca.com\/wordpress\/segunda\/ca\/wp-json\/wp\/v2\/categories?post=76271"},{"taxonomy":"post_tag","embeddable":true,"href":"https:\/\/www.tucomarca.com\/wordpress\/segunda\/ca\/wp-json\/wp\/v2\/tags?post=76271"}],"curies":[{"name":"wp","href":"https:\/\/api.w.org\/{rel}","templated":true}]}}