{"id":76338,"date":"2018-10-19T22:21:09","date_gmt":"2018-10-19T20:21:09","guid":{"rendered":"http:\/\/www.tucomarca.com\/wordpress\/segunda\/?p=76338"},"modified":"2018-10-19T22:21:09","modified_gmt":"2018-10-19T20:21:09","slug":"el-barri-sant-rafael-de-bunyol-albergara-la-vesprada-de-halloween-el-iii-survival-infantil-i-el-truc-tracte-per-als-mes-xicotets","status":"publish","type":"post","link":"https:\/\/www.tucomarca.com\/wordpress\/segunda\/ca\/el-barri-sant-rafael-de-bunyol-albergara-la-vesprada-de-halloween-el-iii-survival-infantil-i-el-truc-tracte-per-als-mes-xicotets\/","title":{"rendered":"El Barri Sant Rafael de Bunyol albergar\u00e1 la vesprada de Halloween el III Survival Infantil i el Truc-Tracte per als m\u00e9s xicotets"},"content":{"rendered":"<figure id=\"attachment_76335\" aria-describedby=\"caption-attachment-76335\" style=\"width: 388px\" class=\"wp-caption alignleft\"><img loading=\"lazy\" decoding=\"async\" class=\" wp-image-76335\" src=\"http:\/\/www.tucomarca.com\/wordpress\/segunda\/wp-content\/uploads\/2018\/10\/survivalinfa.jpg\" alt=\"Cartel anunciador del III Survival Infantil.\" width=\"388\" height=\"519\" srcset=\"https:\/\/www.tucomarca.com\/wordpress\/segunda\/wp-content\/uploads\/2018\/10\/survivalinfa.jpg 718w, https:\/\/www.tucomarca.com\/wordpress\/segunda\/wp-content\/uploads\/2018\/10\/survivalinfa-224x300.jpg 224w\" sizes=\"auto, (max-width: 388px) 100vw, 388px\" \/><figcaption id=\"caption-attachment-76335\" class=\"wp-caption-text\">Cartell anunciador del III Survival Infantil.<\/figcaption><\/figure>\n<p><strong><span class=\"\" title=\"\">Les<\/span> <span title=\"\">regidories de<\/span> <span title=\"\">Joventut<\/span> <span title=\"\">i Festes de l&#8217;<\/span><span title=\"\">Ajuntament de Bu\u00f1ol<\/span> <span title=\"\">han decidit<\/span> <span title=\"\">aglutinar<\/span> <span class=\"\" title=\"\">dues festes<\/span> <span title=\"\">t\u00edpiques<\/span> <span title=\"\">de Halloween<\/span> <span title=\"\">al Barri<\/span> <span title=\"\">Sant Rafael,<\/span> <span title=\"\">perqu\u00e8 xiquets<\/span><span title=\"\">, ve\u00efns<\/span> <span title=\"\">i<\/span> <span class=\"\" title=\"\">familiars<\/span> <span title=\"\">puguen gaudir<\/span> <span title=\"\">d&#8217;unes<\/span> <span title=\"\">hores<\/span> <span title=\"\">&#8220;<\/span><span title=\"\">terror\u00edfiques<\/span><span title=\"\">&#8220;<\/span><\/strong><\/p>\n<p>El proper 31 d&#8217;octubre nombroses poblacions i ciutats de tot el m\u00f3n celebren la tradicional festa de Halloween. En Bunyol un any m\u00e9s se celebra una Survival Infantil, que ja \u00e9s la seva tercera edici\u00f3. En aquesta ocasi\u00f3 no se celebra a la Pla\u00e7a Vendes de la localitat, sin\u00f3 en el Barri Sant Rafael, on des de fa anys se celebra el Truc &#8211; Tracte entre els m\u00e9s petits de la zona.<\/p>\n<p>Marta P\u00e9rez, regidor de Joventut de l&#8217;Ajuntament de Bunyol, destaca que en aquesta edici\u00f3 s&#8217;ha volgut agrupar dues celebracions en un mateix enclavament per garantir un major \u00e8xit de participaci\u00f3 i major seguretat i tranquil\u00b7litat dels pares i familiars dels participants m\u00e9s petits.\u00a0Aquesta\u00a0festa se celebrar\u00e0 amb el recinte del Barri Sant Rafael completament tancat en horari de 18 a 20h.<\/p>\n<p>Aquest joc est\u00e0 indicat per a nens i nenes nascuts entre 2003 i 2011, ambd\u00f3s inclosos. Si el nen t\u00e9 entre 7 i 11 anys ha d&#8217;anar acompanyat d&#8217;un adult. Tots els que vulguin participar s&#8217;han d&#8217;inscriure pr\u00e8viament, adjuntant el full d&#8217;inscripci\u00f3 i autoritzaci\u00f3 dels pares o tutors. El preu \u00e9s de 3 \u20ac i els llocs on poden inscriure \u00e9s Gelateria Desi, La Daurada i Pavell\u00f3 Municipal del Planell.<\/p>\n<p>Els centres educatius de Bunyol col\u00b7laboren amb l&#8217;Ajuntament perqu\u00e8 cap nen desconegui aquest esdeveniment festiu del proper 31 d&#8217;octubre. A m\u00e9s de que aquesta activitat est\u00e0 organitzada per les regidories de Joventut i Festes de l&#8217;Ajuntament de Bu\u00f1ol l&#8217;empresa Otherworld col\u00b7laboren en l&#8217;organitzaci\u00f3 de l&#8217;acte. El t\u00edpic Truc o Tracte, en qu\u00e8 els m\u00e9s petits visiten els domicilis i demanen caramels disfressats de vestits t\u00edpics de Halloween, aquest any est\u00e0 enfocat per als m\u00e9s xicotets, mentre que el Survival Infantil \u00e9s per als majors de 7 anys. La iniciativa d&#8217;agrupar tots dos festejos en un mateix enclavament respon a una resposta ciutadana de la zona i dels pares, &#8220;al que l&#8217;Ajuntament ha volgut donar resposta perqu\u00e8 nens i pares estiguin en un entorn agradable, entre amics, i poder gaudir d&#8217;un barri i la seva gent en una \u00e8poca de l&#8217;any que ja era un cl\u00e0ssic a la zona &#8220;, afirma l&#8217;edil de Joventut i Esports, Marta P\u00e9rez.<\/p>\n","protected":false},"excerpt":{"rendered":"<div class=\"mh-excerpt\">Les regidories de Joventut i Festes de l&#8217;Ajuntament de Bu\u00f1ol han decidit aglutinar dues festes t\u00edpiques de Halloween al Barri Sant Rafael, perqu\u00e8 xiquets, ve\u00efns i familiars puguen gaudir d&#8217;unes hores &#8220;terror\u00edfiques&#8220; El proper 31 <a class=\"mh-excerpt-more\" href=\"https:\/\/www.tucomarca.com\/wordpress\/segunda\/ca\/el-barri-sant-rafael-de-bunyol-albergara-la-vesprada-de-halloween-el-iii-survival-infantil-i-el-truc-tracte-per-als-mes-xicotets\/\" title=\"El Barri Sant Rafael de Bunyol albergar\u00e1 la vesprada de Halloween el III Survival Infantil i el Truc-Tracte per als m\u00e9s xicotets\">[+] <\/a><\/div>\n","protected":false},"author":2,"featured_media":76336,"comment_status":"open","ping_status":"open","sticky":false,"template":"","format":"standard","meta":{"footnotes":""},"categories":[11019,10911,10912,10896],"tags":[11158,10914,11261],"class_list":{"0":"post-76338","1":"post","2":"type-post","3":"status-publish","4":"format-standard","5":"has-post-thumbnail","7":"category-agenda-ca","8":"category-bunol-ca","9":"category-la-hoya-ca","10":"category-seccion-ca","11":"tag-ayuntamiento-de-bunol-ca","12":"tag-la-hoya-de-bunol-chiva-ca","13":"tag-survival-zombie-ca"},"_links":{"self":[{"href":"https:\/\/www.tucomarca.com\/wordpress\/segunda\/ca\/wp-json\/wp\/v2\/posts\/76338","targetHints":{"allow":["GET"]}}],"collection":[{"href":"https:\/\/www.tucomarca.com\/wordpress\/segunda\/ca\/wp-json\/wp\/v2\/posts"}],"about":[{"href":"https:\/\/www.tucomarca.com\/wordpress\/segunda\/ca\/wp-json\/wp\/v2\/types\/post"}],"author":[{"embeddable":true,"href":"https:\/\/www.tucomarca.com\/wordpress\/segunda\/ca\/wp-json\/wp\/v2\/users\/2"}],"replies":[{"embeddable":true,"href":"https:\/\/www.tucomarca.com\/wordpress\/segunda\/ca\/wp-json\/wp\/v2\/comments?post=76338"}],"version-history":[{"count":0,"href":"https:\/\/www.tucomarca.com\/wordpress\/segunda\/ca\/wp-json\/wp\/v2\/posts\/76338\/revisions"}],"wp:featuredmedia":[{"embeddable":true,"href":"https:\/\/www.tucomarca.com\/wordpress\/segunda\/ca\/wp-json\/wp\/v2\/media\/76336"}],"wp:attachment":[{"href":"https:\/\/www.tucomarca.com\/wordpress\/segunda\/ca\/wp-json\/wp\/v2\/media?parent=76338"}],"wp:term":[{"taxonomy":"category","embeddable":true,"href":"https:\/\/www.tucomarca.com\/wordpress\/segunda\/ca\/wp-json\/wp\/v2\/categories?post=76338"},{"taxonomy":"post_tag","embeddable":true,"href":"https:\/\/www.tucomarca.com\/wordpress\/segunda\/ca\/wp-json\/wp\/v2\/tags?post=76338"}],"curies":[{"name":"wp","href":"https:\/\/api.w.org\/{rel}","templated":true}]}}