{"id":76550,"date":"2018-10-24T21:14:05","date_gmt":"2018-10-24T19:14:05","guid":{"rendered":"http:\/\/www.tucomarca.com\/wordpress\/segunda\/?p=76550"},"modified":"2018-10-24T21:14:05","modified_gmt":"2018-10-24T19:14:05","slug":"el-pp-de-sant-antoni-de-benageber-mante-que-leleccio-dandrea-peiro-com-a-candidata-a-lalcaldia-no-es-valida","status":"publish","type":"post","link":"https:\/\/www.tucomarca.com\/wordpress\/segunda\/ca\/el-pp-de-sant-antoni-de-benageber-mante-que-leleccio-dandrea-peiro-com-a-candidata-a-lalcaldia-no-es-valida\/","title":{"rendered":"El PP de Sant Antoni de Benag\u00e9ber mant\u00e9 que l&#8217;elecci\u00f3 d&#8217;Andrea Peir\u00f3 com a candidata a l&#8217;alcaldia \u00abno \u00e9s v\u00e0lida\u00bb"},"content":{"rendered":"<div class=\"\">\n<figure id=\"attachment_76547\" aria-describedby=\"caption-attachment-76547\" style=\"width: 247px\" class=\"wp-caption alignleft\"><img loading=\"lazy\" decoding=\"async\" class=\" wp-image-76547\" src=\"http:\/\/www.tucomarca.com\/wordpress\/segunda\/wp-content\/uploads\/2018\/10\/andrea_peiro_PP.jpg\" alt=\"Andrea Peir\u00f3.\" width=\"247\" height=\"209\" srcset=\"https:\/\/www.tucomarca.com\/wordpress\/segunda\/wp-content\/uploads\/2018\/10\/andrea_peiro_PP.jpg 674w, https:\/\/www.tucomarca.com\/wordpress\/segunda\/wp-content\/uploads\/2018\/10\/andrea_peiro_PP-300x253.jpg 300w\" sizes=\"auto, (max-width: 247px) 100vw, 247px\" \/><figcaption id=\"caption-attachment-76547\" class=\"wp-caption-text\">Andrea Peir\u00f3.<\/figcaption><\/figure>\n<p>\u00abEl nomenament d&#8217;Andrea Peir\u00f3 com a candidata a l&#8217;alcaldia en els comicis municipals de 2019 per part del PP de Sant Antoni de Benaixeve no \u00e9s oficial i el comit\u00e8 electoral local que la va triar no \u00e9s v\u00e0lid. Aix\u00ed ho ha confirmat avui el nou president de la gestora del PP de la prov\u00edncia de Val\u00e8ncia, Juan Ram\u00f3n Adsuara, que ha esmenat aix\u00ed l&#8217;anunci fet per part de l&#8217;agrupaci\u00f3 local i que reafirmava ahir mateix el seu secretari general, \u00c1ngel Osuna, malgrat les cr\u00edtiques rebudes per alguns afiliats sobre el seu legalitat \u00bb, tal com han assegurat fonts de la formaci\u00f3 a la localitat.<\/p>\n<p>Adsuara ha explicat que la gestora que presideix, \u00abque acaba d&#8217;aterrar a la direcci\u00f3 provincial del partit, encara no ha aprovat un calendari per a la creaci\u00f3 dels comit\u00e8s electorals locals, per tant el que es va reunir divendres passat per a l&#8217;elecci\u00f3 de Peir\u00f3 a San Antonio de Benag\u00e9ber no \u00e9s v\u00e0lid \u00bb, segons els populars.<\/p>\n<p>\u00abAix\u00ed, el nou president de la gestora provincial del partit ha anunciat que espera que en la pr\u00f2xima setmana s&#8217;aprovi un calendari per a aquests comit\u00e8s, que s\u00f3n els encarregats d&#8217;escollir el candidat a l&#8217;alcaldia per als seus municipis i que despr\u00e9s ratificar\u00e0 la direcci\u00f3 provincial . Esperem tenir abans del pont de la Constituci\u00f3 ia un bon nombre de candidats, com ha avan\u00e7at Adsuara \u00bb, han finalitzat des del PP.<\/p>\n<div class=\"\" dir=\"ltr\"><\/div>\n<\/div>\n<div class=\"\"><\/div>\n","protected":false},"excerpt":{"rendered":"<div class=\"mh-excerpt\">\u00abEl nomenament d&#8217;Andrea Peir\u00f3 com a candidata a l&#8217;alcaldia en els comicis municipals de 2019 per part del PP de Sant Antoni de Benaixeve no \u00e9s oficial i el comit\u00e8 electoral local que la va <a class=\"mh-excerpt-more\" href=\"https:\/\/www.tucomarca.com\/wordpress\/segunda\/ca\/el-pp-de-sant-antoni-de-benageber-mante-que-leleccio-dandrea-peiro-com-a-candidata-a-lalcaldia-no-es-valida\/\" title=\"El PP de Sant Antoni de Benag\u00e9ber mant\u00e9 que l&#8217;elecci\u00f3 d&#8217;Andrea Peir\u00f3 com a candidata a l&#8217;alcaldia \u00abno \u00e9s v\u00e0lida\u00bb\">[+] <\/a><\/div>\n","protected":false},"author":2,"featured_media":76548,"comment_status":"open","ping_status":"open","sticky":false,"template":"","format":"standard","meta":{"footnotes":""},"categories":[10892,10947,10934,10896],"tags":[63],"class_list":{"0":"post-76550","1":"post","2":"type-post","3":"status-publish","4":"format-standard","5":"has-post-thumbnail","7":"category-camp-de-turia-ca","8":"category-politica","9":"category-san-antonio-de-benageber-ca","10":"category-seccion-ca","11":"tag-pp"},"_links":{"self":[{"href":"https:\/\/www.tucomarca.com\/wordpress\/segunda\/ca\/wp-json\/wp\/v2\/posts\/76550","targetHints":{"allow":["GET"]}}],"collection":[{"href":"https:\/\/www.tucomarca.com\/wordpress\/segunda\/ca\/wp-json\/wp\/v2\/posts"}],"about":[{"href":"https:\/\/www.tucomarca.com\/wordpress\/segunda\/ca\/wp-json\/wp\/v2\/types\/post"}],"author":[{"embeddable":true,"href":"https:\/\/www.tucomarca.com\/wordpress\/segunda\/ca\/wp-json\/wp\/v2\/users\/2"}],"replies":[{"embeddable":true,"href":"https:\/\/www.tucomarca.com\/wordpress\/segunda\/ca\/wp-json\/wp\/v2\/comments?post=76550"}],"version-history":[{"count":0,"href":"https:\/\/www.tucomarca.com\/wordpress\/segunda\/ca\/wp-json\/wp\/v2\/posts\/76550\/revisions"}],"wp:featuredmedia":[{"embeddable":true,"href":"https:\/\/www.tucomarca.com\/wordpress\/segunda\/ca\/wp-json\/wp\/v2\/media\/76548"}],"wp:attachment":[{"href":"https:\/\/www.tucomarca.com\/wordpress\/segunda\/ca\/wp-json\/wp\/v2\/media?parent=76550"}],"wp:term":[{"taxonomy":"category","embeddable":true,"href":"https:\/\/www.tucomarca.com\/wordpress\/segunda\/ca\/wp-json\/wp\/v2\/categories?post=76550"},{"taxonomy":"post_tag","embeddable":true,"href":"https:\/\/www.tucomarca.com\/wordpress\/segunda\/ca\/wp-json\/wp\/v2\/tags?post=76550"}],"curies":[{"name":"wp","href":"https:\/\/api.w.org\/{rel}","templated":true}]}}