{"id":76556,"date":"2018-10-24T21:28:47","date_gmt":"2018-10-24T19:28:47","guid":{"rendered":"http:\/\/www.tucomarca.com\/wordpress\/segunda\/?p=76556"},"modified":"2018-10-24T21:28:47","modified_gmt":"2018-10-24T19:28:47","slug":"el-circuit-presenta-el-video-del-gran-premi-de-la-comunitat-valenciana-los-salvadores-protagonitzat-per-marc-marquez","status":"publish","type":"post","link":"https:\/\/www.tucomarca.com\/wordpress\/segunda\/ca\/el-circuit-presenta-el-video-del-gran-premi-de-la-comunitat-valenciana-los-salvadores-protagonitzat-per-marc-marquez\/","title":{"rendered":"El Circuit presenta el v\u00eddeo del Gran Premi de la Comunitat Valenciana &#8216;Los Salvadores&#8217; protagonitzat per Marc M\u00e1rquez"},"content":{"rendered":"<p>El Circuit Ricardo Tormo ha presentat el v\u00eddeo promocional del Gran Premi Motul de la Comunitat Valenciana a Canals, localitat on va n\u00e0ixer Ricardo Tormo.<\/p>\n<p>El director general d&#8217;Esport, Josep Miquel Moya, ha anunciat que &#8220;no queden entrades disponibles per a assistir al Gran Premi, de manera que l&#8217;\u00e8xit de p\u00fablic est\u00e0 garantit&#8221;.<\/p>\n<p>&#8220;El Gran Premi \u00e9s un dels esdeveniments esportius m\u00e9s importants. Des de la Generalitat, donem suport i hem signat un acord que permetr\u00e0 al Gran Premi arribar fins a 2021 i, a partir d&#8217;ac\u00ed, confiem a continuar. Els beneficis del Gran Premi s\u00f3n incontestables&#8221;, ha assenyalat Moya.<\/p>\n<p>Aix\u00ed mateix, el director general d&#8217;Esport ha mostrat la seua confian\u00e7a en el fet &#8220;que tots puguem disfrutar-lo en les millors condicions possibles, tenim la idea que el circuit \u00e9s de tots els valencians, i volem que tota la societat i amants del motor entenguen el Gran Premi com a propi&#8221;, ha declarat.<\/p>\n<figure id=\"attachment_76552\" aria-describedby=\"caption-attachment-76552\" style=\"width: 300px\" class=\"wp-caption alignleft\"><img loading=\"lazy\" decoding=\"async\" class=\"size-medium wp-image-76552\" src=\"http:\/\/www.tucomarca.com\/wordpress\/segunda\/wp-content\/uploads\/2018\/10\/videoCircuit-300x200.jpg\" alt=\"El Circuit presenta el v\u00eddeo del Gran Premio de la Comunitat Valenciana 'Los Salvadores' protagonizado por Marc M\u00e1rquez.\" width=\"300\" height=\"200\" srcset=\"https:\/\/www.tucomarca.com\/wordpress\/segunda\/wp-content\/uploads\/2018\/10\/videoCircuit-300x200.jpg 300w, https:\/\/www.tucomarca.com\/wordpress\/segunda\/wp-content\/uploads\/2018\/10\/videoCircuit-768x512.jpg 768w, https:\/\/www.tucomarca.com\/wordpress\/segunda\/wp-content\/uploads\/2018\/10\/videoCircuit-1024x683.jpg 1024w\" sizes=\"auto, (max-width: 300px) 100vw, 300px\" \/><figcaption id=\"caption-attachment-76552\" class=\"wp-caption-text\"><strong id=\"aui_3_2_0_1400\">El Circuit presenta el v\u00eddeo del Gran Premi de la Comunitat Valenciana &#8216;Los Salvadores&#8217; protagonitzat per Marc M\u00e1rquez<\/strong>.<\/figcaption><\/figure>\n<p>La campanya gira entorn d&#8217;onze peces de distints formats, en qu\u00e8 els protagonistes s\u00f3n els pilots Marc i \u00c1lex M\u00e1rquez. Els germans de Cervera no sols tenen en com\u00fa que s\u00f3n campions del m\u00f3n, sin\u00f3 tamb\u00e9 les grans salvades que protagonitzen en cada Gran Premi del Mundial de Motociclisme. Per aix\u00f2, en aquest v\u00eddeo promocional, ells s\u00f3n &#8216;els salvadors&#8217;.<\/p>\n<p>En el v\u00eddeo, dirigit pel valenci\u00e0 Toni Aragon\u00e9s, es fa una al\u00b7legoria a les pel\u00b7l\u00edcules de superherois, amb pilots capa\u00e7os de salvar situacions en qu\u00e8 perden el control de les seues muntures, per\u00f2 aconsegueixen no anar-se&#8217;n a terra, tal com va oc\u00f3rrer en la primera corba del Circuit durant el Gran Premi de la passada temporada.<\/p>\n<p>L&#8217;alcalde de Canals, Ricardo Requena, ha agra\u00eft la pres\u00e8ncia de tots i ha reiterat el seu desig de continuar realitzant aquest acte durant els pr\u00f2xims anys.<\/p>\n<p>A m\u00e9s, el director general del Circuit, Gonzalo Gobert, ha declarat que &#8220;enguany, a m\u00e9s de centrar-nos en l&#8217;aspecte esportiu, els nostres esfor\u00e7os se centraran a tractar de facilitar al m\u00e0xim l&#8217;acc\u00e9s dels aficionats, ja que les obres de construcci\u00f3 del Parc Log\u00edstic de Cheste dificultaran el nostre treball. Per a aix\u00f2, iniciarem prompte una campanya que convide els aficionats a vindre en motos, amb tren o en taxi i que, en el cas que hagen de vindre obligat\u00f2riament amb cotxe, els explique com utilitzar els aparcaments alternatius que hem previst a Cheste i Riba-roja&#8221;.<\/p>\n<p>A m\u00e9s de familiars de Ricardo Tormo, han acudit a la presentaci\u00f3 diversos membres de la corporaci\u00f3 de Canals, la diputada d&#8217;Esports, Joventut i Igualtat de la Diputaci\u00f3 de Val\u00e8ncia, Isabel Garc\u00eda, i el director director de la Cuna de Campeones, Juli\u00e1n Miralles, que, a m\u00e9s, \u00e9s un dels protagonistes del v\u00eddeo.<\/p>\n","protected":false},"excerpt":{"rendered":"<div class=\"mh-excerpt\">El Circuit Ricardo Tormo ha presentat el v\u00eddeo promocional del Gran Premi Motul de la Comunitat Valenciana a Canals, localitat on va n\u00e0ixer Ricardo Tormo. El director general d&#8217;Esport, Josep Miquel Moya, ha anunciat que <a class=\"mh-excerpt-more\" href=\"https:\/\/www.tucomarca.com\/wordpress\/segunda\/ca\/el-circuit-presenta-el-video-del-gran-premi-de-la-comunitat-valenciana-los-salvadores-protagonitzat-per-marc-marquez\/\" title=\"El Circuit presenta el v\u00eddeo del Gran Premi de la Comunitat Valenciana &#8216;Los Salvadores&#8217; protagonitzat per Marc M\u00e1rquez\">[+] <\/a><\/div>\n","protected":false},"author":1,"featured_media":76552,"comment_status":"open","ping_status":"open","sticky":false,"template":"","format":"standard","meta":{"footnotes":""},"categories":[11003,10898,10912,11011,10896,11062,10974],"tags":[11071],"class_list":{"0":"post-76556","1":"post","2":"type-post","3":"status-publish","4":"format-standard","5":"has-post-thumbnail","7":"category-sports","8":"category-ventana-ca","9":"category-la-hoya-ca","10":"category-motociclismo-ca","11":"category-seccion-ca","12":"category-videos","13":"category-cheste-ca","14":"tag-cheste"},"_links":{"self":[{"href":"https:\/\/www.tucomarca.com\/wordpress\/segunda\/ca\/wp-json\/wp\/v2\/posts\/76556","targetHints":{"allow":["GET"]}}],"collection":[{"href":"https:\/\/www.tucomarca.com\/wordpress\/segunda\/ca\/wp-json\/wp\/v2\/posts"}],"about":[{"href":"https:\/\/www.tucomarca.com\/wordpress\/segunda\/ca\/wp-json\/wp\/v2\/types\/post"}],"author":[{"embeddable":true,"href":"https:\/\/www.tucomarca.com\/wordpress\/segunda\/ca\/wp-json\/wp\/v2\/users\/1"}],"replies":[{"embeddable":true,"href":"https:\/\/www.tucomarca.com\/wordpress\/segunda\/ca\/wp-json\/wp\/v2\/comments?post=76556"}],"version-history":[{"count":0,"href":"https:\/\/www.tucomarca.com\/wordpress\/segunda\/ca\/wp-json\/wp\/v2\/posts\/76556\/revisions"}],"wp:featuredmedia":[{"embeddable":true,"href":"https:\/\/www.tucomarca.com\/wordpress\/segunda\/ca\/wp-json\/wp\/v2\/media\/76552"}],"wp:attachment":[{"href":"https:\/\/www.tucomarca.com\/wordpress\/segunda\/ca\/wp-json\/wp\/v2\/media?parent=76556"}],"wp:term":[{"taxonomy":"category","embeddable":true,"href":"https:\/\/www.tucomarca.com\/wordpress\/segunda\/ca\/wp-json\/wp\/v2\/categories?post=76556"},{"taxonomy":"post_tag","embeddable":true,"href":"https:\/\/www.tucomarca.com\/wordpress\/segunda\/ca\/wp-json\/wp\/v2\/tags?post=76556"}],"curies":[{"name":"wp","href":"https:\/\/api.w.org\/{rel}","templated":true}]}}