{"id":76570,"date":"2018-10-28T20:58:56","date_gmt":"2018-10-28T18:58:56","guid":{"rendered":"http:\/\/www.tucomarca.com\/wordpress\/segunda\/?p=76570"},"modified":"2018-10-28T20:58:56","modified_gmt":"2018-10-28T18:58:56","slug":"leliana-organitza-la-seua-primera-universitat-de-tardor-amb-ajuda-de-la-diputacio","status":"publish","type":"post","link":"https:\/\/www.tucomarca.com\/wordpress\/segunda\/ca\/leliana-organitza-la-seua-primera-universitat-de-tardor-amb-ajuda-de-la-diputacio\/","title":{"rendered":"L\u2019Eliana organitza la seua primera universitat de tardor amb ajuda de la Diputaci\u00f3"},"content":{"rendered":"<figure id=\"attachment_76567\" aria-describedby=\"caption-attachment-76567\" style=\"width: 320px\" class=\"wp-caption alignleft\"><img loading=\"lazy\" decoding=\"async\" class=\" wp-image-76567\" src=\"http:\/\/www.tucomarca.com\/wordpress\/segunda\/wp-content\/uploads\/2018\/10\/foto2.jpg\" alt=\"Diputada de Bienestar Social, Mercedes Berenguer, el alcalde de l\u00b4Eliana, Salvador Torrent y el vicerrector de Proyecci\u00f3n Territorial y Sociedad de la UV, Jorge Hermosilla.\" width=\"320\" height=\"240\" srcset=\"https:\/\/www.tucomarca.com\/wordpress\/segunda\/wp-content\/uploads\/2018\/10\/foto2.jpg 1600w, https:\/\/www.tucomarca.com\/wordpress\/segunda\/wp-content\/uploads\/2018\/10\/foto2-300x225.jpg 300w, https:\/\/www.tucomarca.com\/wordpress\/segunda\/wp-content\/uploads\/2018\/10\/foto2-768x576.jpg 768w, https:\/\/www.tucomarca.com\/wordpress\/segunda\/wp-content\/uploads\/2018\/10\/foto2-1024x768.jpg 1024w\" sizes=\"auto, (max-width: 320px) 100vw, 320px\" \/><figcaption id=\"caption-attachment-76567\" class=\"wp-caption-text\"><em>Diputada de Benestar Social, Mercedes Berenguer, l&#8217;alcalde de l\u00b4Eliana, Salvador Torrent i el vicerector de Projecci\u00f3 Territorial i Societat de la UV, Jorge Hermosilla.<\/em><\/figcaption><\/figure>\n<p><strong>Les jornades, promogudes per la corporaci\u00f3 provincial i la Universitat de Val\u00e8ncia, analitzen l&#8217;estat actual de la tecnologia i el desenvolupament de les ciutats intel\u00b7ligents\u00a0<\/strong><\/p>\n<p><strong>La diputada de Benestar Social, Mercedes Berenguer, destaca que aquesta iniciativa t\u00e9 com a objectiu acostar la universitat a tot el territori<\/strong><\/p>\n<p>La Diputaci\u00f3 de Val\u00e8ncia participa en la primera edici\u00f3 de la Universitat de Tardor de l\u00b4Eliana, en col\u00b7laboraci\u00f3 amb la Universitat de Val\u00e8ncia (UV) i l&#8217;ajuntament d&#8217;aquesta localitat del Camp de Turia. Les jornades, titulades \u2018Smart Cities: Cuidadan\u00eda, Tecnologia i Desenvolupament Territorial\u2019, tenen com a objectiu principal analitzar l&#8217;estat actual de la tecnologia i el desenvolupament de les ciutats intel\u00b7ligents.<\/p>\n<p>En les diferents confer\u00e8ncies i taules redones s&#8217;aborden aspectes com la mobilitat intel\u00b7ligent, el Internet de les Coses i el Big Data i la Intel\u00b7lig\u00e8ncia Artificial. A m\u00e9s de mostrar la situaci\u00f3 d&#8217;implantaci\u00f3 de territoris intel\u00b7ligents a l&#8217;Eliana, aix\u00ed com en altres poblacions de la Comunitat Valenciana i la resta d&#8217;Espanya.<\/p>\n<p>L&#8217;acte inaugural va explicar aquest dimarts amb la pres\u00e8ncia de la diputada de Benestar Social, Mercedes Berenguer, l&#8217;alcalde de l\u00b4Eliana, Salvador Torrent, el vicerector de Projecci\u00f3 Territorial i Societat de la UV, Jorge Hermosilla, i el coordinador de les jornades, Vicente Cerver\u00f3n. En la jornada del dimecres, el teixit empresarial de la zona ha pogut participar en aquesta trobada formativa sobre tecnologia i innovaci\u00f3.<\/p>\n<p>La diputada ha destacat que aquesta iniciativa, oberta al p\u00fablic en general, t\u00e9 com a objectiu \u201cfomentar la pres\u00e8ncia i implicaci\u00f3 de la Universitat en les comarques, amb l&#8217;ajuda de la Diputaci\u00f3 de Val\u00e8ncia\u201d. En definitiva, la idea \u00e9s \u201ctransferir formaci\u00f3, recerca i coneixement m\u00e9s enll\u00e0 de les aules universit\u00e0ries\u201d, ha afegit.<\/p>\n<p>La corporaci\u00f3 provincial, a trav\u00e9s de l&#8217;\u00e0rea d&#8217;Educaci\u00f3 que dirigeix Berenguer, ha duplicat enguany aquestes jornades universit\u00e0ries en col\u00b7laboraci\u00f3 amb la UV, despr\u00e9s de l&#8217;acceptaci\u00f3 del primer lliurament d&#8217;aquest programa de transfer\u00e8ncia de coneixement a les comarques. A les seus de Gandia, Ontinyent, Enguera, Alzira, Adem\u00faz, Sagunt i Bu\u00f1ol s&#8217;han incorporat enguany les jornades a Alaqu\u00e0s, Aras de los Olmos, Ll\u00edria, X\u00e0tiva i la celebrada aquests dies a l&#8217;Eliana sobre smart cities.<\/p>\n","protected":false},"excerpt":{"rendered":"<div class=\"mh-excerpt\">Les jornades, promogudes per la corporaci\u00f3 provincial i la Universitat de Val\u00e8ncia, analitzen l&#8217;estat actual de la tecnologia i el desenvolupament de les ciutats intel\u00b7ligents\u00a0 La diputada de Benestar Social, Mercedes Berenguer, destaca que aquesta <a class=\"mh-excerpt-more\" href=\"https:\/\/www.tucomarca.com\/wordpress\/segunda\/ca\/leliana-organitza-la-seua-primera-universitat-de-tardor-amb-ajuda-de-la-diputacio\/\" title=\"L\u2019Eliana organitza la seua primera universitat de tardor amb ajuda de la Diputaci\u00f3\">[+] <\/a><\/div>\n","protected":false},"author":2,"featured_media":76568,"comment_status":"open","ping_status":"open","sticky":false,"template":"","format":"standard","meta":{"footnotes":""},"categories":[10892,10898,10893,11007,10896],"tags":[10535,11285,11286,11287],"class_list":{"0":"post-76570","1":"post","2":"type-post","3":"status-publish","4":"format-standard","5":"has-post-thumbnail","7":"category-camp-de-turia-ca","8":"category-ventana-ca","9":"category-leliana-ca","10":"category-ocio-y-cultura-ca","11":"category-seccion-ca","12":"tag-ajuntament-de-leliana","13":"tag-comarca-camp-de-turia-ca","14":"tag-universidad-de-otono-ca","15":"tag-univesitat-de-valencia-ca"},"_links":{"self":[{"href":"https:\/\/www.tucomarca.com\/wordpress\/segunda\/ca\/wp-json\/wp\/v2\/posts\/76570","targetHints":{"allow":["GET"]}}],"collection":[{"href":"https:\/\/www.tucomarca.com\/wordpress\/segunda\/ca\/wp-json\/wp\/v2\/posts"}],"about":[{"href":"https:\/\/www.tucomarca.com\/wordpress\/segunda\/ca\/wp-json\/wp\/v2\/types\/post"}],"author":[{"embeddable":true,"href":"https:\/\/www.tucomarca.com\/wordpress\/segunda\/ca\/wp-json\/wp\/v2\/users\/2"}],"replies":[{"embeddable":true,"href":"https:\/\/www.tucomarca.com\/wordpress\/segunda\/ca\/wp-json\/wp\/v2\/comments?post=76570"}],"version-history":[{"count":0,"href":"https:\/\/www.tucomarca.com\/wordpress\/segunda\/ca\/wp-json\/wp\/v2\/posts\/76570\/revisions"}],"wp:featuredmedia":[{"embeddable":true,"href":"https:\/\/www.tucomarca.com\/wordpress\/segunda\/ca\/wp-json\/wp\/v2\/media\/76568"}],"wp:attachment":[{"href":"https:\/\/www.tucomarca.com\/wordpress\/segunda\/ca\/wp-json\/wp\/v2\/media?parent=76570"}],"wp:term":[{"taxonomy":"category","embeddable":true,"href":"https:\/\/www.tucomarca.com\/wordpress\/segunda\/ca\/wp-json\/wp\/v2\/categories?post=76570"},{"taxonomy":"post_tag","embeddable":true,"href":"https:\/\/www.tucomarca.com\/wordpress\/segunda\/ca\/wp-json\/wp\/v2\/tags?post=76570"}],"curies":[{"name":"wp","href":"https:\/\/api.w.org\/{rel}","templated":true}]}}