{"id":76591,"date":"2018-10-28T21:01:13","date_gmt":"2018-10-28T19:01:13","guid":{"rendered":"http:\/\/www.tucomarca.com\/wordpress\/segunda\/?p=76591"},"modified":"2018-10-28T21:01:13","modified_gmt":"2018-10-28T19:01:13","slug":"lajuntament-de-vilamarxant-i-la-societat-valenciana-dornitologia-programen-activitats-ambientals-al-parc-del-turia","status":"publish","type":"post","link":"https:\/\/www.tucomarca.com\/wordpress\/segunda\/ca\/lajuntament-de-vilamarxant-i-la-societat-valenciana-dornitologia-programen-activitats-ambientals-al-parc-del-turia\/","title":{"rendered":"L&#8217;Ajuntament de Vilamarxant i la Societat Valenciana d\u2019Ornitologia programen activitats ambientals al Parc del T\u00faria"},"content":{"rendered":"<figure id=\"attachment_76586\" aria-describedby=\"caption-attachment-76586\" style=\"width: 356px\" class=\"wp-caption alignleft\"><img loading=\"lazy\" decoding=\"async\" class=\" wp-image-76586\" src=\"http:\/\/www.tucomarca.com\/wordpress\/segunda\/wp-content\/uploads\/2018\/10\/VILAMARXANT.jpg\" alt=\"El s\u00e1bado comienzan las actividades con una excursi\u00f3n al Paraje Natural de Les Rodanes.\" width=\"356\" height=\"237\" srcset=\"https:\/\/www.tucomarca.com\/wordpress\/segunda\/wp-content\/uploads\/2018\/10\/VILAMARXANT.jpg 709w, https:\/\/www.tucomarca.com\/wordpress\/segunda\/wp-content\/uploads\/2018\/10\/VILAMARXANT-300x200.jpg 300w\" sizes=\"auto, (max-width: 356px) 100vw, 356px\" \/><figcaption id=\"caption-attachment-76586\" class=\"wp-caption-text\">El dissabte comencen les activitats amb una excursi\u00f3 al Paratge Natural de Les Rodanes<\/figcaption><\/figure>\n<p><b>El dissabte comencen les activitats amb una excursi\u00f3 al Paratge Natural de Les Rodanes<\/b><\/p>\n<p>L&#8217;Ajuntament de Vilamarxant i la Societat Valenciana d\u2019Ornitologia han programat tres activitats ambientals al Parc Natural del T\u00faria perqu\u00e8 els ciutadans coneguen en profunditat el medi que envolta al municipi.<\/p>\n<p>El projecte comen\u00e7ar\u00e0 dissabte que ve amb una excursi\u00f3 pel paratge de Les Rodanes, un encau forestal de gran valor ecol\u00f2gic pertanyent al Parc Natural del T\u00faria.<\/p>\n<p>La ruta, que comen\u00e7ar\u00e0 a les 9 hores, recorrer\u00e0 punts representatius com la Bassa Barreta, l\u2019Arboretum, la senda adaptada i el mirador de Els Cavallons. Els organitzadors mostraran caracter\u00edstiques i curiositats de les plantes i els animals.<\/p>\n<p>El recorregut, que ser\u00e0 circular i tindr\u00e0 una durada de tres hores, partir\u00e0 des de l&#8217;alberg de Les Rodanes. Els interessats a acudir a l&#8217;activitat, en el cas de no poder aparcar en l&#8217;alberg, podran deixar els seus vehicles a la urbanitzaci\u00f3 Monte Horquera.<\/p>\n<p>Les pr\u00f2ximes activitats previstes seran el taller de construcci\u00f3 de caixes niu d\u2019aus insect\u00edvors del pr\u00f2xim 17 de novembre i l&#8217;anellament d\u2019aus i la col\u00b7locaci\u00f3 de les caixes niu del 15 de desembre.<\/p>\n<p>Con\u00e9ixer el valor cultural i natural, promoure el Parc Natural del T\u00faria com a espai verd del municipi, ensenyar als ve\u00efns el patrimoni natural i biodiversitat, fomentar l&#8217;amor al medi ambient, potenciar l&#8217;alberg de la Bassa Barreta o donar a con\u00e9ixer el paratge de Les Rodanes, entre altres, s\u00f3n algunes de les metes d&#8217;aquest projecte.docents. Com no pot ser d&#8217;una altra forma, hem de garantir la seguretat de tots els alumnes i treballadors dels centres escolars a la vista de les adverses condicions meteorol\u00f2giques que s&#8217;ave\u00efnen\u201d, va indicar l&#8217;edil.<\/p>\n","protected":false},"excerpt":{"rendered":"<div class=\"mh-excerpt\">El dissabte comencen les activitats amb una excursi\u00f3 al Paratge Natural de Les Rodanes L&#8217;Ajuntament de Vilamarxant i la Societat Valenciana d\u2019Ornitologia han programat tres activitats ambientals al Parc Natural del T\u00faria perqu\u00e8 els ciutadans <a class=\"mh-excerpt-more\" href=\"https:\/\/www.tucomarca.com\/wordpress\/segunda\/ca\/lajuntament-de-vilamarxant-i-la-societat-valenciana-dornitologia-programen-activitats-ambientals-al-parc-del-turia\/\" title=\"L&#8217;Ajuntament de Vilamarxant i la Societat Valenciana d\u2019Ornitologia programen activitats ambientals al Parc del T\u00faria\">[+] <\/a><\/div>\n","protected":false},"author":2,"featured_media":0,"comment_status":"open","ping_status":"open","sticky":false,"template":"","format":"standard","meta":{"footnotes":""},"categories":[10892,10894,10903,10896,10927],"tags":[10943,11285],"class_list":{"0":"post-76591","1":"post","2":"type-post","3":"status-publish","4":"format-standard","6":"category-camp-de-turia-ca","7":"category-la-comarca-ca","8":"category-medio-ambiente-la-comarca-ca","9":"category-seccion-ca","10":"category-vilamarxant-ca","11":"tag-ajuntament-de-vilamarxant-ca","12":"tag-comarca-camp-de-turia-ca"},"_links":{"self":[{"href":"https:\/\/www.tucomarca.com\/wordpress\/segunda\/ca\/wp-json\/wp\/v2\/posts\/76591","targetHints":{"allow":["GET"]}}],"collection":[{"href":"https:\/\/www.tucomarca.com\/wordpress\/segunda\/ca\/wp-json\/wp\/v2\/posts"}],"about":[{"href":"https:\/\/www.tucomarca.com\/wordpress\/segunda\/ca\/wp-json\/wp\/v2\/types\/post"}],"author":[{"embeddable":true,"href":"https:\/\/www.tucomarca.com\/wordpress\/segunda\/ca\/wp-json\/wp\/v2\/users\/2"}],"replies":[{"embeddable":true,"href":"https:\/\/www.tucomarca.com\/wordpress\/segunda\/ca\/wp-json\/wp\/v2\/comments?post=76591"}],"version-history":[{"count":0,"href":"https:\/\/www.tucomarca.com\/wordpress\/segunda\/ca\/wp-json\/wp\/v2\/posts\/76591\/revisions"}],"wp:attachment":[{"href":"https:\/\/www.tucomarca.com\/wordpress\/segunda\/ca\/wp-json\/wp\/v2\/media?parent=76591"}],"wp:term":[{"taxonomy":"category","embeddable":true,"href":"https:\/\/www.tucomarca.com\/wordpress\/segunda\/ca\/wp-json\/wp\/v2\/categories?post=76591"},{"taxonomy":"post_tag","embeddable":true,"href":"https:\/\/www.tucomarca.com\/wordpress\/segunda\/ca\/wp-json\/wp\/v2\/tags?post=76591"}],"curies":[{"name":"wp","href":"https:\/\/api.w.org\/{rel}","templated":true}]}}