{"id":76594,"date":"2018-10-26T13:27:42","date_gmt":"2018-10-26T11:27:42","guid":{"rendered":"http:\/\/www.tucomarca.com\/wordpress\/segunda\/?p=76594"},"modified":"2018-10-26T13:32:04","modified_gmt":"2018-10-26T11:32:04","slug":"el-cd-turis-se-desplaza-a-paterna-y-cd-cheste-y-ud-yatova-reciben-al-alaquas-y-al-xirivella","status":"publish","type":"post","link":"https:\/\/www.tucomarca.com\/wordpress\/segunda\/ca\/el-cd-turis-se-desplaza-a-paterna-y-cd-cheste-y-ud-yatova-reciben-al-alaquas-y-al-xirivella\/","title":{"rendered":"El CD Tur\u00eds es despla\u00e7a a Paterna; i CD Xest i UD I\u00e0tova reben a Alaqu\u00e0s i al Xirivella"},"content":{"rendered":"<p>Despr\u00e9s de l&#8217;aturada de la setmana passada a causa del mal temps, el Club Esportiu Tur\u00eds haur\u00e0 de despla\u00e7ar-se a Paterna per enfrontar-se amb el Racing, equips que es troben en el lloc 12 i 7, respectivament, separats per nom\u00e9s quatre punts, de manera que els de Miguel Guzm\u00e1n hauran d&#8217;anar a per totes per doblegar els locals, els qui s\u00f3n en teoria menys golejadors que els turisanos. Si els vermells pressionen, tenen relativament f\u00e0cil endur-se els tres punts, el que potencialment els ficaria molt amunt en funci\u00f3 del que facin els de dalt.<\/p>\n<p>El CD Xest se les haur\u00e0 a casa contra el Alaqu\u00e0s Walter, tercer davant des\u00e8, separats per 4 punts, de manera que els blaus han d&#8217;anar a per totes per sumar els 3 punts i demostrar que est\u00e0 a dalt per alguna cosa i que ho vol seguir estant per m\u00e8rits propis. Ull i compte amb Alejandro Garce, tercer m\u00e0xim artiller del grup amb tres trets entre les malles.<\/p>\n<p>Finalment la UD I\u00e0tova jugar\u00e0 a casa per enfrontar-se al Xirivella, quart enfront de cinqu\u00e8. Sumen els mateixos punts, 9 amb tres vict\u00f2ries i dues derrotes, aix\u00f2 s\u00ed, millors n\u00fameros als quals agafar-se per pensar en la vict\u00f2ria, mateixos gols encaixats (cinc) per\u00f2 cinc gols m\u00e9s han anotat els de Tom\u00e1s Abril, per la qual cosa sumat que est\u00e0 per davant i que juguen al Municipal de Y\u00e1tova, els tres punts s&#8217;han de quedar a casa. Informa, Ra\u00fal Miralles Lacalle @raulmks<\/p>\n","protected":false},"excerpt":{"rendered":"<div class=\"mh-excerpt\">Despr\u00e9s de l&#8217;aturada de la setmana passada a causa del mal temps, el Club Esportiu Tur\u00eds haur\u00e0 de despla\u00e7ar-se a Paterna per enfrontar-se amb el Racing, equips que es troben en el lloc 12 i <a class=\"mh-excerpt-more\" href=\"https:\/\/www.tucomarca.com\/wordpress\/segunda\/ca\/el-cd-turis-se-desplaza-a-paterna-y-cd-cheste-y-ud-yatova-reciben-al-alaquas-y-al-xirivella\/\" title=\"El CD Tur\u00eds es despla\u00e7a a Paterna; i CD Xest i UD I\u00e0tova reben a Alaqu\u00e0s i al Xirivella\">[+] <\/a><\/div>\n","protected":false},"author":1,"featured_media":75923,"comment_status":"open","ping_status":"open","sticky":false,"template":"","format":"standard","meta":{"footnotes":""},"categories":[11015,11003,10898,10980,10912,10902,10896,11047,10974],"tags":[11075],"class_list":{"0":"post-76594","1":"post","2":"type-post","3":"status-publish","4":"format-standard","5":"has-post-thumbnail","7":"category-canal-futbol","8":"category-sports","9":"category-ventana-ca","10":"category-yatova-ca","11":"category-la-hoya-ca","12":"category-la-ribera-ca","13":"category-seccion-ca","14":"category-turis-ca","15":"category-cheste-ca","16":"tag-futbol-ca"},"_links":{"self":[{"href":"https:\/\/www.tucomarca.com\/wordpress\/segunda\/ca\/wp-json\/wp\/v2\/posts\/76594","targetHints":{"allow":["GET"]}}],"collection":[{"href":"https:\/\/www.tucomarca.com\/wordpress\/segunda\/ca\/wp-json\/wp\/v2\/posts"}],"about":[{"href":"https:\/\/www.tucomarca.com\/wordpress\/segunda\/ca\/wp-json\/wp\/v2\/types\/post"}],"author":[{"embeddable":true,"href":"https:\/\/www.tucomarca.com\/wordpress\/segunda\/ca\/wp-json\/wp\/v2\/users\/1"}],"replies":[{"embeddable":true,"href":"https:\/\/www.tucomarca.com\/wordpress\/segunda\/ca\/wp-json\/wp\/v2\/comments?post=76594"}],"version-history":[{"count":0,"href":"https:\/\/www.tucomarca.com\/wordpress\/segunda\/ca\/wp-json\/wp\/v2\/posts\/76594\/revisions"}],"wp:featuredmedia":[{"embeddable":true,"href":"https:\/\/www.tucomarca.com\/wordpress\/segunda\/ca\/wp-json\/wp\/v2\/media\/75923"}],"wp:attachment":[{"href":"https:\/\/www.tucomarca.com\/wordpress\/segunda\/ca\/wp-json\/wp\/v2\/media?parent=76594"}],"wp:term":[{"taxonomy":"category","embeddable":true,"href":"https:\/\/www.tucomarca.com\/wordpress\/segunda\/ca\/wp-json\/wp\/v2\/categories?post=76594"},{"taxonomy":"post_tag","embeddable":true,"href":"https:\/\/www.tucomarca.com\/wordpress\/segunda\/ca\/wp-json\/wp\/v2\/tags?post=76594"}],"curies":[{"name":"wp","href":"https:\/\/api.w.org\/{rel}","templated":true}]}}