{"id":76603,"date":"2018-10-26T14:38:47","date_gmt":"2018-10-26T12:38:47","guid":{"rendered":"http:\/\/www.tucomarca.com\/wordpress\/segunda\/?p=76603"},"modified":"2018-10-26T14:38:47","modified_gmt":"2018-10-26T12:38:47","slug":"el-cd-bunyol-rep-aquest-cap-de-setmana-al-beltran-baguena-al-cd-utiel","status":"publish","type":"post","link":"https:\/\/www.tucomarca.com\/wordpress\/segunda\/ca\/el-cd-bunyol-rep-aquest-cap-de-setmana-al-beltran-baguena-al-cd-utiel\/","title":{"rendered":"El CD Bunyol rep aquest cap de setmana al Beltr\u00e1n B\u00e1guena al CD Utiel"},"content":{"rendered":"<p>Despr\u00e9s d&#8217;un cap de setmana que com ja vam avan\u00e7ar en l&#8217;edici\u00f3 digital va haver de ser susp\u00e8s per prud\u00e8ncia i el perill potencial de gota freda a la prov\u00edncia de Val\u00e8ncia, torna aquest cap de setmana el futbol a l&#8217;Beltr\u00e1n B\u00e1guena.<\/p>\n<p>Els d&#8217;\u00c1lvaro Ort\u00ed s&#8217;enfronten al Utiel amb l&#8217;\u00fanic i exclusiu objectiu de guanyar i sumar els 3 punts que els permeti escalar posicions i mantenir-se en aquesta lluita pel poder a la zona alta de la taula. No obstant aix\u00f2, cal anar amb compte amb l&#8217;Utiel ja que dos dels seus jugadors s\u00f3n al TOP 3 de m\u00e0xims realitzadors: Alejandro Abarca \u00e9s l\u00edder amb 5 gols, i Alejandro Sales segon amb 4, els segueixen els bu\u00f1olenses Ignacio Lozano i David S\u00e1ez amb 3 gols cadascun. Informa, Ra\u00fal Miralles Lacalle @raulmks<\/p>\n","protected":false},"excerpt":{"rendered":"<div class=\"mh-excerpt\">Despr\u00e9s d&#8217;un cap de setmana que com ja vam avan\u00e7ar en l&#8217;edici\u00f3 digital va haver de ser susp\u00e8s per prud\u00e8ncia i el perill potencial de gota freda a la prov\u00edncia de Val\u00e8ncia, torna aquest cap <a class=\"mh-excerpt-more\" href=\"https:\/\/www.tucomarca.com\/wordpress\/segunda\/ca\/el-cd-bunyol-rep-aquest-cap-de-setmana-al-beltran-baguena-al-cd-utiel\/\" title=\"El CD Bunyol rep aquest cap de setmana al Beltr\u00e1n B\u00e1guena al CD Utiel\">[+] <\/a><\/div>\n","protected":false},"author":1,"featured_media":75301,"comment_status":"open","ping_status":"open","sticky":false,"template":"","format":"standard","meta":{"footnotes":""},"categories":[10911,11015,11003,10898,10912,10909,10896,11059],"tags":[11075],"class_list":{"0":"post-76603","1":"post","2":"type-post","3":"status-publish","4":"format-standard","5":"has-post-thumbnail","7":"category-bunol-ca","8":"category-canal-futbol","9":"category-sports","10":"category-ventana-ca","11":"category-la-hoya-ca","12":"category-requena-utiel-ca","13":"category-seccion-ca","14":"category-utiel-ca","15":"tag-futbol-ca"},"_links":{"self":[{"href":"https:\/\/www.tucomarca.com\/wordpress\/segunda\/ca\/wp-json\/wp\/v2\/posts\/76603","targetHints":{"allow":["GET"]}}],"collection":[{"href":"https:\/\/www.tucomarca.com\/wordpress\/segunda\/ca\/wp-json\/wp\/v2\/posts"}],"about":[{"href":"https:\/\/www.tucomarca.com\/wordpress\/segunda\/ca\/wp-json\/wp\/v2\/types\/post"}],"author":[{"embeddable":true,"href":"https:\/\/www.tucomarca.com\/wordpress\/segunda\/ca\/wp-json\/wp\/v2\/users\/1"}],"replies":[{"embeddable":true,"href":"https:\/\/www.tucomarca.com\/wordpress\/segunda\/ca\/wp-json\/wp\/v2\/comments?post=76603"}],"version-history":[{"count":0,"href":"https:\/\/www.tucomarca.com\/wordpress\/segunda\/ca\/wp-json\/wp\/v2\/posts\/76603\/revisions"}],"wp:featuredmedia":[{"embeddable":true,"href":"https:\/\/www.tucomarca.com\/wordpress\/segunda\/ca\/wp-json\/wp\/v2\/media\/75301"}],"wp:attachment":[{"href":"https:\/\/www.tucomarca.com\/wordpress\/segunda\/ca\/wp-json\/wp\/v2\/media?parent=76603"}],"wp:term":[{"taxonomy":"category","embeddable":true,"href":"https:\/\/www.tucomarca.com\/wordpress\/segunda\/ca\/wp-json\/wp\/v2\/categories?post=76603"},{"taxonomy":"post_tag","embeddable":true,"href":"https:\/\/www.tucomarca.com\/wordpress\/segunda\/ca\/wp-json\/wp\/v2\/tags?post=76603"}],"curies":[{"name":"wp","href":"https:\/\/api.w.org\/{rel}","templated":true}]}}