{"id":76609,"date":"2018-10-27T01:44:20","date_gmt":"2018-10-26T23:44:20","guid":{"rendered":"http:\/\/www.tucomarca.com\/wordpress\/segunda\/?p=76609"},"modified":"2018-10-27T01:48:32","modified_gmt":"2018-10-26T23:48:32","slug":"bunol-acoge-este-fin-de-semana-el-campeonato-autonomico-de-frontenis-femenino-y-su-iv-trail","status":"publish","type":"post","link":"https:\/\/www.tucomarca.com\/wordpress\/segunda\/ca\/bunol-acoge-este-fin-de-semana-el-campeonato-autonomico-de-frontenis-femenino-y-su-iv-trail\/","title":{"rendered":"Bunyol acull aquest cap de setmana el Campionat Auton\u00f2mic de Frontenis Femen\u00ed i el seu IV Trail"},"content":{"rendered":"<div dir=\"auto\">\n<p>El Frontenis Femen\u00ed cada vegada porta a un major nombre d&#8217;aficionades de mica en mica, i aquest dissabte el Campionat Auton\u00f2mic Frontenis Femen\u00ed (caff) de Segona Divisi\u00f3 es desenvolupar\u00e0 en els dos frontons del parc del Planell de Bunyol. L&#8217;esdeveniment est\u00e0 organitzat per la mateixa Federaci\u00f3 i amb la coordinaci\u00f3 del propi Club Esportiu Frontennis Bunyol i en el qual la regidoria d&#8217;Esports de l&#8217;Ajuntament de Bu\u00f1ol, liderada per Marta P\u00e9rez i el seu equip, s&#8217;ha bolcat en tots els sentits per al seu correcte desenvolupament i m\u00e0xima explotaci\u00f3.<\/p>\n<p>Ser\u00e0 la primera vegada que Bunyol sigui seu d&#8217;aquest campionat, on totes les jugadores del la Comunitat visitaran la localitat. Per\u00f2 no l&#8217;\u00fanica, ja que es t\u00e9 previst que al llarg d&#8217;aquesta temporada la localitat torni a ser seu auton\u00f2mica d&#8217;aquest Campionat, el que demostra la implicaci\u00f3 de tot un municipi i de l&#8217;Ajuntament per aquest esport; i que la Federaci\u00f3 de Frontenis reconeix \u00e0mpliament.<\/p>\n<p><strong>IV Trail Bunyol<\/strong><\/p>\n<p>A aquest esdeveniment se li uneix l&#8217;\u00faltim esdeveniment running del calendari de 2018 a Bu\u00f1ol. Diumenge es celebra el IV Trail amb dos espectaculars curses: La 27k i la 14k. A m\u00e9s, en aquesta edici\u00f3, com a novetat, hi haur\u00e0 una Caminada de 10k, que tot i no ser competitiva, passar\u00e0 pels paratges naturals que compta el terme municipal.<\/p>\n<p>Marta P\u00e9rez, la regidora d&#8217;Esports bu\u00f1olense, s&#8217;ha mostrat &#8220;molt orgullosa per l&#8217;\u00e8xit que any rere any \u00e9s aquesta competici\u00f3: s&#8217;han batut tots els r\u00e8cords de participants perqu\u00e8 a dia d&#8217;avui ja hem arribat als m\u00e9s de 500 inscrits, la qual cosa suposa un augment de m\u00e9s del 30%, i procedents de nombrosos llocs de tota l&#8217;autonomia Valenciana &#8220;.<\/p>\n<p>Aquest espectacular esdeveniment est\u00e0 organitzat pel C.A. Correores Bunyol i compta amb la col\u00b7laboraci\u00f3 de la Regidoria de Bunyol. L&#8217;excel\u00b7lent treball d&#8217;aquest club es deixa notar en cadascuna de les competicions que organitzen donat el seu \u00e8xit en el gruso de les idees que duen a terme.<\/p>\n<p><strong>Conveni colombicultura i columbof\u00edlia<\/strong><\/p>\n<p>En el mateix ordre de coses, l&#8217;Ajuntament de Bunyol i els clubs esportius de Colombicultura i Columbof\u00edlia de la localitat han firmadoun acord de col\u00b7laboraci\u00f3 entre totes les parts que regula aspectes tan importants en aquesta nombrosa afici\u00f3 com els torns de vol, horaris o per\u00edodes.<\/p>\n<p>Un acord que es va signar ja el 2006 i que precisava de la seva renovaci\u00f3. L&#8217;Ajuntament, amb Jonquera Carrascosa com a alcaldessa, i la Regidoria d&#8217;Esports, a trav\u00e9s del seu regidor, Marta P\u00e9rez, han estat part\u00edcips de les reunions que s&#8217;han dut a terme per a la signatura d&#8217;aquest acord. Informa, Ra\u00fal Miralles Lacalle @raulmks<\/p>\n<\/div>\n","protected":false},"excerpt":{"rendered":"<div class=\"mh-excerpt\">El Frontenis Femen\u00ed cada vegada porta a un major nombre d&#8217;aficionades de mica en mica, i aquest dissabte el Campionat Auton\u00f2mic Frontenis Femen\u00ed (caff) de Segona Divisi\u00f3 es desenvolupar\u00e0 en els dos frontons del parc <a class=\"mh-excerpt-more\" href=\"https:\/\/www.tucomarca.com\/wordpress\/segunda\/ca\/bunol-acoge-este-fin-de-semana-el-campeonato-autonomico-de-frontenis-femenino-y-su-iv-trail\/\" title=\"Bunyol acull aquest cap de setmana el Campionat Auton\u00f2mic de Frontenis Femen\u00ed i el seu IV Trail\">[+] <\/a><\/div>\n","protected":false},"author":1,"featured_media":76610,"comment_status":"open","ping_status":"open","sticky":false,"template":"","format":"standard","meta":{"footnotes":""},"categories":[11018,10911,11003,10898,10904,10912,11009,10896],"tags":[11074],"class_list":{"0":"post-76609","1":"post","2":"type-post","3":"status-publish","4":"format-standard","5":"has-post-thumbnail","7":"category-atletisme","8":"category-bunol-ca","9":"category-sports","10":"category-ventana-ca","11":"category-sin-categorizar-ca","12":"category-la-hoya-ca","13":"category-polideportivo-ca","14":"category-seccion-ca","15":"tag-deportes-ca"},"_links":{"self":[{"href":"https:\/\/www.tucomarca.com\/wordpress\/segunda\/ca\/wp-json\/wp\/v2\/posts\/76609","targetHints":{"allow":["GET"]}}],"collection":[{"href":"https:\/\/www.tucomarca.com\/wordpress\/segunda\/ca\/wp-json\/wp\/v2\/posts"}],"about":[{"href":"https:\/\/www.tucomarca.com\/wordpress\/segunda\/ca\/wp-json\/wp\/v2\/types\/post"}],"author":[{"embeddable":true,"href":"https:\/\/www.tucomarca.com\/wordpress\/segunda\/ca\/wp-json\/wp\/v2\/users\/1"}],"replies":[{"embeddable":true,"href":"https:\/\/www.tucomarca.com\/wordpress\/segunda\/ca\/wp-json\/wp\/v2\/comments?post=76609"}],"version-history":[{"count":0,"href":"https:\/\/www.tucomarca.com\/wordpress\/segunda\/ca\/wp-json\/wp\/v2\/posts\/76609\/revisions"}],"wp:featuredmedia":[{"embeddable":true,"href":"https:\/\/www.tucomarca.com\/wordpress\/segunda\/ca\/wp-json\/wp\/v2\/media\/76610"}],"wp:attachment":[{"href":"https:\/\/www.tucomarca.com\/wordpress\/segunda\/ca\/wp-json\/wp\/v2\/media?parent=76609"}],"wp:term":[{"taxonomy":"category","embeddable":true,"href":"https:\/\/www.tucomarca.com\/wordpress\/segunda\/ca\/wp-json\/wp\/v2\/categories?post=76609"},{"taxonomy":"post_tag","embeddable":true,"href":"https:\/\/www.tucomarca.com\/wordpress\/segunda\/ca\/wp-json\/wp\/v2\/tags?post=76609"}],"curies":[{"name":"wp","href":"https:\/\/api.w.org\/{rel}","templated":true}]}}