{"id":76629,"date":"2018-10-28T23:07:25","date_gmt":"2018-10-28T21:07:25","guid":{"rendered":"http:\/\/www.tucomarca.com\/wordpress\/segunda\/?p=76629"},"modified":"2018-10-28T23:07:25","modified_gmt":"2018-10-28T21:07:25","slug":"nova-botiga-de-musica-a-bunyol-que-repara-instruments-i-desenvolupa-activitats-didactiques","status":"publish","type":"post","link":"https:\/\/www.tucomarca.com\/wordpress\/segunda\/ca\/nova-botiga-de-musica-a-bunyol-que-repara-instruments-i-desenvolupa-activitats-didactiques\/","title":{"rendered":"Nova botiga de m\u00fasica a Bunyol que repara instruments i desenvolupa activitats did\u00e0ctiques"},"content":{"rendered":"<figure id=\"attachment_76620\" aria-describedby=\"caption-attachment-76620\" style=\"width: 338px\" class=\"wp-caption alignleft\"><img loading=\"lazy\" decoding=\"async\" class=\" wp-image-76620\" src=\"http:\/\/www.tucomarca.com\/wordpress\/segunda\/wp-content\/uploads\/2018\/10\/IMG_8225.jpeg\" alt=\"Interior de la tienda de m\u00fasica Schagerl Music Store Bu\u00f1ol.\" width=\"338\" height=\"254\" srcset=\"https:\/\/www.tucomarca.com\/wordpress\/segunda\/wp-content\/uploads\/2018\/10\/IMG_8225.jpeg 1280w, https:\/\/www.tucomarca.com\/wordpress\/segunda\/wp-content\/uploads\/2018\/10\/IMG_8225-300x225.jpeg 300w, https:\/\/www.tucomarca.com\/wordpress\/segunda\/wp-content\/uploads\/2018\/10\/IMG_8225-768x576.jpeg 768w, https:\/\/www.tucomarca.com\/wordpress\/segunda\/wp-content\/uploads\/2018\/10\/IMG_8225-1024x768.jpeg 1024w\" sizes=\"auto, (max-width: 338px) 100vw, 338px\" \/><figcaption id=\"caption-attachment-76620\" class=\"wp-caption-text\">Interior de la botiga de m\u00fasica Schagerl Music Store Bunyol.<\/figcaption><\/figure>\n<p><strong>Schagerl Music Store Bunyol \u00e9s distribu\u00efdora oficial i en exclusiva a Espanya d&#8217;instruments de la marca que, a m\u00e9s s\u00f3n distribu\u00efts en les millors botigues del pa\u00eds. La botiga compta amb servei de reparaci\u00f3 d&#8217;instruments de vent-metall, vent-fusta i lutheria d&#8217;instruments de corda<\/strong><\/p>\n<p>SCHAGERL es el nombre de la marca austriaca de instrumentos musicales artesanales, que son tocados en las mejores bandas y orquestas de todo el mundo, desde la Orquesta del Palau de les Arts de Valencia a la Filarm\u00f3nica de Berl\u00edn. Bu\u00f1ol acaba de inaugurar una tienda llamada Schagerl Music Store Bu\u00f1ol<\/p>\n<p>Aquesta botiga \u00e9s distribu\u00efdora oficial i en exclusiva a Espanya d&#8217;instruments de la marca que, a m\u00e9s, s\u00f3n distribu\u00efts en les millors botigues del pa\u00eds. La botiga t\u00e9 dues vessants comercials diferenciades. D&#8217;una banda \u00e9s la refer\u00e8ncia a nivell nacional de la marca i, d&#8217;altra banda, \u00e9s botiga de m\u00fasica amb molt\u00edssimes altres marques de totes les fam\u00edlies d&#8217;instruments i accessoris.<\/p>\n<p><img loading=\"lazy\" decoding=\"async\" class=\"wp-image-76623 alignleft\" src=\"http:\/\/www.tucomarca.com\/wordpress\/segunda\/wp-content\/uploads\/2018\/10\/IMG_8222.jpeg\" alt=\"\" width=\"348\" height=\"261\" srcset=\"https:\/\/www.tucomarca.com\/wordpress\/segunda\/wp-content\/uploads\/2018\/10\/IMG_8222.jpeg 1280w, https:\/\/www.tucomarca.com\/wordpress\/segunda\/wp-content\/uploads\/2018\/10\/IMG_8222-300x225.jpeg 300w, https:\/\/www.tucomarca.com\/wordpress\/segunda\/wp-content\/uploads\/2018\/10\/IMG_8222-768x576.jpeg 768w, https:\/\/www.tucomarca.com\/wordpress\/segunda\/wp-content\/uploads\/2018\/10\/IMG_8222-1024x768.jpeg 1024w\" sizes=\"auto, (max-width: 348px) 100vw, 348px\" \/>Schagerl Music Store Bunyol compta amb servei de reparaci\u00f3 d&#8217;instruments de vent-metall, vent-fusta, aix\u00ed com lutheria d&#8217;instruments de corda. En les seues instal\u00b7lacions, condicionades per a activitats musicals, no nom\u00e9s es duen a terme activitats comercials. A m\u00e9s, es van a desenvolupar activitats i continguts did\u00e0ctics a trav\u00e9s de tallers, Masterclass, confer\u00e8ncies, etc., aprofitant la tracci\u00f3 de la marca SCHAGERL i els seus diferents artistes de refer\u00e8ncia.<\/p>\n<p>Aquesta recentment aporta un complement indispensable dins de la cultura musical de la comarca que, fins al moment, no comptava amb un comer\u00e7 especialitzat en instruments i accessoris, aix\u00ed com amb un assessorament professional.<\/p>\n<p>&nbsp;<\/p>\n<p><img loading=\"lazy\" decoding=\"async\" class=\"wp-image-76625 alignleft\" src=\"http:\/\/www.tucomarca.com\/wordpress\/segunda\/wp-content\/uploads\/2018\/10\/IMG_8233.jpeg\" alt=\"\" width=\"350\" height=\"262\" srcset=\"https:\/\/www.tucomarca.com\/wordpress\/segunda\/wp-content\/uploads\/2018\/10\/IMG_8233.jpeg 1280w, https:\/\/www.tucomarca.com\/wordpress\/segunda\/wp-content\/uploads\/2018\/10\/IMG_8233-300x225.jpeg 300w, https:\/\/www.tucomarca.com\/wordpress\/segunda\/wp-content\/uploads\/2018\/10\/IMG_8233-768x576.jpeg 768w, https:\/\/www.tucomarca.com\/wordpress\/segunda\/wp-content\/uploads\/2018\/10\/IMG_8233-1024x768.jpeg 1024w\" sizes=\"auto, (max-width: 350px) 100vw, 350px\" \/><\/p>\n<p>L&#8217;horari d&#8217;obertura \u00e9s de dilluns a divendres de 10 a 13,45h i de 17 a 20h, i\u00a0dissabtes de 10 a 14h.<\/p>\n<p>La ubicaci\u00f3 d&#8217;aquesta botiga \u00e9s Avinguda Blasco Ib\u00e1\u00f1ez, 20 (davant parada d&#8217;autob\u00fas). La gerent de l&#8217;empresa \u00e9s Tania Carrascosa.<\/p>\n","protected":false},"excerpt":{"rendered":"<div class=\"mh-excerpt\">Schagerl Music Store Bunyol \u00e9s distribu\u00efdora oficial i en exclusiva a Espanya d&#8217;instruments de la marca que, a m\u00e9s s\u00f3n distribu\u00efts en les millors botigues del pa\u00eds. La botiga compta amb servei de reparaci\u00f3 d&#8217;instruments <a class=\"mh-excerpt-more\" href=\"https:\/\/www.tucomarca.com\/wordpress\/segunda\/ca\/nova-botiga-de-musica-a-bunyol-que-repara-instruments-i-desenvolupa-activitats-didactiques\/\" title=\"Nova botiga de m\u00fasica a Bunyol que repara instruments i desenvolupa activitats did\u00e0ctiques\">[+] <\/a><\/div>\n","protected":false},"author":2,"featured_media":76621,"comment_status":"open","ping_status":"open","sticky":false,"template":"","format":"standard","meta":{"footnotes":""},"categories":[10911,11005,10912,11007,10896],"tags":[11293,11294],"class_list":{"0":"post-76629","1":"post","2":"type-post","3":"status-publish","4":"format-standard","5":"has-post-thumbnail","7":"category-bunol-ca","8":"category-canal-musica","9":"category-la-hoya-ca","10":"category-ocio-y-cultura-ca","11":"category-seccion-ca","12":"tag-conservatorio-bunol-ca","13":"tag-interior-de-la-tienda-de-musica-schagerl-music-store-bunol-ca"},"_links":{"self":[{"href":"https:\/\/www.tucomarca.com\/wordpress\/segunda\/ca\/wp-json\/wp\/v2\/posts\/76629","targetHints":{"allow":["GET"]}}],"collection":[{"href":"https:\/\/www.tucomarca.com\/wordpress\/segunda\/ca\/wp-json\/wp\/v2\/posts"}],"about":[{"href":"https:\/\/www.tucomarca.com\/wordpress\/segunda\/ca\/wp-json\/wp\/v2\/types\/post"}],"author":[{"embeddable":true,"href":"https:\/\/www.tucomarca.com\/wordpress\/segunda\/ca\/wp-json\/wp\/v2\/users\/2"}],"replies":[{"embeddable":true,"href":"https:\/\/www.tucomarca.com\/wordpress\/segunda\/ca\/wp-json\/wp\/v2\/comments?post=76629"}],"version-history":[{"count":0,"href":"https:\/\/www.tucomarca.com\/wordpress\/segunda\/ca\/wp-json\/wp\/v2\/posts\/76629\/revisions"}],"wp:featuredmedia":[{"embeddable":true,"href":"https:\/\/www.tucomarca.com\/wordpress\/segunda\/ca\/wp-json\/wp\/v2\/media\/76621"}],"wp:attachment":[{"href":"https:\/\/www.tucomarca.com\/wordpress\/segunda\/ca\/wp-json\/wp\/v2\/media?parent=76629"}],"wp:term":[{"taxonomy":"category","embeddable":true,"href":"https:\/\/www.tucomarca.com\/wordpress\/segunda\/ca\/wp-json\/wp\/v2\/categories?post=76629"},{"taxonomy":"post_tag","embeddable":true,"href":"https:\/\/www.tucomarca.com\/wordpress\/segunda\/ca\/wp-json\/wp\/v2\/tags?post=76629"}],"curies":[{"name":"wp","href":"https:\/\/api.w.org\/{rel}","templated":true}]}}