{"id":76646,"date":"2018-10-29T00:00:01","date_gmt":"2018-10-28T22:00:01","guid":{"rendered":"http:\/\/www.tucomarca.com\/wordpress\/segunda\/?p=76646"},"modified":"2018-10-29T00:03:53","modified_gmt":"2018-10-28T22:03:53","slug":"el-partit-entre-el-cd-bunyol-i-el-cd-utiel-acaba-en-taules-0-0-sota-una-intensa-pluja","status":"publish","type":"post","link":"https:\/\/www.tucomarca.com\/wordpress\/segunda\/ca\/el-partit-entre-el-cd-bunyol-i-el-cd-utiel-acaba-en-taules-0-0-sota-una-intensa-pluja\/","title":{"rendered":"El partit entre el CD Bunyol i el CD Utiel acaba en taules (0-0) sota una intensa pluja"},"content":{"rendered":"<div align=\"left\">\n<div dir=\"auto\">Dif\u00edcil dia per jugar un partit en condicions a causa del mal temps. Amb un primera part molt complicada sota la pluja, els visitants van ser millors perqu\u00e8 eren menys portadors de la pilota i cometien menys errors produ\u00efts per l&#8217;estat climatol\u00f2gic i el poc que feien sobre el terreny era m\u00e9s vist\u00f3s que els errors dels altres circumstancials.<\/div>\n<div dir=\"auto\"><\/div>\n<div dir=\"auto\">A la segona meitat s\u00ed van jugar millor els d&#8217;Ort\u00ed, progressivament arribant m\u00e9s i millor, sobretot des del minut 70. Aix\u00ed, en el tram final del partit hi va haver moltes arribades a l&#8217;\u00e0rea acompanyades de trets, per\u00f2 mai amb prou perill.<\/div>\n<div dir=\"auto\"><\/div>\n<\/div>\n<div dir=\"auto\">El t\u00e8cnic del CD Bunyol, \u00c1lvaro Ort\u00ed, ha manifestat a <strong>tucomarca.com<\/strong> que tots dos equips &#8220;ens teniem molt respecte, jugavem a no cometre errors. Sab\u00edem que davant d&#8217;un joc tan igualat, petits detalls i errors d&#8217;uns, decantarien el partit. Mereixem portar m\u00e9s punts i estar m\u00e9s amunt, que \u00e9s el que volem. Hem passat el pitjor segurament, aix\u00ed que s\u00f3c optimista i segur que ve ara el millor &#8220;.<\/div>\n<div align=\"left\">\n<div dir=\"auto\"><\/div>\n<div dir=\"auto\">En definitiva, una trobada molt igualat i a contracorrent pel temporal de pluges. Un punt per a cada equip que posa als blancs setens amb 12 punts a l&#8217;espera de la resta de jornada. Informa, Ra\u00fal Miralles.<\/div>\n<\/div>\n","protected":false},"excerpt":{"rendered":"<div class=\"mh-excerpt\">Dif\u00edcil dia per jugar un partit en condicions a causa del mal temps. Amb un primera part molt complicada sota la pluja, els visitants van ser millors perqu\u00e8 eren menys portadors de la pilota i <a class=\"mh-excerpt-more\" href=\"https:\/\/www.tucomarca.com\/wordpress\/segunda\/ca\/el-partit-entre-el-cd-bunyol-i-el-cd-utiel-acaba-en-taules-0-0-sota-una-intensa-pluja\/\" title=\"El partit entre el CD Bunyol i el CD Utiel acaba en taules (0-0) sota una intensa pluja\">[+] <\/a><\/div>\n","protected":false},"author":1,"featured_media":76636,"comment_status":"open","ping_status":"open","sticky":false,"template":"","format":"standard","meta":{"footnotes":""},"categories":[10911,11015,11003,10898,10912,10909,10896,11059],"tags":[11074],"class_list":{"0":"post-76646","1":"post","2":"type-post","3":"status-publish","4":"format-standard","5":"has-post-thumbnail","7":"category-bunol-ca","8":"category-canal-futbol","9":"category-sports","10":"category-ventana-ca","11":"category-la-hoya-ca","12":"category-requena-utiel-ca","13":"category-seccion-ca","14":"category-utiel-ca","15":"tag-deportes-ca"},"_links":{"self":[{"href":"https:\/\/www.tucomarca.com\/wordpress\/segunda\/ca\/wp-json\/wp\/v2\/posts\/76646","targetHints":{"allow":["GET"]}}],"collection":[{"href":"https:\/\/www.tucomarca.com\/wordpress\/segunda\/ca\/wp-json\/wp\/v2\/posts"}],"about":[{"href":"https:\/\/www.tucomarca.com\/wordpress\/segunda\/ca\/wp-json\/wp\/v2\/types\/post"}],"author":[{"embeddable":true,"href":"https:\/\/www.tucomarca.com\/wordpress\/segunda\/ca\/wp-json\/wp\/v2\/users\/1"}],"replies":[{"embeddable":true,"href":"https:\/\/www.tucomarca.com\/wordpress\/segunda\/ca\/wp-json\/wp\/v2\/comments?post=76646"}],"version-history":[{"count":0,"href":"https:\/\/www.tucomarca.com\/wordpress\/segunda\/ca\/wp-json\/wp\/v2\/posts\/76646\/revisions"}],"wp:featuredmedia":[{"embeddable":true,"href":"https:\/\/www.tucomarca.com\/wordpress\/segunda\/ca\/wp-json\/wp\/v2\/media\/76636"}],"wp:attachment":[{"href":"https:\/\/www.tucomarca.com\/wordpress\/segunda\/ca\/wp-json\/wp\/v2\/media?parent=76646"}],"wp:term":[{"taxonomy":"category","embeddable":true,"href":"https:\/\/www.tucomarca.com\/wordpress\/segunda\/ca\/wp-json\/wp\/v2\/categories?post=76646"},{"taxonomy":"post_tag","embeddable":true,"href":"https:\/\/www.tucomarca.com\/wordpress\/segunda\/ca\/wp-json\/wp\/v2\/tags?post=76646"}],"curies":[{"name":"wp","href":"https:\/\/api.w.org\/{rel}","templated":true}]}}