{"id":76667,"date":"2018-10-28T23:10:38","date_gmt":"2018-10-28T21:10:38","guid":{"rendered":"http:\/\/www.tucomarca.com\/wordpress\/segunda\/?p=76667"},"modified":"2018-10-28T23:10:38","modified_gmt":"2018-10-28T21:10:38","slug":"els-clubs-de-futbol-de-sant-antoni-de-benageber-denuncien-tracte-vexatori-per-part-de-lajuntament","status":"publish","type":"post","link":"https:\/\/www.tucomarca.com\/wordpress\/segunda\/ca\/els-clubs-de-futbol-de-sant-antoni-de-benageber-denuncien-tracte-vexatori-per-part-de-lajuntament\/","title":{"rendered":"Els clubs de futbol de Sant Antoni de Benag\u00e9ber denuncien &#8220;tracte vexatori&#8221; per part de l&#8217;Ajuntament"},"content":{"rendered":"<figure id=\"attachment_76664\" aria-describedby=\"caption-attachment-76664\" style=\"width: 300px\" class=\"wp-caption alignleft\"><img loading=\"lazy\" decoding=\"async\" class=\"size-medium wp-image-76664\" src=\"http:\/\/www.tucomarca.com\/wordpress\/segunda\/wp-content\/uploads\/2018\/10\/ESCUDOS-300x225.jpg\" alt=\"Escudos del San Antonio de Benag\u00e9ber CF y del Rayo de San Antonio de Benag\u00e9ber.\" width=\"300\" height=\"225\" srcset=\"https:\/\/www.tucomarca.com\/wordpress\/segunda\/wp-content\/uploads\/2018\/10\/ESCUDOS-300x225.jpg 300w, https:\/\/www.tucomarca.com\/wordpress\/segunda\/wp-content\/uploads\/2018\/10\/ESCUDOS.jpg 567w\" sizes=\"auto, (max-width: 300px) 100vw, 300px\" \/><figcaption id=\"caption-attachment-76664\" class=\"wp-caption-text\">Escudos del San Antonio de Benag\u00e9ber CF y del Rayo de San Antonio de Benag\u00e9ber.<\/figcaption><\/figure>\n<p>Els clubs de futbol del San Antonio de Benag\u00e9ber CF i del Raig de Sant Antoni de Benag\u00e9ber, a trav\u00e9s d&#8217;un comunicat signat pels seus presidents, Andr\u00e9s Gim\u00e9nez i Manuel Regalado, respectivament, han acusat de &#8220;tracte vexatori&#8221; a l&#8217;Ajuntament de la localitat per l&#8217;\u00fas del camp municipal.<\/p>\n<p>&#8220;L&#8217;\u00fas del camp municipal, objecte de pol\u00e8mica. Els clubs San Antonio de Benag\u00e9ber CF i Rayo SAB denuncien que es prioritza a un club de recent creaci\u00f3, i proper al Govern: ACDSAB. Club de recent creaci\u00f3, sense hist\u00f2ria ni traject\u00f2ria esportiva, enfront dels clubs existents amb anterioritat &#8220;, asseguren els dos clubs.<\/p>\n<p>&#8220;Una associaci\u00f3 que a m\u00e9s actua com a Escola Esportiva Municipal, sense que sapiguem, hi hagi cap tipus de document oficial que acrediti la cessi\u00f3. Utilitzant gratu\u00eftament totes les instal\u00b7lacions esportives municipals i limitant a hores intempestives als nostres clubs pel que fa a franja hor\u00e0ria per a entrenaments i partits .<\/p>\n<p>&#8220;El San Antonio de Benag\u00e9ber CF \u00e9s un club amb m\u00e9s de tres d\u00e8cades d&#8217;hist\u00f2ria defensant els colors i el nom del nostre municipi per tota la Comunitat. I el Rayo San Antonio de Benag\u00e9ber, club m\u00e9s recent, per\u00f2 amb un historial esportiu molt meritori , ja que en la passada campanya va promocionar a Tercera Divisi\u00f3 &#8220;, afegeixen els dos presidents en el seu comunicat.<\/p>\n<p>Segons Andr\u00e9s Gim\u00e9nez i Manuel Regalado, &#8220;es tracta d&#8217;una decisi\u00f3 autorit\u00e0ria, arbitr\u00e0ria i caciquil per part d&#8217;aquest Govern, el qual cedeix per decisi\u00f3 unilateral les instal\u00b7lacions esportives del municipi per a gesti\u00f3 privada gratu\u00eftament. Crida l&#8217;atenci\u00f3 que es tracti d&#8217;una associaci\u00f3 sense \u00e0nim de lucre, per\u00f2 donant-se la circumst\u00e0ncia que els seus dirigents (afiliats i afins al partit governant Aisab) reben compensaci\u00f3 econ\u00f2mica d&#8217;una forma o una altra ja que treballen directament o indirectament en ella o per a ella &#8220;.<\/p>\n<p>&#8220;Aquest Ajuntament mentre d\u00f3na prioritat d&#8217;horaris i \u00fas a aquesta associaci\u00f3, defenestra als altres clubs a entrenar a hores intempestives, obligant als xavals que defensen els dos clubs i que els costa diners de les seves butxaques, a arribar pr\u00e0cticament cada dia a les dotze de la nit. Nois que tots treballen l&#8217;endem\u00e0. Es d\u00f3na la circumst\u00e0ncia que moltes de les fam\u00edlies dels jugadors que componen les nostres plantilles paguen els seus impostos en el municipi &#8220;.<\/p>\n<p>&#8220;L&#8217;Escola Municipal de Futbol va ser creada pel Sant Antoni de Benag\u00e9ber CF i cedida a l&#8217;anterior consistori mitjan\u00e7ant un conveni, signat per les dues parts, el qual ha estat incomplert. Aquesta situaci\u00f3 ha estat denunciada davant els tribunals a costa de decisi\u00f3 judicial. Ara , aquesta Escola ha estat &#8216;atorgada a dit&#8217; a l&#8217;associaci\u00f3 ACDSAB, juntament amb totes les instal\u00b7lacions esportives del municipi, donant un car\u00e0cter pol\u00edtic a l&#8217;esport en general &#8220;.<\/p>\n<p>Els dirigents dels dos clubs de futbol existents anteriorment, Sant Antoni i Rayo, es q\u00fcestionen &#8220;si no s&#8217;est\u00e0 incorrent en una presumpta prevaricaci\u00f3 per l&#8217;actuaci\u00f3 de l&#8217;administraci\u00f3 municipal&#8221;. Per tot aix\u00f2, reclamen &#8220;els drets que creuen haver adquirit amb el pas dels anys i les seves traject\u00f2ries esportives&#8221;.<\/p>\n<p>Des de tots dos clubs recorden que avui &#8220;hi ha futbol al municipi per la feina anterior. Fundant-se el primer club de fa m\u00e9s de 30 anys, construint l&#8217;antic camp de futbol i els seus vestidors amb treball i diners dels seus dirigents i jugadors. Tots dos clubs demanen recuperar els horaris dels que han gaudit durant tot aquest temps i que no es doni prioritat a una associaci\u00f3: ACDSAB i el seu club de futbol &#8220;.<\/p>\n<p>&#8220;A m\u00e9s, ara han creat una nova oferta per a la formaci\u00f3 d&#8217;equips d&#8217;elit&#8221; top &#8220;, integrant-los en el club, on no hi ha ni un sol empadronat al municipi, amb un cost aproximat de mil euros anuals, atorgant-los mig camp per entreni tres vegades a la setmana, relegant als clubs del poble. Es cedeixen les instal\u00b7lacions a altres que nom\u00e9s pretenen treure rendiment econ\u00f2mic i pol\u00edtic de l&#8217;esport. El futbol municipal deixar\u00e0 de ser un esport del que puguin beneficiar els ve\u00efns, que s\u00f3n els que paguen els seus impostos i d&#8217;aquesta manera es beneficiaran nom\u00e9s uns quants (afins) obtenint una rendibilitat econ\u00f2mica a costa de les instal\u00b7lacions municipals &#8220;.<\/p>\n<p>&#8220;Es d\u00f3na la circumst\u00e0ncia tamb\u00e9 que ACDSAB (Associaci\u00f3 de Clubs Esportius de Sant Antoni de Benag\u00e9ber) no est\u00e0 integrada per cap dels dos clubs signants&#8221;, tal com finalitzen els presidents de les dues institucions.<\/p>\n","protected":false},"excerpt":{"rendered":"<div class=\"mh-excerpt\">Els clubs de futbol del San Antonio de Benag\u00e9ber CF i del Raig de Sant Antoni de Benag\u00e9ber, a trav\u00e9s d&#8217;un comunicat signat pels seus presidents, Andr\u00e9s Gim\u00e9nez i Manuel Regalado, respectivament, han acusat de <a class=\"mh-excerpt-more\" href=\"https:\/\/www.tucomarca.com\/wordpress\/segunda\/ca\/els-clubs-de-futbol-de-sant-antoni-de-benageber-denuncien-tracte-vexatori-per-part-de-lajuntament\/\" title=\"Els clubs de futbol de Sant Antoni de Benag\u00e9ber denuncien &#8220;tracte vexatori&#8221; per part de l&#8217;Ajuntament\">[+] <\/a><\/div>\n","protected":false},"author":1,"featured_media":76665,"comment_status":"open","ping_status":"open","sticky":false,"template":"","format":"standard","meta":{"footnotes":""},"categories":[10892,11015,11003,10898,10894,10904,10947,10934,10896,10897],"tags":[10899],"class_list":{"0":"post-76667","1":"post","2":"type-post","3":"status-publish","4":"format-standard","5":"has-post-thumbnail","7":"category-camp-de-turia-ca","8":"category-canal-futbol","9":"category-sports","10":"category-ventana-ca","11":"category-la-comarca-ca","12":"category-sin-categorizar-ca","13":"category-politica","14":"category-san-antonio-de-benageber-ca","15":"category-seccion-ca","16":"category-sucesos-la-comarca-ca","17":"tag-camp-de-turia-ca"},"_links":{"self":[{"href":"https:\/\/www.tucomarca.com\/wordpress\/segunda\/ca\/wp-json\/wp\/v2\/posts\/76667","targetHints":{"allow":["GET"]}}],"collection":[{"href":"https:\/\/www.tucomarca.com\/wordpress\/segunda\/ca\/wp-json\/wp\/v2\/posts"}],"about":[{"href":"https:\/\/www.tucomarca.com\/wordpress\/segunda\/ca\/wp-json\/wp\/v2\/types\/post"}],"author":[{"embeddable":true,"href":"https:\/\/www.tucomarca.com\/wordpress\/segunda\/ca\/wp-json\/wp\/v2\/users\/1"}],"replies":[{"embeddable":true,"href":"https:\/\/www.tucomarca.com\/wordpress\/segunda\/ca\/wp-json\/wp\/v2\/comments?post=76667"}],"version-history":[{"count":0,"href":"https:\/\/www.tucomarca.com\/wordpress\/segunda\/ca\/wp-json\/wp\/v2\/posts\/76667\/revisions"}],"wp:featuredmedia":[{"embeddable":true,"href":"https:\/\/www.tucomarca.com\/wordpress\/segunda\/ca\/wp-json\/wp\/v2\/media\/76665"}],"wp:attachment":[{"href":"https:\/\/www.tucomarca.com\/wordpress\/segunda\/ca\/wp-json\/wp\/v2\/media?parent=76667"}],"wp:term":[{"taxonomy":"category","embeddable":true,"href":"https:\/\/www.tucomarca.com\/wordpress\/segunda\/ca\/wp-json\/wp\/v2\/categories?post=76667"},{"taxonomy":"post_tag","embeddable":true,"href":"https:\/\/www.tucomarca.com\/wordpress\/segunda\/ca\/wp-json\/wp\/v2\/tags?post=76667"}],"curies":[{"name":"wp","href":"https:\/\/api.w.org\/{rel}","templated":true}]}}