{"id":76673,"date":"2018-10-28T23:02:48","date_gmt":"2018-10-28T21:02:48","guid":{"rendered":"http:\/\/www.tucomarca.com\/wordpress\/segunda\/?p=76673"},"modified":"2018-10-28T23:02:48","modified_gmt":"2018-10-28T21:02:48","slug":"riba-roja-evita-lemissio-de-3-000-tones-de-co2-a-latmosfera-a-lany-en-reduir-90-000-desplacaments-en-vehicles-privats","status":"publish","type":"post","link":"https:\/\/www.tucomarca.com\/wordpress\/segunda\/ca\/riba-roja-evita-lemissio-de-3-000-tones-de-co2-a-latmosfera-a-lany-en-reduir-90-000-desplacaments-en-vehicles-privats\/","title":{"rendered":"Riba-roja evita l&#8217;emissi\u00f3 de 3.000 tones de CO2 a l&#8217;atmosfera a l&#8217;any en reduir 90.000 despla\u00e7aments en vehicles privats"},"content":{"rendered":"<figure id=\"attachment_76669\" aria-describedby=\"caption-attachment-76669\" style=\"width: 335px\" class=\"wp-caption alignleft\"><img loading=\"lazy\" decoding=\"async\" class=\" wp-image-76669\" src=\"http:\/\/www.tucomarca.com\/wordpress\/segunda\/wp-content\/uploads\/2018\/10\/RIBA_ROJA.jpg\" alt=\"M\u00e1s de 200.000 usuarios anuales utilizan los medios de transporte p\u00fablico.\" width=\"335\" height=\"251\" srcset=\"https:\/\/www.tucomarca.com\/wordpress\/segunda\/wp-content\/uploads\/2018\/10\/RIBA_ROJA.jpg 1229w, https:\/\/www.tucomarca.com\/wordpress\/segunda\/wp-content\/uploads\/2018\/10\/RIBA_ROJA-300x225.jpg 300w, https:\/\/www.tucomarca.com\/wordpress\/segunda\/wp-content\/uploads\/2018\/10\/RIBA_ROJA-768x576.jpg 768w, https:\/\/www.tucomarca.com\/wordpress\/segunda\/wp-content\/uploads\/2018\/10\/RIBA_ROJA-1024x768.jpg 1024w\" sizes=\"auto, (max-width: 335px) 100vw, 335px\" \/><figcaption id=\"caption-attachment-76669\" class=\"wp-caption-text\">M\u00e9s de 200.000 usuaris anuals utilitzen els mitjans de transport p\u00fablic.<\/figcaption><\/figure>\n<p><strong>M\u00e9s de 200.000 usuaris anuals utilitzen els mitjans de transport p\u00fablic<\/strong><\/p>\n<p>L&#8217;Ajuntament de Riba-roja de T\u00faria ha desenvolupat una xarxa de transport p\u00fablica en el terme municipal que evita l&#8217;emissi\u00f3 de m\u00e9s de 3.000 tones de di\u00f2xid de carboni (CO2) a l&#8217;any a l&#8217;atmosfera gr\u00e0cies als 90.000 despla\u00e7aments que es deixen de realitzar gr\u00e0cies, precisament, a l&#8217;esmentada xarxa de transport. A m\u00e9s, s&#8217;ha habilitat una l\u00ednia de subvencions de 8.000 euros a la compra de bicicletes el\u00e8ctriques.<\/p>\n<p>La gesti\u00f3 en mat\u00e8ria de mobilitat a Riba-roja de T\u00faria impulsat durant aquesta legislatura ha suposat la concessi\u00f3 del primer premi de la Comunitat Valenciana a la Mobilitat Sostenible costat de l&#8217;Ajuntament de D\u00e9nia atorgat per la Conselleria d&#8217;Habitatge, Obres P\u00fabliques i Vertebraci\u00f3 del Territori per el seu projecte global de foment i \u00fas del transport p\u00fablic.<\/p>\n<p>La implantaci\u00f3 de la xarxa de transport p\u00fablic que s&#8217;ha posat en marxa durant aquest mandat a Riba-roja de T\u00faria ha assolit xifres r\u00e8cord en superar els 200.000 usuaris anuals en les diferents modalitats que estan funcionant actualment: el connecta-metro que uneix el casc urb\u00e0 amb l&#8217;estaci\u00f3 del metro, el dalt-bus que connecta el nucli urb\u00e0 amb els pol\u00edgons industrials, la Reva i Loriguilla i, finalment, les diferents l\u00ednies escolars enfocat als usuaris de les escoletes infantils i els instituts de secund\u00e0ria.<\/p>\n<p>Paral\u00b7lelament, l&#8217;Ajuntament de Riba-roja ha habilitat una l\u00ednia de subvencions p\u00fabliques destinada al foment dels mitjans de transport ecol\u00f2gics i sostenibles amb una partida pressupost\u00e0ria total de 8.000 euros que permetr\u00e0 la compra de bicicletes en tres modalitats: les normals, les el\u00e8ctriques i la compra d&#8217;un kit per adaptar les convencionals a les el\u00e8ctriques. D&#8217;aquesta manera, es pret\u00e9n conscienciar els ciutadans de la import\u00e0ncia d&#8217;apostar per mitjans de transport ecol\u00f2gics i, per tant, l&#8217;important estalvi d&#8217;emissions de di\u00f2xid de carboni.<\/p>\n<p>Cal recordar que, actualment, el consistori aplica una bonificaci\u00f3 de fins al 75% per als propietaris dels vehicles h\u00edbrids i un altre 75% per als propietaris de cotxes el\u00e8ctrics com a mesures addicionals que contribueixin a disminuir les emissions de di\u00f2xid de carboni (CO2) a l&#8217;atmosfera incloses en el pacte d&#8217;alcaldes pel Clima i l&#8217;Energia que preveuen una reducci\u00f3 del 40% a mig termini.<\/p>\n<p>El consistori tamb\u00e9 t\u00e9 en compte aquest barem durant els primers 10 anys en el cas dels vehicles h\u00edbrids en el qual s&#8217;inclour\u00e0, a m\u00e9s, la matriculaci\u00f3, per als casos es consideraran aquells motors el\u00e8ctric-gasolina, el\u00e8ctric-di\u00e8sel i els el\u00e8ctric-gas , amb la seva corresponent homologaci\u00f3 d&#8217;origen. En el cas dels el\u00e8ctrics hauran de tenir un motor 100% el\u00e8ctric i, per tant, d&#8217;emissions nul\u00b7les.<\/p>\n<p>L&#8217;alcalde de Riba-roja de T\u00faria, Robert Raga, ha destacat &#8220;els notables aven\u00e7os que s&#8217;han realitzat en aquesta legislatura amb la implantaci\u00f3 d&#8217;una xarxa de transport p\u00fablic que ha significat el reconeixement de les institucions auton\u00f2miques del que estem molt satisfets ja que al mateix temps que hem ajudat a resoldre les mancances de comunicaci\u00f3 entre les diferents zones i \u00e0rees del terme municipal contribu\u00efm a reduir les emissions a l&#8217;atmosfera &#8220;.<\/p>\n<p>Aquestes mesures d&#8217;estalvi es complementen, tamb\u00e9, amb el projecte de roba usada al casc urb\u00e0 ia les \u00e0rees residencials que ha suposat recollir m\u00e9s de 75.000 quilos anuals gr\u00e0cies al conveni subscrit entre l&#8217;Ajuntament de Riba-roja i les dues empreses encarregues de la recollida i, per tant, s&#8217;evita l&#8217;emissi\u00f3 de desenes de quilos d&#8217;emissions de di\u00f2xid de carboni sobre el medi ambient.<\/p>\n<p>Raga ha afegit que en aquesta legislatura &#8220;hem posat en marxa el programa EcoRiba per a la creaci\u00f3 de riquesa, ocupaci\u00f3 i dinamitzaci\u00f3 econ\u00f2mica i social a trav\u00e9s del medi ambient, ens hem unit al Pacte d&#8217;Alcaldes pel Clima i l&#8217;Energia parar reduir les emissions de CO2 en un 40% fins a l&#8217;any 2030 i, finalment, ens hem integrat en el Consell de Govern de la Xarxa Espanyola de ciutats per al Clima que ens permet posar en valor la nostra acci\u00f3 de govern en contacte amb altres ciutats d&#8217;Espanya &#8221; .<\/p>\n","protected":false},"excerpt":{"rendered":"<div class=\"mh-excerpt\">M\u00e9s de 200.000 usuaris anuals utilitzen els mitjans de transport p\u00fablic L&#8217;Ajuntament de Riba-roja de T\u00faria ha desenvolupat una xarxa de transport p\u00fablica en el terme municipal que evita l&#8217;emissi\u00f3 de m\u00e9s de 3.000 tones <a class=\"mh-excerpt-more\" href=\"https:\/\/www.tucomarca.com\/wordpress\/segunda\/ca\/riba-roja-evita-lemissio-de-3-000-tones-de-co2-a-latmosfera-a-lany-en-reduir-90-000-desplacaments-en-vehicles-privats\/\" title=\"Riba-roja evita l&#8217;emissi\u00f3 de 3.000 tones de CO2 a l&#8217;atmosfera a l&#8217;any en reduir 90.000 despla\u00e7aments en vehicles privats\">[+] <\/a><\/div>\n","protected":false},"author":2,"featured_media":76670,"comment_status":"open","ping_status":"open","sticky":false,"template":"","format":"standard","meta":{"footnotes":""},"categories":[10892,10898,10903,10906,10896],"tags":[11239,10899],"class_list":{"0":"post-76673","1":"post","2":"type-post","3":"status-publish","4":"format-standard","5":"has-post-thumbnail","7":"category-camp-de-turia-ca","8":"category-ventana-ca","9":"category-medio-ambiente-la-comarca-ca","10":"category-riba-roja-ca","11":"category-seccion-ca","12":"tag-ajuntament-de-riba-roja-ca","13":"tag-camp-de-turia-ca"},"_links":{"self":[{"href":"https:\/\/www.tucomarca.com\/wordpress\/segunda\/ca\/wp-json\/wp\/v2\/posts\/76673","targetHints":{"allow":["GET"]}}],"collection":[{"href":"https:\/\/www.tucomarca.com\/wordpress\/segunda\/ca\/wp-json\/wp\/v2\/posts"}],"about":[{"href":"https:\/\/www.tucomarca.com\/wordpress\/segunda\/ca\/wp-json\/wp\/v2\/types\/post"}],"author":[{"embeddable":true,"href":"https:\/\/www.tucomarca.com\/wordpress\/segunda\/ca\/wp-json\/wp\/v2\/users\/2"}],"replies":[{"embeddable":true,"href":"https:\/\/www.tucomarca.com\/wordpress\/segunda\/ca\/wp-json\/wp\/v2\/comments?post=76673"}],"version-history":[{"count":0,"href":"https:\/\/www.tucomarca.com\/wordpress\/segunda\/ca\/wp-json\/wp\/v2\/posts\/76673\/revisions"}],"wp:featuredmedia":[{"embeddable":true,"href":"https:\/\/www.tucomarca.com\/wordpress\/segunda\/ca\/wp-json\/wp\/v2\/media\/76670"}],"wp:attachment":[{"href":"https:\/\/www.tucomarca.com\/wordpress\/segunda\/ca\/wp-json\/wp\/v2\/media?parent=76673"}],"wp:term":[{"taxonomy":"category","embeddable":true,"href":"https:\/\/www.tucomarca.com\/wordpress\/segunda\/ca\/wp-json\/wp\/v2\/categories?post=76673"},{"taxonomy":"post_tag","embeddable":true,"href":"https:\/\/www.tucomarca.com\/wordpress\/segunda\/ca\/wp-json\/wp\/v2\/tags?post=76673"}],"curies":[{"name":"wp","href":"https:\/\/api.w.org\/{rel}","templated":true}]}}