{"id":76690,"date":"2018-10-28T23:51:56","date_gmt":"2018-10-28T21:51:56","guid":{"rendered":"http:\/\/www.tucomarca.com\/wordpress\/segunda\/?p=76690"},"modified":"2018-10-28T23:51:56","modified_gmt":"2018-10-28T21:51:56","slug":"dura-derrota-el-cd-turis-contra-el-racing-paterna-4-0","status":"publish","type":"post","link":"https:\/\/www.tucomarca.com\/wordpress\/segunda\/ca\/dura-derrota-el-cd-turis-contra-el-racing-paterna-4-0\/","title":{"rendered":"Dura derrota el CD Tur\u00eds contra el Racing Paterna (4-0)"},"content":{"rendered":"<div dir=\"auto\">\n<p>Dura derrota dels de Miguel Guzman a Paterna. Aquesta setmana el conjunt vermell va quedar bastant dilu\u00eft pels de Paterna. Des del principi van deixar clar que a casa no anaven a deixar escapar molts punts. I fins al 30 &#8216;van tenir per intentar arrencar, per\u00f2 despr\u00e9s del gol d&#8217;Edu Ruiz ja tot va anar a pitjor per als turisanos.<\/p>\n<p>Tot just 3 minuts m\u00e9s tard, Adri\u00e1n Fambuena tancaria la primera meitat amb bon avantatge al descans.<\/p>\n<p>Nom\u00e9s reprendre el partit, Edu va repetir i va posar el 3-0 que deixava pr\u00e0cticament mort el partit i la moral.<\/p>\n<p>Nom\u00e9s va ser q\u00fcesti\u00f3 de temps que els minuts passessin i al 83 &#8216;es tanqu\u00e9s el 4-0 definitiu, un partit per oblidar i del que treure conclusions de corregir. El CD Tur\u00eds es queda vuit\u00e8 amb 8 punts. Informa, Ra\u00fal Miralles.<\/p>\n<\/div>\n","protected":false},"excerpt":{"rendered":"<div class=\"mh-excerpt\">Dura derrota dels de Miguel Guzman a Paterna. Aquesta setmana el conjunt vermell va quedar bastant dilu\u00eft pels de Paterna. Des del principi van deixar clar que a casa no anaven a deixar escapar molts <a class=\"mh-excerpt-more\" href=\"https:\/\/www.tucomarca.com\/wordpress\/segunda\/ca\/dura-derrota-el-cd-turis-contra-el-racing-paterna-4-0\/\" title=\"Dura derrota el CD Tur\u00eds contra el Racing Paterna (4-0)\">[+] <\/a><\/div>\n","protected":false},"author":1,"featured_media":76688,"comment_status":"open","ping_status":"open","sticky":false,"template":"","format":"standard","meta":{"footnotes":""},"categories":[11015,11003,10898,10902,10896,11047],"tags":[11074],"class_list":{"0":"post-76690","1":"post","2":"type-post","3":"status-publish","4":"format-standard","5":"has-post-thumbnail","7":"category-canal-futbol","8":"category-sports","9":"category-ventana-ca","10":"category-la-ribera-ca","11":"category-seccion-ca","12":"category-turis-ca","13":"tag-deportes-ca"},"_links":{"self":[{"href":"https:\/\/www.tucomarca.com\/wordpress\/segunda\/ca\/wp-json\/wp\/v2\/posts\/76690","targetHints":{"allow":["GET"]}}],"collection":[{"href":"https:\/\/www.tucomarca.com\/wordpress\/segunda\/ca\/wp-json\/wp\/v2\/posts"}],"about":[{"href":"https:\/\/www.tucomarca.com\/wordpress\/segunda\/ca\/wp-json\/wp\/v2\/types\/post"}],"author":[{"embeddable":true,"href":"https:\/\/www.tucomarca.com\/wordpress\/segunda\/ca\/wp-json\/wp\/v2\/users\/1"}],"replies":[{"embeddable":true,"href":"https:\/\/www.tucomarca.com\/wordpress\/segunda\/ca\/wp-json\/wp\/v2\/comments?post=76690"}],"version-history":[{"count":0,"href":"https:\/\/www.tucomarca.com\/wordpress\/segunda\/ca\/wp-json\/wp\/v2\/posts\/76690\/revisions"}],"wp:featuredmedia":[{"embeddable":true,"href":"https:\/\/www.tucomarca.com\/wordpress\/segunda\/ca\/wp-json\/wp\/v2\/media\/76688"}],"wp:attachment":[{"href":"https:\/\/www.tucomarca.com\/wordpress\/segunda\/ca\/wp-json\/wp\/v2\/media?parent=76690"}],"wp:term":[{"taxonomy":"category","embeddable":true,"href":"https:\/\/www.tucomarca.com\/wordpress\/segunda\/ca\/wp-json\/wp\/v2\/categories?post=76690"},{"taxonomy":"post_tag","embeddable":true,"href":"https:\/\/www.tucomarca.com\/wordpress\/segunda\/ca\/wp-json\/wp\/v2\/tags?post=76690"}],"curies":[{"name":"wp","href":"https:\/\/api.w.org\/{rel}","templated":true}]}}