{"id":76726,"date":"2018-10-30T22:09:04","date_gmt":"2018-10-30T20:09:04","guid":{"rendered":"http:\/\/www.tucomarca.com\/wordpress\/segunda\/?p=76726"},"modified":"2018-10-30T22:09:04","modified_gmt":"2018-10-30T20:09:04","slug":"el-circuit-ricardo-tormo-modifica-el-seu-pla-daccessos-de-cara-al-gran-premi-motul","status":"publish","type":"post","link":"https:\/\/www.tucomarca.com\/wordpress\/segunda\/ca\/el-circuit-ricardo-tormo-modifica-el-seu-pla-daccessos-de-cara-al-gran-premi-motul\/","title":{"rendered":"El Circuit Ricardo Tormo modifica el seu pla d&#8217;accessos de cara al Gran Premi Motul"},"content":{"rendered":"<figure id=\"attachment_76730\" aria-describedby=\"caption-attachment-76730\" style=\"width: 850px\" class=\"wp-caption alignnone\"><img loading=\"lazy\" decoding=\"async\" class=\" wp-image-76730\" src=\"http:\/\/www.tucomarca.com\/wordpress\/segunda\/wp-content\/uploads\/2018\/10\/AcesosCircuit18.jpg\" alt=\"El Circuit Ricardo Tormo modifica el seu pla d'accessos de cara al Gran Premi Motul.\" width=\"850\" height=\"602\" srcset=\"https:\/\/www.tucomarca.com\/wordpress\/segunda\/wp-content\/uploads\/2018\/10\/AcesosCircuit18.jpg 1249w, https:\/\/www.tucomarca.com\/wordpress\/segunda\/wp-content\/uploads\/2018\/10\/AcesosCircuit18-300x212.jpg 300w, https:\/\/www.tucomarca.com\/wordpress\/segunda\/wp-content\/uploads\/2018\/10\/AcesosCircuit18-768x544.jpg 768w, https:\/\/www.tucomarca.com\/wordpress\/segunda\/wp-content\/uploads\/2018\/10\/AcesosCircuit18-1024x725.jpg 1024w\" sizes=\"auto, (max-width: 850px) 100vw, 850px\" \/><figcaption id=\"caption-attachment-76730\" class=\"wp-caption-text\">El Circuit Ricardo Tormo modifica el seu pla d&#8217;accessos de cara al Gran Premi Motul.<\/figcaption><\/figure>\n<p>El Circuit Ricardo Tormo ha posat en marxa un pla renovat d&#8217;accessos de cara a la celebraci\u00f3 del Gran Premi Motul de la Comunitat Valenciana els pr\u00f2xims 16, 17 i 18 de novembre.<\/p>\n<p>Les obres de construcci\u00f3 del nou parc empresarial de Cheste, als voltants del tra\u00e7at valenci\u00e0 han obligat el Circuit a proposar nous accessos als aficionats \u00fanicament per a aquesta edici\u00f3 de la carrera.<\/p>\n<p>Segons el director general del Circuit, Gonzalo Gobert, &#8220;aquest \u00e9s el principal desafiament al qual ens enfrontem aquesta temporada. Fa mesos que treballem per a minimitzar les conseq\u00fc\u00e8ncies d&#8217;aquesta situaci\u00f3 sobrevinguda per al Circuit&#8221;.<\/p>\n<p>En col\u00b7laboraci\u00f3 amb la Direcci\u00f3 General del Tr\u00e0nsit, la Gu\u00e0rdia Civil de Tr\u00e0nsit i les policies locals de Riba-roja de T\u00faria i de Cheste, el Circuit Ricardo Tormo ha modificat les rutes ideals d&#8217;acc\u00e9s dels aficionats en funci\u00f3 del tipus de vehicle i de la proced\u00e8ncia d&#8217;aquests.<\/p>\n<p><b>La moto i el tren, les millors opcions<\/b><\/p>\n<p>Segons el nou pla, que es posar\u00e0 en marxa en les jornades de dissabte i diumenge, en les quals s&#8217;espera l&#8217;aflu\u00e8ncia m\u00e9s gran, el p\u00fablic que hi assistisca amb moto podr\u00e0 accedir c\u00f2modament a la seua zona d&#8217;aparcament reservada per la denominada ruta A, per l&#8217;entrada principal del Circuit Ricardo Tormo. De fet, les places d&#8217;aparcament per a motos s\u00f3n 2.500 m\u00e9s que en edicions anteriors.<\/p>\n<p>Aquesta ruta A ser\u00e0 tamb\u00e9 la que hauran d&#8217;utilitzar els professionals i els convidats amb vehicles acreditats.<br \/>\nL&#8217;organitzaci\u00f3 tamb\u00e9 aconsella l&#8217;\u00fas del tren perqu\u00e8 garanteix arribar des del centre de Val\u00e8ncia fins al baixador del Circuit en nom\u00e9s 40 minuts. Des del baixador fins a la graderia cal sumar 10 minuts m\u00e9s caminant. Per a evitar aglomeracions es recomana eixir amb temps suficient.<\/p>\n<p><b>Els cotxes, als aparcaments alternatius<\/b><\/p>\n<p>Els aficionats que no tinguen una altra opci\u00f3 que utilitzar les seues vehicles turismes particulars hauran d&#8217;utilitzar els aparcaments alternatius que posar\u00e0 en servei l&#8217;organitzaci\u00f3.<\/p>\n<p>Aquests aparcaments estaran situats al pol\u00edgon La Reva de Riba-roja de T\u00faria i al pol\u00edgon Castilla de Cheste i des d&#8217;aquesta ubicaci\u00f3 els aficionats seran traslladats en tan sols 10 minuts fins al Circuit en autobusos directes i gratu\u00efts que utilitzaran les rutes B (Riba-roja de T\u00faria) i C (Cheste) en exclusiva. El punt d&#8217;arribada al Circuit ser\u00e0 una estaci\u00f3 d&#8217;autobusos situada a les immediacions de les entrades de p\u00fablic del Circuit (taquilles 2 i 3).<\/p>\n<p>Aix\u00ed mateix, els taxis compartiran amb els autobusos aquestes vies d&#8217;acc\u00e9s, que estaran tancades a la resta del tr\u00e0nsit per a fer m\u00e9s fluida l&#8217;entrada i eixida d&#8217;espectadors.<\/p>\n<p>&#8220;Les obres de construcci\u00f3 del parc empresarial de Cheste seran molt positives en el futur, per\u00f2 enguany hem d&#8217;afrontar aquesta dificultat i esperem comptar amb la col\u00b7laboraci\u00f3 dels aficionats, com cada any&#8221;, ha afegit Gobert.<\/p>\n","protected":false},"excerpt":{"rendered":"<div class=\"mh-excerpt\">El Circuit Ricardo Tormo ha posat en marxa un pla renovat d&#8217;accessos de cara a la celebraci\u00f3 del Gran Premi Motul de la Comunitat Valenciana els pr\u00f2xims 16, 17 i 18 de novembre. Les obres <a class=\"mh-excerpt-more\" href=\"https:\/\/www.tucomarca.com\/wordpress\/segunda\/ca\/el-circuit-ricardo-tormo-modifica-el-seu-pla-daccessos-de-cara-al-gran-premi-motul\/\" title=\"El Circuit Ricardo Tormo modifica el seu pla d&#8217;accessos de cara al Gran Premi Motul\">[+] <\/a><\/div>\n","protected":false},"author":1,"featured_media":76730,"comment_status":"open","ping_status":"open","sticky":false,"template":"","format":"standard","meta":{"footnotes":""},"categories":[11003,10898,10904,10912,11011,10895,10896,10974],"tags":[621,11109],"class_list":{"0":"post-76726","1":"post","2":"type-post","3":"status-publish","4":"format-standard","5":"has-post-thumbnail","7":"category-sports","8":"category-ventana-ca","9":"category-sin-categorizar-ca","10":"category-la-hoya-ca","11":"category-motociclismo-ca","12":"category-premsavalenciana-ca","13":"category-seccion-ca","14":"category-cheste-ca","15":"tag-circuit","16":"tag-xest"},"_links":{"self":[{"href":"https:\/\/www.tucomarca.com\/wordpress\/segunda\/ca\/wp-json\/wp\/v2\/posts\/76726","targetHints":{"allow":["GET"]}}],"collection":[{"href":"https:\/\/www.tucomarca.com\/wordpress\/segunda\/ca\/wp-json\/wp\/v2\/posts"}],"about":[{"href":"https:\/\/www.tucomarca.com\/wordpress\/segunda\/ca\/wp-json\/wp\/v2\/types\/post"}],"author":[{"embeddable":true,"href":"https:\/\/www.tucomarca.com\/wordpress\/segunda\/ca\/wp-json\/wp\/v2\/users\/1"}],"replies":[{"embeddable":true,"href":"https:\/\/www.tucomarca.com\/wordpress\/segunda\/ca\/wp-json\/wp\/v2\/comments?post=76726"}],"version-history":[{"count":0,"href":"https:\/\/www.tucomarca.com\/wordpress\/segunda\/ca\/wp-json\/wp\/v2\/posts\/76726\/revisions"}],"wp:featuredmedia":[{"embeddable":true,"href":"https:\/\/www.tucomarca.com\/wordpress\/segunda\/ca\/wp-json\/wp\/v2\/media\/76730"}],"wp:attachment":[{"href":"https:\/\/www.tucomarca.com\/wordpress\/segunda\/ca\/wp-json\/wp\/v2\/media?parent=76726"}],"wp:term":[{"taxonomy":"category","embeddable":true,"href":"https:\/\/www.tucomarca.com\/wordpress\/segunda\/ca\/wp-json\/wp\/v2\/categories?post=76726"},{"taxonomy":"post_tag","embeddable":true,"href":"https:\/\/www.tucomarca.com\/wordpress\/segunda\/ca\/wp-json\/wp\/v2\/tags?post=76726"}],"curies":[{"name":"wp","href":"https:\/\/api.w.org\/{rel}","templated":true}]}}