{"id":76760,"date":"2018-10-30T21:16:33","date_gmt":"2018-10-30T19:16:33","guid":{"rendered":"http:\/\/www.tucomarca.com\/wordpress\/segunda\/?p=76760"},"modified":"2018-10-30T21:16:33","modified_gmt":"2018-10-30T19:16:33","slug":"el-padel-i-lesquaix-suneixen-a-lamplia-oferta-disponible-en-esports-de-raqueta-a-bunyol","status":"publish","type":"post","link":"https:\/\/www.tucomarca.com\/wordpress\/segunda\/ca\/el-padel-i-lesquaix-suneixen-a-lamplia-oferta-disponible-en-esports-de-raqueta-a-bunyol\/","title":{"rendered":"El p\u00e0del i l&#8217;esquaix s&#8217;uneixen a l&#8217;\u00e0mplia oferta disponible en esports de raqueta a Bunyol"},"content":{"rendered":"<figure id=\"attachment_76757\" aria-describedby=\"caption-attachment-76757\" style=\"width: 392px\" class=\"wp-caption alignleft\"><img loading=\"lazy\" decoding=\"async\" class=\" wp-image-76757\" src=\"http:\/\/www.tucomarca.com\/wordpress\/segunda\/wp-content\/uploads\/2018\/10\/Trofeos.jpg\" alt=\"El P\u00e1del y el Squash se unen a la amplia oferta disponible en deportes de raqueta en Bu\u00f1ol.\" width=\"392\" height=\"354\" srcset=\"https:\/\/www.tucomarca.com\/wordpress\/segunda\/wp-content\/uploads\/2018\/10\/Trofeos.jpg 1325w, https:\/\/www.tucomarca.com\/wordpress\/segunda\/wp-content\/uploads\/2018\/10\/Trofeos-300x271.jpg 300w, https:\/\/www.tucomarca.com\/wordpress\/segunda\/wp-content\/uploads\/2018\/10\/Trofeos-768x694.jpg 768w, https:\/\/www.tucomarca.com\/wordpress\/segunda\/wp-content\/uploads\/2018\/10\/Trofeos-1024x926.jpg 1024w\" sizes=\"auto, (max-width: 392px) 100vw, 392px\" \/><figcaption id=\"caption-attachment-76757\" class=\"wp-caption-text\">El p\u00e0del i l&#8217;esquaix s&#8217;uneixen a l&#8217;\u00e0mplia oferta disponible en esports de raqueta a Bunyol.<\/figcaption><\/figure>\n<p>La Regidoria d&#8217;Esports de l&#8217;Ajuntament de Bu\u00f1ol continua bolcant pels esports de raqueta una temporada m\u00e9s. Prova d&#8217;aix\u00f2 \u00e9s el p\u00e0del i esquaix. Sense \u00e0nim federatiu, aficionats d&#8217;ambdues disciplines esportives s&#8217;han unit per donar-li un major revulsiu a aquests esports.<\/p>\n<p>L&#8217;edil d&#8217;Esports, Marta P\u00e9rez, ha mostrat el seu suport a aquestes iniciatives, \u00abja que en els \u00faltims anys els esports de raqueta en totes les disciplines, i per a totes les edats i sexes han pres un fort auge en aquest municipi. Un aspecte m\u00e9s que demostra que a trav\u00e9s d&#8217;aquesta regidoria tots els esportistes tenen el seu lloc, perqu\u00e8 l&#8217;esport \u00e9s vida, projecta h\u00e0bits de vida saludables que des de l&#8217;Ajuntament volem fomentar des del comen\u00e7ament de la legislatura des d&#8217;edats molt primerenques \u00bb, en paraules de l&#8217;edil.<\/p>\n<p>Per part del p\u00e0del, David Garc\u00eda, president en funcions del Grup de Recreaci\u00f3 P\u00e0del Bunyol, recorda que fins aquest divendres 2 de novembre tots els aficionats a aquest esport poden inscriure en el Torneig Tardor-hivern 2018-2019 en tres categories: mascul\u00ed, femen\u00ed i mixt. Hi haur\u00e0 trofeus per als 1r i 2n classificats. Han d&#8217;abonar 20 euros per persona. Aix\u00ed que per inscriure s&#8217;ha de enviar un mail amb les dades dels membres de la parella, categoria a la qual s&#8217;inscriuen, justificant de pagament i talla de samarreta de tots dos participants. Tot aix\u00f2 al mail bunyolpadel@gmail.com. Aquest torneig est\u00e0 organitzat pel Grup de Recreaci\u00f3 P\u00e0del Bunyol i compta amb la col\u00b7laboraci\u00f3 de l&#8217;associaci\u00f3 Bunyol \u00e9s Esport i la regidoria d&#8217;Esports bu\u00f1olense.<\/p>\n<p>David Garc\u00eda assegura que m\u00e9s de \u00abcent persones de tota la comarca formen aquest club, que pret\u00e9n augmentar en nombre d&#8217;aficionats. Es tracta d&#8217;un torneig que es juga de novembre a mar\u00e7 sense car\u00e0cter federatiu. Aquest divendres duran a terme una reuni\u00f3 per renovar o consolidar la Junta Directiva actual al local &#8220;La Plasa&#8221; en Pla\u00e7a Ram\u00f3n i Cajal 3, a les 18,30 hores, a Bu\u00f1ol. Qui vulgui pot apuntar-se a aquest torneig en aquell moment i pagar en efectiu. \u00c9s, sens dubte, un esport que en els \u00faltims anys est\u00e0 augmentant la seva pr\u00e0ctica en el municipi \u00bb.<\/p>\n<p>A m\u00e9s d&#8217;aquest esport, l&#8217;esquaix tamb\u00e9 busca consolidar-se en la poblaci\u00f3. Luis Pastor Ib\u00e1\u00f1ez, ve\u00ed de Tor\u00eds, i membre del Club Esquaix Val\u00e8ncia, en converses amb Marta P\u00e9rez va presentar un projecte per llan\u00e7ar una nova lliga d&#8217;esquaix a la localitat. \u00abT\u00e9 com a finalitat fomentar la pr\u00e0ctica esportiva, facilitar la trobada de jugadors i el manteniment d&#8217;h\u00e0bits saludables en el municipi a trav\u00e9s de la pr\u00e0ctica d&#8217;aquest esport, que en els anys 80 va viure el seu moment \u00e0lgid i que actualment compta amb un nombre redu\u00eft de aficionats al nostre entorn \u00bb.<\/p>\n<p>La lliga tindr\u00e0 car\u00e0cter anual, i estar\u00e0 dividida en diverses fases d&#8217;aproximadament quatre mesos de durada. La inscripci\u00f3 pot realitzar enviant un mail a squash.cuatrocaminos@gmail.com. \u00abL&#8217;objectiu d&#8217;aquest projecte \u00e9s crear una lliga per a tot aquell que vulgui jugar a esquaix a Bu\u00f1ol. Esportistes i aficionats de la localitat i la comarca tenen el seu espai \u00bb. Luis Pastor confirma \u00abque al principi, es far\u00e0 per nivells per fomentar la competitivitat, sempre que hi hagi un bon nombre d&#8217;aficionats inscrits\u00bb. Les bases de com ser\u00e0 la lliga es poden trobar a: http:\/\/www.instagram.com\/p\/BoJE3UrHUJx\/?utm_source=ig_share_sheet&amp;igshid=fx0odtxacrs6<\/p>\n","protected":false},"excerpt":{"rendered":"<div class=\"mh-excerpt\">La Regidoria d&#8217;Esports de l&#8217;Ajuntament de Bu\u00f1ol continua bolcant pels esports de raqueta una temporada m\u00e9s. Prova d&#8217;aix\u00f2 \u00e9s el p\u00e0del i esquaix. Sense \u00e0nim federatiu, aficionats d&#8217;ambdues disciplines esportives s&#8217;han unit per donar-li un <a class=\"mh-excerpt-more\" href=\"https:\/\/www.tucomarca.com\/wordpress\/segunda\/ca\/el-padel-i-lesquaix-suneixen-a-lamplia-oferta-disponible-en-esports-de-raqueta-a-bunyol\/\" title=\"El p\u00e0del i l&#8217;esquaix s&#8217;uneixen a l&#8217;\u00e0mplia oferta disponible en esports de raqueta a Bunyol\">[+] <\/a><\/div>\n","protected":false},"author":1,"featured_media":76758,"comment_status":"open","ping_status":"open","sticky":false,"template":"","format":"standard","meta":{"footnotes":""},"categories":[10911,11003,10898,10912,11009,10896],"tags":[11074,11298],"class_list":{"0":"post-76760","1":"post","2":"type-post","3":"status-publish","4":"format-standard","5":"has-post-thumbnail","7":"category-bunol-ca","8":"category-sports","9":"category-ventana-ca","10":"category-la-hoya-ca","11":"category-polideportivo-ca","12":"category-seccion-ca","13":"tag-deportes-ca","14":"tag-sports-ca"},"_links":{"self":[{"href":"https:\/\/www.tucomarca.com\/wordpress\/segunda\/ca\/wp-json\/wp\/v2\/posts\/76760","targetHints":{"allow":["GET"]}}],"collection":[{"href":"https:\/\/www.tucomarca.com\/wordpress\/segunda\/ca\/wp-json\/wp\/v2\/posts"}],"about":[{"href":"https:\/\/www.tucomarca.com\/wordpress\/segunda\/ca\/wp-json\/wp\/v2\/types\/post"}],"author":[{"embeddable":true,"href":"https:\/\/www.tucomarca.com\/wordpress\/segunda\/ca\/wp-json\/wp\/v2\/users\/1"}],"replies":[{"embeddable":true,"href":"https:\/\/www.tucomarca.com\/wordpress\/segunda\/ca\/wp-json\/wp\/v2\/comments?post=76760"}],"version-history":[{"count":0,"href":"https:\/\/www.tucomarca.com\/wordpress\/segunda\/ca\/wp-json\/wp\/v2\/posts\/76760\/revisions"}],"wp:featuredmedia":[{"embeddable":true,"href":"https:\/\/www.tucomarca.com\/wordpress\/segunda\/ca\/wp-json\/wp\/v2\/media\/76758"}],"wp:attachment":[{"href":"https:\/\/www.tucomarca.com\/wordpress\/segunda\/ca\/wp-json\/wp\/v2\/media?parent=76760"}],"wp:term":[{"taxonomy":"category","embeddable":true,"href":"https:\/\/www.tucomarca.com\/wordpress\/segunda\/ca\/wp-json\/wp\/v2\/categories?post=76760"},{"taxonomy":"post_tag","embeddable":true,"href":"https:\/\/www.tucomarca.com\/wordpress\/segunda\/ca\/wp-json\/wp\/v2\/tags?post=76760"}],"curies":[{"name":"wp","href":"https:\/\/api.w.org\/{rel}","templated":true}]}}