{"id":76769,"date":"2018-10-30T21:28:03","date_gmt":"2018-10-30T19:28:03","guid":{"rendered":"http:\/\/www.tucomarca.com\/wordpress\/segunda\/?p=76769"},"modified":"2018-10-30T21:28:03","modified_gmt":"2018-10-30T19:28:03","slug":"acord-entre-lajuntament-de-bunyol-i-els-aficionats-a-la-colombicultura-i-la-colombofilia","status":"publish","type":"post","link":"https:\/\/www.tucomarca.com\/wordpress\/segunda\/ca\/acord-entre-lajuntament-de-bunyol-i-els-aficionats-a-la-colombicultura-i-la-colombofilia\/","title":{"rendered":"Acord entre l&#8217;Ajuntament de Bunyol i els aficionats a la colombicultura i la colombofilia"},"content":{"rendered":"<figure id=\"attachment_76766\" aria-describedby=\"caption-attachment-76766\" style=\"width: 446px\" class=\"wp-caption alignleft\"><img loading=\"lazy\" decoding=\"async\" class=\" wp-image-76766\" src=\"http:\/\/www.tucomarca.com\/wordpress\/segunda\/wp-content\/uploads\/2018\/10\/FirmaColombaires.jpg\" alt=\"Acuerdo entre el Ayuntamiento de Bu\u00f1ol y los aficionados a la colombicultura y a la colomb\u00f3fila.\" width=\"446\" height=\"251\" srcset=\"https:\/\/www.tucomarca.com\/wordpress\/segunda\/wp-content\/uploads\/2018\/10\/FirmaColombaires.jpg 737w, https:\/\/www.tucomarca.com\/wordpress\/segunda\/wp-content\/uploads\/2018\/10\/FirmaColombaires-300x169.jpg 300w\" sizes=\"auto, (max-width: 446px) 100vw, 446px\" \/><figcaption id=\"caption-attachment-76766\" class=\"wp-caption-text\">Acord entre l&#8217;Ajuntament de Bunyol i els aficionats a la colombicultura i la colombofilia.<\/figcaption><\/figure>\n<p>Divendres passat al migdia, l&#8217;Ajuntament de Bunyol i els clubs esportius de Colombicultura i Columbof\u00edlia de la localitat van signar un acord de col\u00b7laboraci\u00f3 entre totes les parts que regula aspectes tan importants en aquesta bella i nombrosa afici\u00f3 com els torns de vol, els horaris o els per\u00edodes, entre altres caracter\u00edstiques.<\/p>\n<p>Un acord que ja es va signar l&#8217;any 2006 i que necessitava la seva renovaci\u00f3. Per aquest motiu, l&#8217;Ajuntament de Bunyol, amb l&#8217;alcaldessa, Jonquera Carrascosa, i la regidoria d&#8217;Esports a trav\u00e9s del seu responsable, la regidora Marta P\u00e9rez, han estat part\u00edcips de les reunions que s&#8217;han dut a terme per a la signatura d&#8217;aquest acord .<\/p>\n<p>Finalment, aquesta firma entre aficions s&#8217;ha realitzat al sal\u00f3 de plens del consistori bu\u00f1olense.<\/p>\n","protected":false},"excerpt":{"rendered":"<div class=\"mh-excerpt\">Divendres passat al migdia, l&#8217;Ajuntament de Bunyol i els clubs esportius de Colombicultura i Columbof\u00edlia de la localitat van signar un acord de col\u00b7laboraci\u00f3 entre totes les parts que regula aspectes tan importants en aquesta <a class=\"mh-excerpt-more\" href=\"https:\/\/www.tucomarca.com\/wordpress\/segunda\/ca\/acord-entre-lajuntament-de-bunyol-i-els-aficionats-a-la-colombicultura-i-la-colombofilia\/\" title=\"Acord entre l&#8217;Ajuntament de Bunyol i els aficionats a la colombicultura i la colombofilia\">[+] <\/a><\/div>\n","protected":false},"author":1,"featured_media":76767,"comment_status":"open","ping_status":"open","sticky":false,"template":"","format":"standard","meta":{"footnotes":""},"categories":[10911,11003,10912,11009,10896],"tags":[11264],"class_list":{"0":"post-76769","1":"post","2":"type-post","3":"status-publish","4":"format-standard","5":"has-post-thumbnail","7":"category-bunol-ca","8":"category-sports","9":"category-la-hoya-ca","10":"category-polideportivo-ca","11":"category-seccion-ca","12":"tag-esports-ca"},"_links":{"self":[{"href":"https:\/\/www.tucomarca.com\/wordpress\/segunda\/ca\/wp-json\/wp\/v2\/posts\/76769","targetHints":{"allow":["GET"]}}],"collection":[{"href":"https:\/\/www.tucomarca.com\/wordpress\/segunda\/ca\/wp-json\/wp\/v2\/posts"}],"about":[{"href":"https:\/\/www.tucomarca.com\/wordpress\/segunda\/ca\/wp-json\/wp\/v2\/types\/post"}],"author":[{"embeddable":true,"href":"https:\/\/www.tucomarca.com\/wordpress\/segunda\/ca\/wp-json\/wp\/v2\/users\/1"}],"replies":[{"embeddable":true,"href":"https:\/\/www.tucomarca.com\/wordpress\/segunda\/ca\/wp-json\/wp\/v2\/comments?post=76769"}],"version-history":[{"count":0,"href":"https:\/\/www.tucomarca.com\/wordpress\/segunda\/ca\/wp-json\/wp\/v2\/posts\/76769\/revisions"}],"wp:featuredmedia":[{"embeddable":true,"href":"https:\/\/www.tucomarca.com\/wordpress\/segunda\/ca\/wp-json\/wp\/v2\/media\/76767"}],"wp:attachment":[{"href":"https:\/\/www.tucomarca.com\/wordpress\/segunda\/ca\/wp-json\/wp\/v2\/media?parent=76769"}],"wp:term":[{"taxonomy":"category","embeddable":true,"href":"https:\/\/www.tucomarca.com\/wordpress\/segunda\/ca\/wp-json\/wp\/v2\/categories?post=76769"},{"taxonomy":"post_tag","embeddable":true,"href":"https:\/\/www.tucomarca.com\/wordpress\/segunda\/ca\/wp-json\/wp\/v2\/tags?post=76769"}],"curies":[{"name":"wp","href":"https:\/\/api.w.org\/{rel}","templated":true}]}}