{"id":76777,"date":"2018-10-30T21:36:48","date_gmt":"2018-10-30T19:36:48","guid":{"rendered":"http:\/\/www.tucomarca.com\/wordpress\/segunda\/?p=76777"},"modified":"2018-10-30T21:36:48","modified_gmt":"2018-10-30T19:36:48","slug":"hector-barbera-finalitza-el-campionat-de-superbikes-en-el-lloc-18-despres-dacabar-sete-al-circuit-de-losail-qatar","status":"publish","type":"post","link":"https:\/\/www.tucomarca.com\/wordpress\/segunda\/ca\/hector-barbera-finalitza-el-campionat-de-superbikes-en-el-lloc-18-despres-dacabar-sete-al-circuit-de-losail-qatar\/","title":{"rendered":"H\u00e9ctor Barber\u00e1 finalitza el campionat de SuperBikes en el lloc 18 despr\u00e9s d&#8217;acabar set\u00e8 al circuit de Losail (Qatar)"},"content":{"rendered":"<figure id=\"attachment_76774\" aria-describedby=\"caption-attachment-76774\" style=\"width: 443px\" class=\"wp-caption alignleft\"><img loading=\"lazy\" decoding=\"async\" class=\" wp-image-76774\" src=\"http:\/\/www.tucomarca.com\/wordpress\/segunda\/wp-content\/uploads\/2018\/10\/barbera2018_03.jpg\" alt=\"El piloto de Dos Aguas, H\u00e9ctor Barber\u00e1.\" width=\"443\" height=\"295\" srcset=\"https:\/\/www.tucomarca.com\/wordpress\/segunda\/wp-content\/uploads\/2018\/10\/barbera2018_03.jpg 1024w, https:\/\/www.tucomarca.com\/wordpress\/segunda\/wp-content\/uploads\/2018\/10\/barbera2018_03-300x200.jpg 300w, https:\/\/www.tucomarca.com\/wordpress\/segunda\/wp-content\/uploads\/2018\/10\/barbera2018_03-768x512.jpg 768w\" sizes=\"auto, (max-width: 443px) 100vw, 443px\" \/><figcaption id=\"caption-attachment-76774\" class=\"wp-caption-text\">El piloto de Dos Aguas, H\u00e9ctor Barber\u00e1.<\/figcaption><\/figure>\n<p>El passat cap de setmana es va celebrar l&#8217;\u00faltima prova del mundial de superbike al circuit de Losail (Qatar) i com \u00e9s norma es va fer de nit amb el conseg\u00fcent problema de acoblar-se a aquest tipus de conducci\u00f3, encara que amb els seus 3.600 focus sembla que sigui de dia.<\/p>\n<p>En la categoria de SuperSport milita H\u00e9ctor Barber\u00e1, que va realitzar uns bons entrenaments classificant-se en desena posici\u00f3 per a la graella, ja que Hector ha corregut en aquest circuit des que es va inaugurar amb Moto GP.<\/p>\n<p>Ja en cursa va poder lluitar pels llocs de cap realitzant la seva millor actuaci\u00f3 en aquest campionat de SuperSport finalitzant en setena posici\u00f3. I amb nom\u00e9s tres proves ha finalitzat en la taula general a la 18 posici\u00f3 amb un total de 27 punts.<\/p>\n<p>Esperem que de cara a la temporada que pugui seguir competint i vegem ren\u00e9ixer a un altre H\u00e8ctor amb m\u00e9s experi\u00e8ncia i pugui aconseguir aquest t\u00edtol mundial. Informa, Elio Zan\u00f3n.<\/p>\n","protected":false},"excerpt":{"rendered":"<div class=\"mh-excerpt\">El passat cap de setmana es va celebrar l&#8217;\u00faltima prova del mundial de superbike al circuit de Losail (Qatar) i com \u00e9s norma es va fer de nit amb el conseg\u00fcent problema de acoblar-se a <a class=\"mh-excerpt-more\" href=\"https:\/\/www.tucomarca.com\/wordpress\/segunda\/ca\/hector-barbera-finalitza-el-campionat-de-superbikes-en-el-lloc-18-despres-dacabar-sete-al-circuit-de-losail-qatar\/\" title=\"H\u00e9ctor Barber\u00e1 finalitza el campionat de SuperBikes en el lloc 18 despr\u00e9s d&#8217;acabar set\u00e8 al circuit de Losail (Qatar)\">[+] <\/a><\/div>\n","protected":false},"author":1,"featured_media":76775,"comment_status":"open","ping_status":"open","sticky":false,"template":"","format":"standard","meta":{"footnotes":""},"categories":[10976,11003,10898,10904,10912,11011,10896],"tags":[11264],"class_list":{"0":"post-76777","1":"post","2":"type-post","3":"status-publish","4":"format-standard","5":"has-post-thumbnail","7":"category-dos-aguas-ca","8":"category-sports","9":"category-ventana-ca","10":"category-sin-categorizar-ca","11":"category-la-hoya-ca","12":"category-motociclismo-ca","13":"category-seccion-ca","14":"tag-esports-ca"},"_links":{"self":[{"href":"https:\/\/www.tucomarca.com\/wordpress\/segunda\/ca\/wp-json\/wp\/v2\/posts\/76777","targetHints":{"allow":["GET"]}}],"collection":[{"href":"https:\/\/www.tucomarca.com\/wordpress\/segunda\/ca\/wp-json\/wp\/v2\/posts"}],"about":[{"href":"https:\/\/www.tucomarca.com\/wordpress\/segunda\/ca\/wp-json\/wp\/v2\/types\/post"}],"author":[{"embeddable":true,"href":"https:\/\/www.tucomarca.com\/wordpress\/segunda\/ca\/wp-json\/wp\/v2\/users\/1"}],"replies":[{"embeddable":true,"href":"https:\/\/www.tucomarca.com\/wordpress\/segunda\/ca\/wp-json\/wp\/v2\/comments?post=76777"}],"version-history":[{"count":0,"href":"https:\/\/www.tucomarca.com\/wordpress\/segunda\/ca\/wp-json\/wp\/v2\/posts\/76777\/revisions"}],"wp:featuredmedia":[{"embeddable":true,"href":"https:\/\/www.tucomarca.com\/wordpress\/segunda\/ca\/wp-json\/wp\/v2\/media\/76775"}],"wp:attachment":[{"href":"https:\/\/www.tucomarca.com\/wordpress\/segunda\/ca\/wp-json\/wp\/v2\/media?parent=76777"}],"wp:term":[{"taxonomy":"category","embeddable":true,"href":"https:\/\/www.tucomarca.com\/wordpress\/segunda\/ca\/wp-json\/wp\/v2\/categories?post=76777"},{"taxonomy":"post_tag","embeddable":true,"href":"https:\/\/www.tucomarca.com\/wordpress\/segunda\/ca\/wp-json\/wp\/v2\/tags?post=76777"}],"curies":[{"name":"wp","href":"https:\/\/api.w.org\/{rel}","templated":true}]}}