{"id":76779,"date":"2018-10-30T22:01:06","date_gmt":"2018-10-30T20:01:06","guid":{"rendered":"http:\/\/www.tucomarca.com\/wordpress\/segunda\/?p=76779"},"modified":"2018-10-30T22:01:06","modified_gmt":"2018-10-30T20:01:06","slug":"fotogaleria-noves-activitats-per-a-totes-les-edats-a-la-x-fira-fica-de-xest","status":"publish","type":"post","link":"https:\/\/www.tucomarca.com\/wordpress\/segunda\/ca\/fotogaleria-noves-activitats-per-a-totes-les-edats-a-la-x-fira-fica-de-xest\/","title":{"rendered":"Fotogaleria: Noves activitats per a totes les edats a la X Fira FICA de Xest"},"content":{"rendered":"<figure id=\"attachment_76772\" aria-describedby=\"caption-attachment-76772\" style=\"width: 302px\" class=\"wp-caption alignleft\"><img loading=\"lazy\" decoding=\"async\" class=\" wp-image-76772\" src=\"http:\/\/www.tucomarca.com\/wordpress\/segunda\/wp-content\/uploads\/2018\/10\/13FICA.jpeg\" alt=\"La d\u00e9cima edici\u00f3n de la FICA, Feria Intercultural, Comercial y Alternativa de Cheste, organizada por la concejal\u00eda de Comercio.\" width=\"302\" height=\"201\" srcset=\"https:\/\/www.tucomarca.com\/wordpress\/segunda\/wp-content\/uploads\/2018\/10\/13FICA.jpeg 5472w, https:\/\/www.tucomarca.com\/wordpress\/segunda\/wp-content\/uploads\/2018\/10\/13FICA-300x200.jpeg 300w, https:\/\/www.tucomarca.com\/wordpress\/segunda\/wp-content\/uploads\/2018\/10\/13FICA-768x512.jpeg 768w, https:\/\/www.tucomarca.com\/wordpress\/segunda\/wp-content\/uploads\/2018\/10\/13FICA-1024x683.jpeg 1024w\" sizes=\"auto, (max-width: 302px) 100vw, 302px\" \/><figcaption id=\"caption-attachment-76772\" class=\"wp-caption-text\">La desena edici\u00f3 de la FICA, Fira Intercultural, Comercial i Alternativa de Cheste, organitzada per la regidoria de Comer\u00e7.<\/figcaption><\/figure>\n<p>Dissabte passat, 27 d&#8217;octubre, arrencava la desena edici\u00f3 de la FICA, Fira Intercultural, Comercial i Alternativa de Xest, organitzada per la regidoria de Comer\u00e7.<br \/>\nEn horari d&#8217;11,00 a 14,00 i de 18,00 a 22,00 hores, la pla\u00e7a del Mercat de Xest va albergar estands d&#8217;associacions, comerciants, artesans i artesanes que van mostrar i van vendre els seus productes. \u00abEntre les novetats d&#8217;aquest any hi ha el canvi d&#8217;ubicaci\u00f3, que respon a la sol\u00b7licitud dels comerciants del Mercat Municipal per estar presents a la FICA\u00bb, explicava Ainoha Albiach, la regidora de Comer\u00e7.<br \/>\n\u00abA m\u00e9s, en aquesta edici\u00f3 hem ampliat l&#8217;oferta d&#8217;activitats paral\u00b7leles a la fira, s&#8217;han duplicat les actuacions musicals, hi ha m\u00e9s activitats infantils i s&#8217;ha programat una desfilada canina per promoure l&#8217;adopci\u00f3 de gossos sense llar, a c\u00e0rrec de Jadoul M\u00e9s que Gossos, una associaci\u00f3 local \u00bb.<br \/>\nUna altra de les apostes de la X FICA ha estat incloure oferta gastron\u00f2mica. \u00abAquesta era una demanda que venia manifestant-se en els \u00faltims anys per part de les persones que visitaven la fira; per aix\u00f2 aquest any hem organitzat un &#8220;Tardeo&#8221;, a c\u00e0rrec dels comerciants del mercat, que han preparat una carta molt completa de tapes i begudes amb tota la seva il\u00b7lusi\u00f3 \u00bb, destacava Albiach.<br \/>\n\u00abD&#8217;altra banda, per animar l&#8217;ambient de la fira, tamb\u00e9 comptem amb l&#8217;\u00fanica tuna femenina de Val\u00e8ncia, de la universitat de Medicina. La nostra idea \u00e9s fer que la FICA vaig continuar consolidant any rere any, a trav\u00e9s de la programaci\u00f3 de m\u00e9s activitats que la facin atractiva, tant per al p\u00fablic que la visita, com per als i les comerciants \u00bb.<br \/>\n\u00abLa FICA d\u00f3na espai a comer\u00e7os, artesans i artesanes i associacions, sobretot amb la finalitat que ensenyem a qu\u00e8 ens dediquem o qu\u00e8 podem oferir. Personalment em sembla molt bona idea i crec que t\u00e9 bona acollida per part de la gent del poble \u00bb, afirmava Ruth Gisbert, una de les participants a la fira.<br \/>\n\u00abEn el nostre cas, estem fundant una nova associaci\u00f3 aqu\u00ed a Xest, el Rebost, i hem tingut l&#8217;oportunitat de participar en l&#8217;FICA per donar-nos a con\u00e8ixer. Som un grup d&#8217;amics i amigues que compartim l&#8217;afici\u00f3 per la cuina i la nostra intenci\u00f3 \u00e9s recopilar receptes de Xest, com la coca de chichurritas, que ja no es fan en cap fleca de Xest, amb la finalitat de mantenir viva la tradici\u00f3 gastron\u00f2mica de nostre poble i promocionar-la\u00bb.<br \/>\nLa X FICA va comptar amb jocs infantils amb un castell inflable, llits el\u00e0stics, globofl\u00e8xia i pintacares. A m\u00e9s, comer\u00e7os i entitats locals, com Zurh, Sonia Sabateria, Jadoul M\u00e9s que Gossos, Psicologoteca, Maria Tello, l&#8217;escola La Pineda i l&#8217;associaci\u00f3 Isl\u00e0mica van oferir tallers gratu\u00efts per a totes les edats.<br \/>\nCoincidint amb el &#8220;Tardeo&#8221; de dissabte van tenir lloc dues actuacions de m\u00fasica en directe, a c\u00e0rrec de Bibrass D&#8217;Or i No Named Band i la fira va finalitzar diumenge amb una desfilada de moda protagonitzat per la reina de les festes de la Verema i la seua Cort d&#8217;Honor; a c\u00e0rrec de Zurh, Bacobo, Pixword, N\u00faria Perruqueria, Dami\u00e0 Rubert i Celia M\u00e1\u00f1ez Bochons.<\/p>\n","protected":false},"excerpt":{"rendered":"<div class=\"mh-excerpt\">Dissabte passat, 27 d&#8217;octubre, arrencava la desena edici\u00f3 de la FICA, Fira Intercultural, Comercial i Alternativa de Xest, organitzada per la regidoria de Comer\u00e7. En horari d&#8217;11,00 a 14,00 i de 18,00 a 22,00 hores, <a class=\"mh-excerpt-more\" href=\"https:\/\/www.tucomarca.com\/wordpress\/segunda\/ca\/fotogaleria-noves-activitats-per-a-totes-les-edats-a-la-x-fira-fica-de-xest\/\" title=\"Fotogaleria: Noves activitats per a totes les edats a la X Fira FICA de Xest\">[+] <\/a><\/div>\n","protected":false},"author":2,"featured_media":76773,"comment_status":"open","ping_status":"open","sticky":false,"template":"","format":"standard","meta":{"footnotes":""},"categories":[10898,10912,11007,10896,10974],"tags":[11222,11300],"class_list":{"0":"post-76779","1":"post","2":"type-post","3":"status-publish","4":"format-standard","5":"has-post-thumbnail","7":"category-ventana-ca","8":"category-la-hoya-ca","9":"category-ocio-y-cultura-ca","10":"category-seccion-ca","11":"category-cheste-ca","12":"tag-ayuntamiento-de-cheste-ca","13":"tag-x-fica-cheste-ca"},"_links":{"self":[{"href":"https:\/\/www.tucomarca.com\/wordpress\/segunda\/ca\/wp-json\/wp\/v2\/posts\/76779","targetHints":{"allow":["GET"]}}],"collection":[{"href":"https:\/\/www.tucomarca.com\/wordpress\/segunda\/ca\/wp-json\/wp\/v2\/posts"}],"about":[{"href":"https:\/\/www.tucomarca.com\/wordpress\/segunda\/ca\/wp-json\/wp\/v2\/types\/post"}],"author":[{"embeddable":true,"href":"https:\/\/www.tucomarca.com\/wordpress\/segunda\/ca\/wp-json\/wp\/v2\/users\/2"}],"replies":[{"embeddable":true,"href":"https:\/\/www.tucomarca.com\/wordpress\/segunda\/ca\/wp-json\/wp\/v2\/comments?post=76779"}],"version-history":[{"count":0,"href":"https:\/\/www.tucomarca.com\/wordpress\/segunda\/ca\/wp-json\/wp\/v2\/posts\/76779\/revisions"}],"wp:featuredmedia":[{"embeddable":true,"href":"https:\/\/www.tucomarca.com\/wordpress\/segunda\/ca\/wp-json\/wp\/v2\/media\/76773"}],"wp:attachment":[{"href":"https:\/\/www.tucomarca.com\/wordpress\/segunda\/ca\/wp-json\/wp\/v2\/media?parent=76779"}],"wp:term":[{"taxonomy":"category","embeddable":true,"href":"https:\/\/www.tucomarca.com\/wordpress\/segunda\/ca\/wp-json\/wp\/v2\/categories?post=76779"},{"taxonomy":"post_tag","embeddable":true,"href":"https:\/\/www.tucomarca.com\/wordpress\/segunda\/ca\/wp-json\/wp\/v2\/tags?post=76779"}],"curies":[{"name":"wp","href":"https:\/\/api.w.org\/{rel}","templated":true}]}}