{"id":76787,"date":"2018-10-30T21:47:03","date_gmt":"2018-10-30T19:47:03","guid":{"rendered":"http:\/\/www.tucomarca.com\/wordpress\/segunda\/?p=76787"},"modified":"2018-10-30T21:47:03","modified_gmt":"2018-10-30T19:47:03","slug":"gran-paper-dels-joves-del-moto-club-bunyol-a-la-copa-despanya-denduro-infantil-a-segovia","status":"publish","type":"post","link":"https:\/\/www.tucomarca.com\/wordpress\/segunda\/ca\/gran-paper-dels-joves-del-moto-club-bunyol-a-la-copa-despanya-denduro-infantil-a-segovia\/","title":{"rendered":"Gran paper dels joves del Moto Club Bunyol a la Copa d&#8217;Espanya d&#8217;Enduro Infantil a Seg\u00f2via"},"content":{"rendered":"<figure id=\"attachment_76783\" aria-describedby=\"caption-attachment-76783\" style=\"width: 338px\" class=\"wp-caption alignleft\"><img loading=\"lazy\" decoding=\"async\" class=\" wp-image-76783\" src=\"http:\/\/www.tucomarca.com\/wordpress\/segunda\/wp-content\/uploads\/2018\/10\/MotoClubBunyol.jpg\" alt=\"Gran papel de los j\u00f3venes del MC Bu\u00f1ol en la Copa de Espa\u00f1a de Enduro Infantil.\" width=\"338\" height=\"451\" srcset=\"https:\/\/www.tucomarca.com\/wordpress\/segunda\/wp-content\/uploads\/2018\/10\/MotoClubBunyol.jpg 1200w, https:\/\/www.tucomarca.com\/wordpress\/segunda\/wp-content\/uploads\/2018\/10\/MotoClubBunyol-225x300.jpg 225w, https:\/\/www.tucomarca.com\/wordpress\/segunda\/wp-content\/uploads\/2018\/10\/MotoClubBunyol-768x1024.jpg 768w, https:\/\/www.tucomarca.com\/wordpress\/segunda\/wp-content\/uploads\/2018\/10\/MotoClubBunyol-1024x1365.jpg 1024w\" sizes=\"auto, (max-width: 338px) 100vw, 338px\" \/><figcaption id=\"caption-attachment-76783\" class=\"wp-caption-text\">Gran papel de los j\u00f3venes del MC Bu\u00f1ol en la Copa de Espa\u00f1a de Enduro Infantil.<\/figcaption><\/figure>\n<p>El passat cap de setmana es va celebrar la segona prova de la Copa d&#8217;Espanya d&#8217;Enduro Infantil en els \u00c0ngels de San Rafael (Seg\u00f2via).<\/p>\n<p>Amb temperatures molt fredes els petits del Moto Club Bunyol van comen\u00e7ar les proves per un circuit bastant accessible i amb un terreny rellisc\u00f3s per les pluges caigudes, duresa que els pilots van saber superar i lluitar per aconseguir els millors resultats d&#8217;aquest campionat en aquesta segona prova del nacional d&#8217;Enduro Infantil.<\/p>\n<p>Aix\u00ed doncs els resultats van ser: en 50 cc Carlos Grollo va ser primer, en 65 cc Vicente Galarza va ser cinqu\u00e8 i en 85 cc Jaume Ballester va ser des\u00e8, amb el que en la classificaci\u00f3 general tenim en 65 cc Vicente Galarza \u00e9s sis\u00e8 i en 85 cc Jaume Ballester \u00e9s al lloc 12; no hi ha classificaci\u00f3 en 50 cc per no tenir un gatet de cinc pilots.<\/p>\n<p>A falta de l&#8217;\u00faltima prova, el 11 de novembre a Sant Mateu (Castell\u00f3), esperem que segueixin amb la seva bona traject\u00f2ria i aconsegueixin els objectius que tenen marcats en aquesta temporada. Informa, Elio Zan\u00f3n.<\/p>\n","protected":false},"excerpt":{"rendered":"<div class=\"mh-excerpt\">El passat cap de setmana es va celebrar la segona prova de la Copa d&#8217;Espanya d&#8217;Enduro Infantil en els \u00c0ngels de San Rafael (Seg\u00f2via). Amb temperatures molt fredes els petits del Moto Club Bunyol van <a class=\"mh-excerpt-more\" href=\"https:\/\/www.tucomarca.com\/wordpress\/segunda\/ca\/gran-paper-dels-joves-del-moto-club-bunyol-a-la-copa-despanya-denduro-infantil-a-segovia\/\" title=\"Gran paper dels joves del Moto Club Bunyol a la Copa d&#8217;Espanya d&#8217;Enduro Infantil a Seg\u00f2via\">[+] <\/a><\/div>\n","protected":false},"author":1,"featured_media":76784,"comment_status":"open","ping_status":"open","sticky":false,"template":"","format":"standard","meta":{"footnotes":""},"categories":[10911,11003,10904,10912,11011,10896],"tags":[11302],"class_list":{"0":"post-76787","1":"post","2":"type-post","3":"status-publish","4":"format-standard","5":"has-post-thumbnail","7":"category-bunol-ca","8":"category-sports","9":"category-sin-categorizar-ca","10":"category-la-hoya-ca","11":"category-motociclismo-ca","12":"category-seccion-ca","13":"tag-deporters-ca"},"_links":{"self":[{"href":"https:\/\/www.tucomarca.com\/wordpress\/segunda\/ca\/wp-json\/wp\/v2\/posts\/76787","targetHints":{"allow":["GET"]}}],"collection":[{"href":"https:\/\/www.tucomarca.com\/wordpress\/segunda\/ca\/wp-json\/wp\/v2\/posts"}],"about":[{"href":"https:\/\/www.tucomarca.com\/wordpress\/segunda\/ca\/wp-json\/wp\/v2\/types\/post"}],"author":[{"embeddable":true,"href":"https:\/\/www.tucomarca.com\/wordpress\/segunda\/ca\/wp-json\/wp\/v2\/users\/1"}],"replies":[{"embeddable":true,"href":"https:\/\/www.tucomarca.com\/wordpress\/segunda\/ca\/wp-json\/wp\/v2\/comments?post=76787"}],"version-history":[{"count":0,"href":"https:\/\/www.tucomarca.com\/wordpress\/segunda\/ca\/wp-json\/wp\/v2\/posts\/76787\/revisions"}],"wp:featuredmedia":[{"embeddable":true,"href":"https:\/\/www.tucomarca.com\/wordpress\/segunda\/ca\/wp-json\/wp\/v2\/media\/76784"}],"wp:attachment":[{"href":"https:\/\/www.tucomarca.com\/wordpress\/segunda\/ca\/wp-json\/wp\/v2\/media?parent=76787"}],"wp:term":[{"taxonomy":"category","embeddable":true,"href":"https:\/\/www.tucomarca.com\/wordpress\/segunda\/ca\/wp-json\/wp\/v2\/categories?post=76787"},{"taxonomy":"post_tag","embeddable":true,"href":"https:\/\/www.tucomarca.com\/wordpress\/segunda\/ca\/wp-json\/wp\/v2\/tags?post=76787"}],"curies":[{"name":"wp","href":"https:\/\/api.w.org\/{rel}","templated":true}]}}