{"id":76845,"date":"2018-11-02T15:20:44","date_gmt":"2018-11-02T13:20:44","guid":{"rendered":"http:\/\/www.tucomarca.com\/wordpress\/segunda\/?p=76845"},"modified":"2018-11-02T15:20:44","modified_gmt":"2018-11-02T13:20:44","slug":"manuel-alcaraz-ha-participat-en-la-presentacio-del-web-govern-obert-de-lajuntament-de-riba-roja","status":"publish","type":"post","link":"https:\/\/www.tucomarca.com\/wordpress\/segunda\/ca\/manuel-alcaraz-ha-participat-en-la-presentacio-del-web-govern-obert-de-lajuntament-de-riba-roja\/","title":{"rendered":"Manuel Alcaraz ha participat en la presentaci\u00f3 del web &#8216;Govern Obert&#8217; de l&#8217;ajuntament de Riba-roja"},"content":{"rendered":"<figure id=\"attachment_76842\" aria-describedby=\"caption-attachment-76842\" style=\"width: 258px\" class=\"wp-caption alignleft\"><img loading=\"lazy\" decoding=\"async\" class=\" wp-image-76842\" src=\"http:\/\/www.tucomarca.com\/wordpress\/segunda\/wp-content\/uploads\/2018\/11\/riba-roja.jpg\" alt=\"El conseller Alcaraz ha destacado la importancia de esta &quot;nueva herramienta de transparencia&quot;.\" width=\"258\" height=\"344\" srcset=\"https:\/\/www.tucomarca.com\/wordpress\/segunda\/wp-content\/uploads\/2018\/11\/riba-roja.jpg 1200w, https:\/\/www.tucomarca.com\/wordpress\/segunda\/wp-content\/uploads\/2018\/11\/riba-roja-225x300.jpg 225w, https:\/\/www.tucomarca.com\/wordpress\/segunda\/wp-content\/uploads\/2018\/11\/riba-roja-768x1024.jpg 768w, https:\/\/www.tucomarca.com\/wordpress\/segunda\/wp-content\/uploads\/2018\/11\/riba-roja-1024x1364.jpg 1024w\" sizes=\"auto, (max-width: 258px) 100vw, 258px\" \/><figcaption id=\"caption-attachment-76842\" class=\"wp-caption-text\">El conseller Alcaraz ha destacado la importancia de esta &#8220;nueva herramienta de transparencia&#8221;.<\/figcaption><\/figure>\n<p>El conseller de Transpar\u00e8ncia, Responsabilitat Social, Participaci\u00f3 i Cooperaci\u00f3, Manuel Alcaraz, ha participat en la presentaci\u00f3 del web &#8216;Govern Obert&#8217; de l&#8217;ajuntament de Riba-roja, acte en qu\u00e8 ha estat acompanyat per l&#8217;alcalde de Riba-roja, Robert Raga, i el regidor de Transpar\u00e8ncia i Participaci\u00f3, Rafael G\u00f3mez.<\/p>\n<p>El conseller Alcaraz ha destacat la import\u00e0ncia d&#8217;aquesta &#8220;nova eina de transpar\u00e8ncia&#8221; que l&#8217;ajuntament de Riba-roja posa a disposici\u00f3 de tots els ciutadans i ciutadanes &#8220;per ser un govern m\u00e9s obert i on la participaci\u00f3 tingui m\u00e9s pes en l&#8217;\u00e0mbit local&#8221; .<\/p>\n<p>El conseller de Transpar\u00e8ncia ha afirmat que iniciatives com aquesta &#8220;s\u00f3n clau per recuperar la confian\u00e7a de la ciutadania cap a les seves institucions i la gesti\u00f3 de les pol\u00edtiques p\u00fabliques&#8221;.<\/p>\n<p>El nou portal www.gobiernoabierto.ribarroja.es permetr\u00e0 a la ciutadania realitzar tr\u00e0mits de forma on line; consultar informaci\u00f3 sobre l&#8217;activitat p\u00fablica, els sous dels pol\u00edtics, on van destinats els impostos o les ajudes i subvencions; apropar-se de forma f\u00e0cil i atractiva als pressupostos municipals i la seva execuci\u00f3 a trav\u00e9s d&#8217;un Visor Pressupostari; a m\u00e9s de fomentar la participaci\u00f3 dels ciutadans i ciutadanes, entre altres q\u00fcestions.<\/p>\n","protected":false},"excerpt":{"rendered":"<div class=\"mh-excerpt\">El conseller de Transpar\u00e8ncia, Responsabilitat Social, Participaci\u00f3 i Cooperaci\u00f3, Manuel Alcaraz, ha participat en la presentaci\u00f3 del web &#8216;Govern Obert&#8217; de l&#8217;ajuntament de Riba-roja, acte en qu\u00e8 ha estat acompanyat per l&#8217;alcalde de Riba-roja, Robert <a class=\"mh-excerpt-more\" href=\"https:\/\/www.tucomarca.com\/wordpress\/segunda\/ca\/manuel-alcaraz-ha-participat-en-la-presentacio-del-web-govern-obert-de-lajuntament-de-riba-roja\/\" title=\"Manuel Alcaraz ha participat en la presentaci\u00f3 del web &#8216;Govern Obert&#8217; de l&#8217;ajuntament de Riba-roja\">[+] <\/a><\/div>\n","protected":false},"author":1,"featured_media":76843,"comment_status":"open","ping_status":"open","sticky":false,"template":"","format":"standard","meta":{"footnotes":""},"categories":[10892,10948,10894,10947,10906,10896],"tags":[11102],"class_list":{"0":"post-76845","1":"post","2":"type-post","3":"status-publish","4":"format-standard","5":"has-post-thumbnail","7":"category-camp-de-turia-ca","8":"category-infraestructuras-ca","9":"category-la-comarca-ca","10":"category-politica","11":"category-riba-roja-ca","12":"category-seccion-ca","13":"tag-riba-roja-2-ca"},"_links":{"self":[{"href":"https:\/\/www.tucomarca.com\/wordpress\/segunda\/ca\/wp-json\/wp\/v2\/posts\/76845","targetHints":{"allow":["GET"]}}],"collection":[{"href":"https:\/\/www.tucomarca.com\/wordpress\/segunda\/ca\/wp-json\/wp\/v2\/posts"}],"about":[{"href":"https:\/\/www.tucomarca.com\/wordpress\/segunda\/ca\/wp-json\/wp\/v2\/types\/post"}],"author":[{"embeddable":true,"href":"https:\/\/www.tucomarca.com\/wordpress\/segunda\/ca\/wp-json\/wp\/v2\/users\/1"}],"replies":[{"embeddable":true,"href":"https:\/\/www.tucomarca.com\/wordpress\/segunda\/ca\/wp-json\/wp\/v2\/comments?post=76845"}],"version-history":[{"count":0,"href":"https:\/\/www.tucomarca.com\/wordpress\/segunda\/ca\/wp-json\/wp\/v2\/posts\/76845\/revisions"}],"wp:featuredmedia":[{"embeddable":true,"href":"https:\/\/www.tucomarca.com\/wordpress\/segunda\/ca\/wp-json\/wp\/v2\/media\/76843"}],"wp:attachment":[{"href":"https:\/\/www.tucomarca.com\/wordpress\/segunda\/ca\/wp-json\/wp\/v2\/media?parent=76845"}],"wp:term":[{"taxonomy":"category","embeddable":true,"href":"https:\/\/www.tucomarca.com\/wordpress\/segunda\/ca\/wp-json\/wp\/v2\/categories?post=76845"},{"taxonomy":"post_tag","embeddable":true,"href":"https:\/\/www.tucomarca.com\/wordpress\/segunda\/ca\/wp-json\/wp\/v2\/tags?post=76845"}],"curies":[{"name":"wp","href":"https:\/\/api.w.org\/{rel}","templated":true}]}}