{"id":76903,"date":"2018-11-02T19:58:36","date_gmt":"2018-11-02T17:58:36","guid":{"rendered":"http:\/\/www.tucomarca.com\/wordpress\/segunda\/?p=76903"},"modified":"2018-11-02T15:46:16","modified_gmt":"2018-11-02T13:46:16","slug":"jornada-de-derbis-en-la-hoya-el-chiva-cf-recibe-a-la-ud%e2%80%88godelleta-y-el-atletico-macastre-al-turis","status":"publish","type":"post","link":"https:\/\/www.tucomarca.com\/wordpress\/segunda\/ca\/jornada-de-derbis-en-la-hoya-el-chiva-cf-recibe-a-la-ud%e2%80%88godelleta-y-el-atletico-macastre-al-turis\/","title":{"rendered":"Jornada de derbis a La Foia: el Xiva CF rep a la UD Godelleta i l&#8217;Atl\u00e8tic Macastre al Tur\u00eds"},"content":{"rendered":"<p>Jornada de derbis per als equips de l&#8217;Hoya a Segona Regional, on els quatre representants de la comarca es preveu que mostrin molta intensitat i fair play.<\/p>\n<p>El Chiva CF col\u00edder de Germ\u00e1n s&#8217;enfronta a la UD Godelleta de Domingo (lloc 13) ambd\u00f3s sumant l&#8217;anterior jornada: Xiva 0-3 a Paiporta i Godelleta 2-2 davant Macastre en el derbi, pel que tenen poc a perdre i molt que guanyar en un gran partit de derbi amb molt orgull en joc.<\/p>\n<p>El t\u00e8cnic de l&#8217;equip l\u00edder, Germ\u00e1n, ha parlat per tucomarca.com: \u00abEsperem que puguem aconseguir els tres punts despr\u00e9s d&#8217;una din\u00e0mica tan positiva i d&#8217;haver aconseguit treure a tres sortides consecutives. Esperem a un Godelleta que pel que diu la classificaci\u00f3, sembla rival f\u00e0cil, per\u00f2 estem conven\u00e7uts que no ho van a ser i donar\u00e0 el m\u00e0xim contra nosaltres. A l&#8217;afici\u00f3 li diem que amb il\u00b7lusi\u00f3 els esperem perqu\u00e8 acudeixi al camp el major nombre de gent perqu\u00e8 l&#8217;equip els necessita i est\u00e0 amb moltes ganes de jugar davant ells i elles, a m\u00e9s de seguir amb la ratxa de vict\u00f2ries amb ells a coll, no els defraudarem \u00bb.<\/p>\n<p><strong>Macastre- Tur\u00eds Preferent<\/strong><\/p>\n<p>L&#8217;altre derbi de la jornada l&#8217;ofereix l&#8217;Atl\u00e8tic de Macastre que rep als seus ve\u00efns de Tur\u00eds, actuals cuer i pen\u00faltim, amb un sol punt en el seu haver dos, de manera que els dos voldran sortir d&#8217;aquesta zona baixa i davant ve\u00efns les vict\u00f2ries saben millor. Tant els de Manolo com els d&#8217;Andr\u00e9s Montoya voldran guanyar, sumar els tres punts i emportar-se el orgull de v\u00e8ncer en el derbi entre ve\u00efns. B\u00e9 \u00e9s cert que la din\u00e0mica del Macastre empatant a 2 \u00e9s millor que la golejada recent del Tur\u00eds per 1-7, per\u00f2 els derbis poc importa com vinguin, sin\u00f3 la intensitat en el gruix del mateix. Informa, Ra\u00fal Miralles @raulmks<\/p>\n","protected":false},"excerpt":{"rendered":"<div class=\"mh-excerpt\">Jornada de derbis per als equips de l&#8217;Hoya a Segona Regional, on els quatre representants de la comarca es preveu que mostrin molta intensitat i fair play. El Chiva CF col\u00edder de Germ\u00e1n s&#8217;enfronta a <a class=\"mh-excerpt-more\" href=\"https:\/\/www.tucomarca.com\/wordpress\/segunda\/ca\/jornada-de-derbis-en-la-hoya-el-chiva-cf-recibe-a-la-ud%e2%80%88godelleta-y-el-atletico-macastre-al-turis\/\" title=\"Jornada de derbis a La Foia: el Xiva CF rep a la UD Godelleta i l&#8217;Atl\u00e8tic Macastre al Tur\u00eds\">[+] <\/a><\/div>\n","protected":false},"author":1,"featured_media":75905,"comment_status":"open","ping_status":"open","sticky":false,"template":"","format":"standard","meta":{"footnotes":""},"categories":[11015,11003,10898,10977,10912,10902,10978,10896,11047,10975],"tags":[11074,11264],"class_list":{"0":"post-76903","1":"post","2":"type-post","3":"status-publish","4":"format-standard","5":"has-post-thumbnail","7":"category-canal-futbol","8":"category-sports","9":"category-ventana-ca","10":"category-godelleta-ca","11":"category-la-hoya-ca","12":"category-la-ribera-ca","13":"category-macastre-ca","14":"category-seccion-ca","15":"category-turis-ca","16":"category-chiva-ca","17":"tag-deportes-ca","18":"tag-esports-ca"},"_links":{"self":[{"href":"https:\/\/www.tucomarca.com\/wordpress\/segunda\/ca\/wp-json\/wp\/v2\/posts\/76903","targetHints":{"allow":["GET"]}}],"collection":[{"href":"https:\/\/www.tucomarca.com\/wordpress\/segunda\/ca\/wp-json\/wp\/v2\/posts"}],"about":[{"href":"https:\/\/www.tucomarca.com\/wordpress\/segunda\/ca\/wp-json\/wp\/v2\/types\/post"}],"author":[{"embeddable":true,"href":"https:\/\/www.tucomarca.com\/wordpress\/segunda\/ca\/wp-json\/wp\/v2\/users\/1"}],"replies":[{"embeddable":true,"href":"https:\/\/www.tucomarca.com\/wordpress\/segunda\/ca\/wp-json\/wp\/v2\/comments?post=76903"}],"version-history":[{"count":0,"href":"https:\/\/www.tucomarca.com\/wordpress\/segunda\/ca\/wp-json\/wp\/v2\/posts\/76903\/revisions"}],"wp:featuredmedia":[{"embeddable":true,"href":"https:\/\/www.tucomarca.com\/wordpress\/segunda\/ca\/wp-json\/wp\/v2\/media\/75905"}],"wp:attachment":[{"href":"https:\/\/www.tucomarca.com\/wordpress\/segunda\/ca\/wp-json\/wp\/v2\/media?parent=76903"}],"wp:term":[{"taxonomy":"category","embeddable":true,"href":"https:\/\/www.tucomarca.com\/wordpress\/segunda\/ca\/wp-json\/wp\/v2\/categories?post=76903"},{"taxonomy":"post_tag","embeddable":true,"href":"https:\/\/www.tucomarca.com\/wordpress\/segunda\/ca\/wp-json\/wp\/v2\/tags?post=76903"}],"curies":[{"name":"wp","href":"https:\/\/api.w.org\/{rel}","templated":true}]}}