{"id":76938,"date":"2018-11-03T14:10:25","date_gmt":"2018-11-03T12:10:25","guid":{"rendered":"http:\/\/www.tucomarca.com\/wordpress\/segunda\/?p=76938"},"modified":"2018-11-03T14:10:25","modified_gmt":"2018-11-03T12:10:25","slug":"la-unio-de-la-ribera-alta-denuncia-que-la-proliferacio-de-citrics-de-sud-africa-senfonsa-per-tercer-any-consecutiu-la-campanya-de-varietats-primerenques","status":"publish","type":"post","link":"https:\/\/www.tucomarca.com\/wordpress\/segunda\/ca\/la-unio-de-la-ribera-alta-denuncia-que-la-proliferacio-de-citrics-de-sud-africa-senfonsa-per-tercer-any-consecutiu-la-campanya-de-varietats-primerenques\/","title":{"rendered":"La Uni\u00f3 de la Ribera Alta denuncia que la proliferaci\u00f3 de c\u00edtrics de Sud-\u00e0frica s&#8217;enfonsa per tercer any consecutiu la campanya de varietats primerenques"},"content":{"rendered":"<div class=\"\">\n<div class=\"\">\n<p>La Uni\u00f3 de Llauradors de la Ribera Alta denuncia que l&#8217;acord de lliure comer\u00e7 entre la Uni\u00f3 Europea i Sud-\u00e0frica, sobretot i entre altres coses, ha arru\u00efnat per tercer any consecutiu la campanya de varietats primerenques de c\u00edtrics a la comarca.<\/p>\n<p>Els lineals de supermercats i botigues de la comarca han estat plens de c\u00edtrics de Sud-\u00e0frica fins fa tot just uns dies. En contraposici\u00f3 a aix\u00f2, per posar alguns exemples, la mandarina Okitsu s&#8217;ha quedat en els arbres sense recol\u00b7lectar i la taronja Navelina t\u00e9 escasses operacions de compravenda i la major part d&#8217;elles a la baixa.<\/p>\n<p>Els elevats costos de producci\u00f3 d&#8217;aquest tipus de varietats primerenques, sumades a la compet\u00e8ncia deslleial de Sud-\u00e0frica i altres pa\u00efsos del Con Sud, ocasionen any rere any greus p\u00e8rdues econ\u00f2miques als citricultors de la Ribera.<\/p>\n<p>Aquestes p\u00e8rdues provoquen l&#8217;abandonament d&#8217;explotacions agr\u00edcoles i l&#8217;abs\u00e8ncia de relleu generacional, una caiguda de la renda per c\u00e0pita a la comarca; aix\u00ed com un augment de l&#8217;atur i inestabilitat laboral en sectors que depenen de l&#8217;agricultura, com ara subministraments agr\u00edcoles, transports, magatzems de confecci\u00f3 de c\u00edtrics, maquin\u00e0ria agr\u00edcola, etc.<\/p>\n<p>La Uni\u00f3 assenyala que a tot aix\u00f2 cal afegir que la seguretat agroaliment\u00e0ria i fitosanit\u00e0ria d&#8217;aquestes importacions de c\u00edtrics extracomunitaris, \u00e9s, com a m\u00ednim, dubtosa. Marc Ortiz, secretari comarcal de La Uni\u00f3 a la Ribera Alta, indica que &#8220;l&#8217;estricta legislaci\u00f3 comunit\u00e0ria que han de complir els nostres agricultors, no s&#8217;aplica ni s&#8217;exigeix \u200b\u200ba aquests pa\u00efsos, per la qual cosa vam patir un clar greuge comparatiu&#8221;.<\/p>\n<p>Davant d&#8217;aquesta situaci\u00f3, La Uni\u00f3 de Llauradors de la Ribera Alta exigeix \u200b\u200ba la Generalitat Valenciana, al Ministeri d&#8217;Agricultura, Pesca i Alimentaci\u00f3 ia la Comissi\u00f3 Europea que es doni prioritat a la producci\u00f3 de c\u00edtrics comunitaris i que s&#8217;exigeixin a les importacions de c\u00edtrics extracomunitaris les mateixes garanties aliment\u00e0ries i fitosanit\u00e0ries que s&#8217;exigeixen a les produccions comunit\u00e0ries, aix\u00ed com aranzels compensatoris pels menors costos de producci\u00f3 d&#8217;aquests tercers pa\u00efsos.<\/p>\n<\/div>\n<\/div>\n","protected":false},"excerpt":{"rendered":"<div class=\"mh-excerpt\">La Uni\u00f3 de Llauradors de la Ribera Alta denuncia que l&#8217;acord de lliure comer\u00e7 entre la Uni\u00f3 Europea i Sud-\u00e0frica, sobretot i entre altres coses, ha arru\u00efnat per tercer any consecutiu la campanya de varietats <a class=\"mh-excerpt-more\" href=\"https:\/\/www.tucomarca.com\/wordpress\/segunda\/ca\/la-unio-de-la-ribera-alta-denuncia-que-la-proliferacio-de-citrics-de-sud-africa-senfonsa-per-tercer-any-consecutiu-la-campanya-de-varietats-primerenques\/\" title=\"La Uni\u00f3 de la Ribera Alta denuncia que la proliferaci\u00f3 de c\u00edtrics de Sud-\u00e0frica s&#8217;enfonsa per tercer any consecutiu la campanya de varietats primerenques\">[+] <\/a><\/div>\n","protected":false},"author":1,"featured_media":76934,"comment_status":"open","ping_status":"open","sticky":false,"template":"","format":"standard","meta":{"footnotes":""},"categories":[10905,10898,10948,10894,10904,10902,10903,10896],"tags":[11077],"class_list":{"0":"post-76938","1":"post","2":"type-post","3":"status-publish","4":"format-standard","5":"has-post-thumbnail","7":"category-agricultura-la-comarca-ca","8":"category-ventana-ca","9":"category-infraestructuras-ca","10":"category-la-comarca-ca","11":"category-sin-categorizar-ca","12":"category-la-ribera-ca","13":"category-medio-ambiente-la-comarca-ca","14":"category-seccion-ca","15":"tag-la-ribera-alta-ca"},"_links":{"self":[{"href":"https:\/\/www.tucomarca.com\/wordpress\/segunda\/ca\/wp-json\/wp\/v2\/posts\/76938","targetHints":{"allow":["GET"]}}],"collection":[{"href":"https:\/\/www.tucomarca.com\/wordpress\/segunda\/ca\/wp-json\/wp\/v2\/posts"}],"about":[{"href":"https:\/\/www.tucomarca.com\/wordpress\/segunda\/ca\/wp-json\/wp\/v2\/types\/post"}],"author":[{"embeddable":true,"href":"https:\/\/www.tucomarca.com\/wordpress\/segunda\/ca\/wp-json\/wp\/v2\/users\/1"}],"replies":[{"embeddable":true,"href":"https:\/\/www.tucomarca.com\/wordpress\/segunda\/ca\/wp-json\/wp\/v2\/comments?post=76938"}],"version-history":[{"count":0,"href":"https:\/\/www.tucomarca.com\/wordpress\/segunda\/ca\/wp-json\/wp\/v2\/posts\/76938\/revisions"}],"wp:featuredmedia":[{"embeddable":true,"href":"https:\/\/www.tucomarca.com\/wordpress\/segunda\/ca\/wp-json\/wp\/v2\/media\/76934"}],"wp:attachment":[{"href":"https:\/\/www.tucomarca.com\/wordpress\/segunda\/ca\/wp-json\/wp\/v2\/media?parent=76938"}],"wp:term":[{"taxonomy":"category","embeddable":true,"href":"https:\/\/www.tucomarca.com\/wordpress\/segunda\/ca\/wp-json\/wp\/v2\/categories?post=76938"},{"taxonomy":"post_tag","embeddable":true,"href":"https:\/\/www.tucomarca.com\/wordpress\/segunda\/ca\/wp-json\/wp\/v2\/tags?post=76938"}],"curies":[{"name":"wp","href":"https:\/\/api.w.org\/{rel}","templated":true}]}}