{"id":77127,"date":"2018-11-06T09:08:57","date_gmt":"2018-11-06T07:08:57","guid":{"rendered":"http:\/\/www.tucomarca.com\/wordpress\/segunda\/?p=77127"},"modified":"2018-11-06T09:08:57","modified_gmt":"2018-11-06T07:08:57","slug":"mario-sanchez-es-presenta-aquest-divendres-com-a-candidat-a-lalcaldia-de-requena","status":"publish","type":"post","link":"https:\/\/www.tucomarca.com\/wordpress\/segunda\/ca\/mario-sanchez-es-presenta-aquest-divendres-com-a-candidat-a-lalcaldia-de-requena\/","title":{"rendered":"Mario S\u00e1nchez es presenta aquest divendres com a candidat a l&#8217;alcaldia de Requena"},"content":{"rendered":"<figure id=\"attachment_77128\" aria-describedby=\"caption-attachment-77128\" style=\"width: 379px\" class=\"wp-caption alignleft\"><img loading=\"lazy\" decoding=\"async\" class=\" wp-image-77128\" src=\"http:\/\/www.tucomarca.com\/wordpress\/segunda\/wp-content\/uploads\/2018\/11\/MarioSanchez.jpg\" alt=\"Cartel de la presentaci\u00f3n.\" width=\"379\" height=\"536\" srcset=\"https:\/\/www.tucomarca.com\/wordpress\/segunda\/wp-content\/uploads\/2018\/11\/MarioSanchez.jpg 1130w, https:\/\/www.tucomarca.com\/wordpress\/segunda\/wp-content\/uploads\/2018\/11\/MarioSanchez-212x300.jpg 212w, https:\/\/www.tucomarca.com\/wordpress\/segunda\/wp-content\/uploads\/2018\/11\/MarioSanchez-768x1087.jpg 768w, https:\/\/www.tucomarca.com\/wordpress\/segunda\/wp-content\/uploads\/2018\/11\/MarioSanchez-723x1024.jpg 723w, https:\/\/www.tucomarca.com\/wordpress\/segunda\/wp-content\/uploads\/2018\/11\/MarioSanchez-1024x1450.jpg 1024w\" sizes=\"auto, (max-width: 379px) 100vw, 379px\" \/><figcaption id=\"caption-attachment-77128\" class=\"wp-caption-text\">Cartel de la presentaci\u00f3n.<\/figcaption><\/figure>\n<p>El PSOE de Requena presentar\u00e0 aquest proper divendres, 9 de novembre, a Mario S\u00e1nchez com a candidat a l&#8217;alcaldia de Requena a les eleccions municipals de 2019.<\/p>\n<p>L&#8217;acte, obert a tot la ciutadania, tindr\u00e0 lloc a les 20,00 hores a l&#8217;Espai Cultural Feliciano Antonio Yeves de Requena. En finalitzar la presentaci\u00f3 se servir\u00e0 un vi d&#8217;honor per a tots els assistents.<\/p>\n","protected":false},"excerpt":{"rendered":"<div class=\"mh-excerpt\">El PSOE de Requena presentar\u00e0 aquest proper divendres, 9 de novembre, a Mario S\u00e1nchez com a candidat a l&#8217;alcaldia de Requena a les eleccions municipals de 2019. L&#8217;acte, obert a tot la ciutadania, tindr\u00e0 lloc <a class=\"mh-excerpt-more\" href=\"https:\/\/www.tucomarca.com\/wordpress\/segunda\/ca\/mario-sanchez-es-presenta-aquest-divendres-com-a-candidat-a-lalcaldia-de-requena\/\" title=\"Mario S\u00e1nchez es presenta aquest divendres com a candidat a l&#8217;alcaldia de Requena\">[+] <\/a><\/div>\n","protected":false},"author":1,"featured_media":77128,"comment_status":"open","ping_status":"open","sticky":false,"template":"","format":"standard","meta":{"footnotes":""},"categories":[11019,10894,10947,10908,10909,10896],"tags":[11099],"class_list":{"0":"post-77127","1":"post","2":"type-post","3":"status-publish","4":"format-standard","5":"has-post-thumbnail","7":"category-agenda-ca","8":"category-la-comarca-ca","9":"category-politica","10":"category-requena-ca","11":"category-requena-utiel-ca","12":"category-seccion-ca","13":"tag-requena-ca"},"_links":{"self":[{"href":"https:\/\/www.tucomarca.com\/wordpress\/segunda\/ca\/wp-json\/wp\/v2\/posts\/77127","targetHints":{"allow":["GET"]}}],"collection":[{"href":"https:\/\/www.tucomarca.com\/wordpress\/segunda\/ca\/wp-json\/wp\/v2\/posts"}],"about":[{"href":"https:\/\/www.tucomarca.com\/wordpress\/segunda\/ca\/wp-json\/wp\/v2\/types\/post"}],"author":[{"embeddable":true,"href":"https:\/\/www.tucomarca.com\/wordpress\/segunda\/ca\/wp-json\/wp\/v2\/users\/1"}],"replies":[{"embeddable":true,"href":"https:\/\/www.tucomarca.com\/wordpress\/segunda\/ca\/wp-json\/wp\/v2\/comments?post=77127"}],"version-history":[{"count":0,"href":"https:\/\/www.tucomarca.com\/wordpress\/segunda\/ca\/wp-json\/wp\/v2\/posts\/77127\/revisions"}],"wp:featuredmedia":[{"embeddable":true,"href":"https:\/\/www.tucomarca.com\/wordpress\/segunda\/ca\/wp-json\/wp\/v2\/media\/77128"}],"wp:attachment":[{"href":"https:\/\/www.tucomarca.com\/wordpress\/segunda\/ca\/wp-json\/wp\/v2\/media?parent=77127"}],"wp:term":[{"taxonomy":"category","embeddable":true,"href":"https:\/\/www.tucomarca.com\/wordpress\/segunda\/ca\/wp-json\/wp\/v2\/categories?post=77127"},{"taxonomy":"post_tag","embeddable":true,"href":"https:\/\/www.tucomarca.com\/wordpress\/segunda\/ca\/wp-json\/wp\/v2\/tags?post=77127"}],"curies":[{"name":"wp","href":"https:\/\/api.w.org\/{rel}","templated":true}]}}