{"id":77136,"date":"2018-11-06T09:15:01","date_gmt":"2018-11-06T07:15:01","guid":{"rendered":"http:\/\/www.tucomarca.com\/wordpress\/segunda\/?p=77136"},"modified":"2018-11-06T09:15:01","modified_gmt":"2018-11-06T07:15:01","slug":"familiars-dun-dels-morts-en-lexplosio-del-polvori-de-corrons-en-1951-visiten-la-zona-amb-lajuntament-de-bunyol","status":"publish","type":"post","link":"https:\/\/www.tucomarca.com\/wordpress\/segunda\/ca\/familiars-dun-dels-morts-en-lexplosio-del-polvori-de-corrons-en-1951-visiten-la-zona-amb-lajuntament-de-bunyol\/","title":{"rendered":"Familiars d&#8217;un dels morts en l&#8217;explosi\u00f3 del polvor\u00ed de Corrons en 1951 visiten la zona amb l&#8217;Ajuntament de Bunyol"},"content":{"rendered":"<figure id=\"attachment_77131\" aria-describedby=\"caption-attachment-77131\" style=\"width: 296px\" class=\"wp-caption alignleft\"><img loading=\"lazy\" decoding=\"async\" class=\" wp-image-77131\" src=\"http:\/\/www.tucomarca.com\/wordpress\/segunda\/wp-content\/uploads\/2018\/11\/corrons.jpg\" alt=\"Visita emotiva e hist\u00f3rica que hizo revivir momentos muy dif\u00edciles que atraves\u00f3 la poblaci\u00f3n durante varios d\u00edas.\" width=\"296\" height=\"218\" srcset=\"https:\/\/www.tucomarca.com\/wordpress\/segunda\/wp-content\/uploads\/2018\/11\/corrons.jpg 1372w, https:\/\/www.tucomarca.com\/wordpress\/segunda\/wp-content\/uploads\/2018\/11\/corrons-300x221.jpg 300w, https:\/\/www.tucomarca.com\/wordpress\/segunda\/wp-content\/uploads\/2018\/11\/corrons-768x565.jpg 768w, https:\/\/www.tucomarca.com\/wordpress\/segunda\/wp-content\/uploads\/2018\/11\/corrons-1024x753.jpg 1024w\" sizes=\"auto, (max-width: 296px) 100vw, 296px\" \/><figcaption id=\"caption-attachment-77131\" class=\"wp-caption-text\">Visita emotiva i hist\u00f2rica que va fer reviure moments molt dif\u00edcils que va travessar la poblaci\u00f3 durant diversos dies..<\/figcaption><\/figure>\n<p><strong>Visita emotiva i hist\u00f2rica que va fer reviure moments molt dif\u00edcils que va travessar la poblaci\u00f3 durant diversos dies<\/strong><\/p>\n<p>Jonquera Carrascosa, alcaldessa de Bunyol, i Rafael P\u00e9rez, primer tinent d&#8217;Alcalde de l&#8217;Ajuntament, van visitar la zona de Corrons el passat 17 d&#8217;octubre, al costat de familiars d&#8217;un dels morts en l&#8217;Explosi\u00f3 del Polvor\u00ed que va esdevenir en aquesta zona el 1951. suposa una de les trag\u00e8dies m\u00e9s recordades en la mem\u00f2ria hist\u00f2rica d&#8217;aquesta poblaci\u00f3 i que va ser cruelment silenciada pels mitjans de l&#8217;\u00e8poca. Van ser vuit els militars de lleva que van morir en aquesta explosi\u00f3. Tots ells joves de poc m\u00e9s de 18 anys que estaven realitzant el servei militar.<\/p>\n<p>Els seus familiars van saber fa molt poc temps que la mort va ser a causa d&#8217;una explosi\u00f3 de l&#8217;anomenat &#8220;polvor\u00ed de Bunyol&#8221;, ja que les autoritats de l&#8217;\u00e8poca els van transmetre que havia estat un accident en unes maniobres manejant explosiu.<\/p>\n<p>Els m\u00e0xims representants pol\u00edtics de l&#8217;Ajuntament de Bu\u00f1ol van rebre a familiars d&#8217;un dels morts, el cad\u00e0ver jeu en un cementiri de Val\u00e8ncia, i s\u00f3n d&#8217;Albacete. Despr\u00e9s d&#8217;anys de reunions i reclamacions per poder exhumar el cad\u00e0ver i traslladar-lo a la seva cementiri natal, nom\u00e9s els faltava reviure all\u00f2 que el seu familiar va viure.<\/p>\n<p>Juncal Carrascosa recorda: <em>&#8220;Mentre viv\u00edem moments molt emotius ens van traslladar la seva satisfacci\u00f3 per con\u00e8ixer de prop Bunyol i la seva gent, i comprovar que en els \u00faltims temps de la vida del seu oncle va estar vivint al costat de persones afables, properes, afectuoses i de gran cor, una cosa que ens portem per sempre&#8221;<\/em>.<\/p>\n<p>Segons l&#8217;historiador Pepe Medard, calia remuntar-se a 1937. <em>&#8220;En plena Guerra Civil, la rebel\u00b7li\u00f3 militar en contra de la II Rep\u00fablica aconsegueix en el front del Nord conquerir el Pa\u00eds Basc, nucli principal de la ind\u00fastria armament\u00edstica fidel al govern republic\u00e0. Preveient el desenlla\u00e7, el govern trasllada maquin\u00e0ries de producci\u00f3 i sobretot t\u00e8cnics especialistes a la zona de Llevant, on creen diversos nuclis de producci\u00f3 d&#8217;armes amb qu\u00e8 abastir a l&#8217;ex\u00e8rcit defensor del govern leg\u00edtim de la Naci\u00f3. Un d&#8217;ells ser\u00e0 la f\u00e0brica de Corrons. El 3 de desembre de 1938, amb la guerra ja pr\u00e0cticament guanyada per l&#8217;ex\u00e8rcit de Franco, es produeix el bombardeig de Xiva i Bunyol per part de la Legi\u00f3 Condor, composta per avions alemanys i italians, un m\u00e9s dels produ\u00efts sobre objectius civils per minar la moral republicana, dels quals surten indemnes la f\u00e0brica de ciments i la f\u00e0brica d&#8217;armes, potser intencionadament, per integrar-les r\u00e0pidament en el sistema productiu del nou r\u00e8gim. Despr\u00e9s de la fi de la guerra, la f\u00e0brica es transforma en polvor\u00ed on, al llarg de 3 anys, van arribant els excedents del conflicte en forma de projectils, que arriben a Bunyol per tren i s\u00f3n traslladats a Corrons amb el cami\u00f3 de l&#8217;oncle Agustina . Un cop all\u00e0 eren desmuntats, desactivats i emmagatzemats. Es calculen en milers de quilos dels explosius dipositats a les seves instal\u00b7lacions. Una dita popular deia &#8220;El dia que exploti el Polvor\u00ed, desapareixer\u00e0 Bunyol&#8221;.<\/em><\/p>\n<p><em>&#8220;I arribem al 31 de juliol de 1951, amb els ecos de la guerra civil encara recents i els efectes de la postguerra encara presents. Era un diumenge calor\u00f3s, de manera que la majoria dels bunyolers i bunyoleres eren a casa gaudint del seu dia de descans. Sobre les 11 del mat\u00ed se sent un estremidor estr\u00e8pit que fa tremolar les cases del poble i trenca la pau de diumenge. A continuaci\u00f3, m\u00e9s explosions. La gent espantada es feta al carrer a esbrinar qu\u00e8 passa. Tot d&#8217;una, comencen a sonar les campanes de l&#8217;esgl\u00e9sia del poble cridant a sometent.<\/em><\/p>\n<p><em>El poble es queda buit, excepte els que no poden valer-se per si mateixos. Ancians i malalts reben ajuda dels seus ve\u00efns per allunyar del que sembla la destrucci\u00f3 del poble. Tot i la por i que la gu\u00e0rdia civil passa per les cases ordenant el desallotjament, alguns romanen a casa per por al saqueig o perqu\u00e8 la malaltia els impedeix moure. Hi va haver herois an\u00f2nims que van ajudar a desallotjar un col\u00b7legi de nenes \u00f2rfenes proper a Corrons; altres van ajudar a ancians i malalts, hi va haver fins i tot qui va ser condecorat a posteriori, com el doctor Facundo Tom\u00e1s.<\/em><\/p>\n<p><em>Les explosions s\u00f3n cont\u00ednues i es mantenen diversos dies. A poc a poc torna la calma i la gent comen\u00e7a a tornar a les seves cases que, tot i haver rom\u00e0s obertes i buides, no han patit saquejos. Tot i l&#8217;aparatositat de l&#8217;explosi\u00f3, no hi ha v\u00edctimes, encara que curiosament es produiran despr\u00e9s. L&#8217;esclat provoca que surtin acomiadats projectils per la zona del voltant de Corrons. Algunes not\u00edcies orals parlen que alguns van arribar fins a la zona de l&#8217;Oliveral. A l&#8217;octubre de 1951 l&#8217;alcalde de Bunyol, Jes\u00fas Estell\u00e9s, en nom de la seva Corporaci\u00f3 municipal i els seus ve\u00efns, demanen el tancament o trasllat del polvor\u00ed. Tot i aix\u00f2, el polvor\u00ed segueix en funcionament i el 27 de gener es produeix una nova explosi\u00f3. Aquest cop s\u00ed que hi ha morts. Vuit soldats de reempla\u00e7ament del destacament d&#8217;artilleria moren mentre manipulen un artefacte. En algun moment entre finals dels 50 i els anys 70, el polvor\u00ed \u00e9s desmantellat, per\u00f2 es mant\u00e9 com a destacament d&#8217;artilleria, on alguns bunyolers van tenir la sort de poder fer el servei militar al costadet de casa\u201d.\u00a0<\/em><\/p>\n","protected":false},"excerpt":{"rendered":"<div class=\"mh-excerpt\">Visita emotiva i hist\u00f2rica que va fer reviure moments molt dif\u00edcils que va travessar la poblaci\u00f3 durant diversos dies Jonquera Carrascosa, alcaldessa de Bunyol, i Rafael P\u00e9rez, primer tinent d&#8217;Alcalde de l&#8217;Ajuntament, van visitar la <a class=\"mh-excerpt-more\" href=\"https:\/\/www.tucomarca.com\/wordpress\/segunda\/ca\/familiars-dun-dels-morts-en-lexplosio-del-polvori-de-corrons-en-1951-visiten-la-zona-amb-lajuntament-de-bunyol\/\" title=\"Familiars d&#8217;un dels morts en l&#8217;explosi\u00f3 del polvor\u00ed de Corrons en 1951 visiten la zona amb l&#8217;Ajuntament de Bunyol\">[+] <\/a><\/div>\n","protected":false},"author":2,"featured_media":77132,"comment_status":"open","ping_status":"open","sticky":false,"template":"","format":"standard","meta":{"footnotes":""},"categories":[10911,10894,10912,10896],"tags":[11158,10914],"class_list":{"0":"post-77136","1":"post","2":"type-post","3":"status-publish","4":"format-standard","5":"has-post-thumbnail","7":"category-bunol-ca","8":"category-la-comarca-ca","9":"category-la-hoya-ca","10":"category-seccion-ca","11":"tag-ayuntamiento-de-bunol-ca","12":"tag-la-hoya-de-bunol-chiva-ca"},"_links":{"self":[{"href":"https:\/\/www.tucomarca.com\/wordpress\/segunda\/ca\/wp-json\/wp\/v2\/posts\/77136","targetHints":{"allow":["GET"]}}],"collection":[{"href":"https:\/\/www.tucomarca.com\/wordpress\/segunda\/ca\/wp-json\/wp\/v2\/posts"}],"about":[{"href":"https:\/\/www.tucomarca.com\/wordpress\/segunda\/ca\/wp-json\/wp\/v2\/types\/post"}],"author":[{"embeddable":true,"href":"https:\/\/www.tucomarca.com\/wordpress\/segunda\/ca\/wp-json\/wp\/v2\/users\/2"}],"replies":[{"embeddable":true,"href":"https:\/\/www.tucomarca.com\/wordpress\/segunda\/ca\/wp-json\/wp\/v2\/comments?post=77136"}],"version-history":[{"count":0,"href":"https:\/\/www.tucomarca.com\/wordpress\/segunda\/ca\/wp-json\/wp\/v2\/posts\/77136\/revisions"}],"wp:featuredmedia":[{"embeddable":true,"href":"https:\/\/www.tucomarca.com\/wordpress\/segunda\/ca\/wp-json\/wp\/v2\/media\/77132"}],"wp:attachment":[{"href":"https:\/\/www.tucomarca.com\/wordpress\/segunda\/ca\/wp-json\/wp\/v2\/media?parent=77136"}],"wp:term":[{"taxonomy":"category","embeddable":true,"href":"https:\/\/www.tucomarca.com\/wordpress\/segunda\/ca\/wp-json\/wp\/v2\/categories?post=77136"},{"taxonomy":"post_tag","embeddable":true,"href":"https:\/\/www.tucomarca.com\/wordpress\/segunda\/ca\/wp-json\/wp\/v2\/tags?post=77136"}],"curies":[{"name":"wp","href":"https:\/\/api.w.org\/{rel}","templated":true}]}}