{"id":77205,"date":"2018-11-07T11:26:19","date_gmt":"2018-11-07T09:26:19","guid":{"rendered":"http:\/\/www.tucomarca.com\/wordpress\/segunda\/?p=77205"},"modified":"2018-11-07T11:26:19","modified_gmt":"2018-11-07T09:26:19","slug":"riba-roja-busca-dos-veins-afusellats-i-soterrats-en-fosses-comunes-de-villar-de-larquebisbe-en-finalitzar-la-guerra-civil","status":"publish","type":"post","link":"https:\/\/www.tucomarca.com\/wordpress\/segunda\/ca\/riba-roja-busca-dos-veins-afusellats-i-soterrats-en-fosses-comunes-de-villar-de-larquebisbe-en-finalitzar-la-guerra-civil\/","title":{"rendered":"Riba-roja busca dos ve\u00efns afusellats i soterrats en fosses comunes de Villar de l&#8217;Arquebisbe en finalitzar la guerra civil"},"content":{"rendered":"<figure id=\"attachment_77202\" aria-describedby=\"caption-attachment-77202\" style=\"width: 218px\" class=\"wp-caption alignleft\"><img loading=\"lazy\" decoding=\"async\" class=\" wp-image-77202\" src=\"http:\/\/www.tucomarca.com\/wordpress\/segunda\/wp-content\/uploads\/2018\/11\/sepultado.jpg\" alt=\"El consistorio inicia contactos con su hom\u00f3logo de Villar para su b\u00fasqueda.\" width=\"218\" height=\"291\" srcset=\"https:\/\/www.tucomarca.com\/wordpress\/segunda\/wp-content\/uploads\/2018\/11\/sepultado.jpg 1200w, https:\/\/www.tucomarca.com\/wordpress\/segunda\/wp-content\/uploads\/2018\/11\/sepultado-225x300.jpg 225w, https:\/\/www.tucomarca.com\/wordpress\/segunda\/wp-content\/uploads\/2018\/11\/sepultado-768x1024.jpg 768w, https:\/\/www.tucomarca.com\/wordpress\/segunda\/wp-content\/uploads\/2018\/11\/sepultado-1024x1365.jpg 1024w\" sizes=\"auto, (max-width: 218px) 100vw, 218px\" \/><figcaption id=\"caption-attachment-77202\" class=\"wp-caption-text\">El consistori inicia contactes amb el seu hom\u00f2leg de Villar per la seva cerca.<\/figcaption><\/figure>\n<p><strong>El consistori inicia contactes amb el seu hom\u00f2leg de Villar per la seva recerca<\/strong><\/p>\n<p>L&#8217;Ajuntament de Riba-roja de T\u00faria ha iniciat un proc\u00e9s amb l&#8217;Ajuntament de Villar de l&#8217;Arquebisbe per intentar localitzar els cossos de dos ve\u00efns que van ser afusellats i soterrats en fosses comunes d&#8217;aquesta \u00faltima localitat a la fi de la guerra civil espanyola, entre finals del mes d&#8217;abril i principis de maig de 1939. l&#8217;objectiu de les fam\u00edlies dels desapareguts \u00e9s extreure de les fosses comunes per traslladar-los i enterrar-los, posteriorment, al cementiri de Riba-roja.<\/p>\n<p>Els testimonis dels supervivents de l&#8217;\u00e8poca, coetanis amb els fets descrits, ratifiquen que en una de les setmanes de l&#8217;esmentada \u00e8poca es van rubricar fins a 142 penes de mort, entre les quals destaquen l&#8217;afusellament de 19 persones en una sola jornada dos dels els assassinats van ser els ve\u00efns de Riba-roja de T\u00faria, empresonats durant anys en una pres\u00f3 de Ll\u00edria des de la qual els van traslladar a el Villar per matar-los i, posteriorment, enterrar-los en les fosses comunes.<\/p>\n<p>La primera de les prospeccions efectuada amb una subvenci\u00f3 de la Diputaci\u00f3 de Val\u00e8ncia, fixada en al voltant de 50.000 euros, ha resultat infructuosa respecte de l&#8217;objectiu de localitzar les fossa amb els cossos dels sentenciats a mort i est\u00e0 previst que pr\u00f2ximament es pugui realitzar una segona prospecci\u00f3 dels terrenys on es creu, d&#8217;acord amb els testimonis de l&#8217;\u00e8poca, puguin reposar els cossos.<\/p>\n<p>Pel que sembla, les persones afusellades a Villar procedien de diverses localitats valencianes, tant de la prov\u00edncia de Val\u00e8ncia com de les comarques del Camp de T\u00faria i de la Serran\u00eda. Les primeres investigacions situen les fosses comunes en diverses \u00e0rees situades properes al cementiri municipal, al costat d&#8217;un safareig. En concret, es tracta d&#8217;Amadeo Bellver Mas i de Jos\u00e9 Bigorra Pedr\u00f3s.<\/p>\n<p>Un dels dos executats va aconseguir fer arribar a la seva fam\u00edlia una carta de comiat &#8220;punyent i molt emotiva&#8221; gr\u00e0cies a inserir-la en l&#8217;interior d&#8217;una caixa de caramels amb la qual va aconseguir que pass\u00e9s desapercebuda i d&#8217;aquesta forma arrib\u00e9s al seu dest\u00ed final ja que en ambd\u00f3s casos les autoritats sorgides de l&#8217;aixecament militar van impedir que poguessin posar-se en contacte amb les seves respectives fam\u00edlies.<\/p>\n<p>La cruesa amb qu\u00e8 es duien a terme l&#8217;execuci\u00f3 i posterior sepultura dels cossos dels presos queda reflectida en una an\u00e8cdota aportada pels testimonis de l&#8217;\u00e8poca que relaten que els m\u00e9s joves de l&#8217;\u00e8poca es negaven a jugar a futbol en un camp destinat a aquest efecte ja que molts dels cossos dels executats estaven en llocs propers al recinte esportiu i, de vegades, van arribar a visualitzar i detectar ossos i restes humanes en zones annexes.<\/p>\n<p>Els estudis i an\u00e0lisi de les dades hist\u00f2riques aportades pels supervivents de l&#8217;\u00e8poca fixen en diversos centenars els cossos que, possiblement, es poden trobar en alguns camps del terme municipal de Villar de l&#8217;Arquebisbe, en un enclavament situat a prop del cementiri i del pol\u00edgon industrial la Lloma. El ve\u00ed de Villar Vicente L\u00f3pez Llatas ha estat un dels art\u00edfexs que ha perm\u00e8s indagar i descobrir aspectes i inc\u00f2gnites dels desapareguts de Riba-roja.<\/p>\n<p>Els testimonis orals al costat de fotografies de l&#8217;\u00e8poca i diaris escrits per particulars han estat essencials per a demanar tota la documentaci\u00f3 dels fets tan terribles que van patir aquests dos ve\u00efns de Riba-roja de T\u00faria.<\/p>\n<p>L&#8217;alcalde de Riba-roja de T\u00faria, Robert Raga, ha reclamat <em>&#8220;el dret&#8221; de les fam\u00edlies dels dos desapareguts &#8220;a trobar les restes dels cossos dels seus familiars per traslladar-los a la seva localitat de naixement i poder rescabalar d&#8217;aquesta forma el dany que en el seu moment van patir en un acte de just\u00edcia plena amb l&#8217;objectiu principal de poder tancar les ferides que durant tant temps han suportat, no cal oblidar que a Paterna tamb\u00e9 hi ha ve\u00efns de Riba-roja sepultats en fosses comunes i tenen el mateix dret a recuperar els seus cossos &#8220;<\/em>.<\/p>\n","protected":false},"excerpt":{"rendered":"<div class=\"mh-excerpt\">El consistori inicia contactes amb el seu hom\u00f2leg de Villar per la seva recerca L&#8217;Ajuntament de Riba-roja de T\u00faria ha iniciat un proc\u00e9s amb l&#8217;Ajuntament de Villar de l&#8217;Arquebisbe per intentar localitzar els cossos de <a class=\"mh-excerpt-more\" href=\"https:\/\/www.tucomarca.com\/wordpress\/segunda\/ca\/riba-roja-busca-dos-veins-afusellats-i-soterrats-en-fosses-comunes-de-villar-de-larquebisbe-en-finalitzar-la-guerra-civil\/\" title=\"Riba-roja busca dos ve\u00efns afusellats i soterrats en fosses comunes de Villar de l&#8217;Arquebisbe en finalitzar la guerra civil\">[+] <\/a><\/div>\n","protected":false},"author":2,"featured_media":77203,"comment_status":"open","ping_status":"open","sticky":false,"template":"","format":"standard","meta":{"footnotes":""},"categories":[10892,10898,10894,10947,10906,10896],"tags":[11239,10899],"class_list":{"0":"post-77205","1":"post","2":"type-post","3":"status-publish","4":"format-standard","5":"has-post-thumbnail","7":"category-camp-de-turia-ca","8":"category-ventana-ca","9":"category-la-comarca-ca","10":"category-politica","11":"category-riba-roja-ca","12":"category-seccion-ca","13":"tag-ajuntament-de-riba-roja-ca","14":"tag-camp-de-turia-ca"},"_links":{"self":[{"href":"https:\/\/www.tucomarca.com\/wordpress\/segunda\/ca\/wp-json\/wp\/v2\/posts\/77205","targetHints":{"allow":["GET"]}}],"collection":[{"href":"https:\/\/www.tucomarca.com\/wordpress\/segunda\/ca\/wp-json\/wp\/v2\/posts"}],"about":[{"href":"https:\/\/www.tucomarca.com\/wordpress\/segunda\/ca\/wp-json\/wp\/v2\/types\/post"}],"author":[{"embeddable":true,"href":"https:\/\/www.tucomarca.com\/wordpress\/segunda\/ca\/wp-json\/wp\/v2\/users\/2"}],"replies":[{"embeddable":true,"href":"https:\/\/www.tucomarca.com\/wordpress\/segunda\/ca\/wp-json\/wp\/v2\/comments?post=77205"}],"version-history":[{"count":0,"href":"https:\/\/www.tucomarca.com\/wordpress\/segunda\/ca\/wp-json\/wp\/v2\/posts\/77205\/revisions"}],"wp:featuredmedia":[{"embeddable":true,"href":"https:\/\/www.tucomarca.com\/wordpress\/segunda\/ca\/wp-json\/wp\/v2\/media\/77203"}],"wp:attachment":[{"href":"https:\/\/www.tucomarca.com\/wordpress\/segunda\/ca\/wp-json\/wp\/v2\/media?parent=77205"}],"wp:term":[{"taxonomy":"category","embeddable":true,"href":"https:\/\/www.tucomarca.com\/wordpress\/segunda\/ca\/wp-json\/wp\/v2\/categories?post=77205"},{"taxonomy":"post_tag","embeddable":true,"href":"https:\/\/www.tucomarca.com\/wordpress\/segunda\/ca\/wp-json\/wp\/v2\/tags?post=77205"}],"curies":[{"name":"wp","href":"https:\/\/api.w.org\/{rel}","templated":true}]}}