{"id":77274,"date":"2018-11-09T14:54:02","date_gmt":"2018-11-09T12:54:02","guid":{"rendered":"http:\/\/www.tucomarca.com\/wordpress\/segunda\/?p=77274"},"modified":"2018-11-09T14:54:37","modified_gmt":"2018-11-09T12:54:37","slug":"el-consorcio-valencia-interior-explica-en-bruselas-sus-proyectos-medioambientales","status":"publish","type":"post","link":"https:\/\/www.tucomarca.com\/wordpress\/segunda\/ca\/el-consorcio-valencia-interior-explica-en-bruselas-sus-proyectos-medioambientales\/","title":{"rendered":"El Consorci Val\u00e8ncia Interior explica a Brussel\u00b7les els seus projectes mediambientals"},"content":{"rendered":"<figure id=\"attachment_77268\" aria-describedby=\"caption-attachment-77268\" style=\"width: 462px\" class=\"wp-caption alignleft\"><img loading=\"lazy\" decoding=\"async\" class=\" wp-image-77268\" src=\"http:\/\/www.tucomarca.com\/wordpress\/segunda\/wp-content\/uploads\/2018\/11\/CVIBruselas.jpg\" alt=\"El presidente del ente, Manuel Civera, se re\u00fane con la Direcci\u00f3n General de Medio Ambiente y con la Comisi\u00f3n de Desarrollo Regional de la UE para presentar sus estrategias en gesti\u00f3n de residuos.\" width=\"462\" height=\"328\" srcset=\"https:\/\/www.tucomarca.com\/wordpress\/segunda\/wp-content\/uploads\/2018\/11\/CVIBruselas.jpg 864w, https:\/\/www.tucomarca.com\/wordpress\/segunda\/wp-content\/uploads\/2018\/11\/CVIBruselas-300x213.jpg 300w, https:\/\/www.tucomarca.com\/wordpress\/segunda\/wp-content\/uploads\/2018\/11\/CVIBruselas-768x545.jpg 768w\" sizes=\"auto, (max-width: 462px) 100vw, 462px\" \/><figcaption id=\"caption-attachment-77268\" class=\"wp-caption-text\">El president de l&#8217;ens, Manuel Civera, es reuneix amb la Direcci\u00f3 General de Medi Ambient i amb la Comissi\u00f3 de Desenvolupament Regional de la UE per presentar les seves estrat\u00e8gies en gesti\u00f3 de residus.<\/figcaption><\/figure>\n<p>Una representaci\u00f3 del Consorci Val\u00e8ncia Interior ha viatjat fins a Brussel\u00b7les per con\u00e8ixer de primera m\u00e0 els projectes que s&#8217;estan desenvolupant des de la Uni\u00f3 Europea en aspectes relacionats amb el Medi Ambient i donar a con\u00e8ixer els seus propis plans en mat\u00e8ria mediambiental. Els eurodiputats s&#8217;han centrat en mostrar la normativa i diversos aspectes relacionats amb l&#8217;economia circular i la gesti\u00f3 de residus i recursos, entre d&#8217;altres aspectes.<\/p>\n<p>El president del Consorci, Manuel Civera, s&#8217;ha reunit aquest mat\u00ed amb Luis Planas Ferreres que en l&#8217;actualitat \u00e9s membre de la Direcci\u00f3 General de Medi Ambient de la Uni\u00f3 Europea, amb l&#8217;eurodiputada Soledad Cabez\u00f3n com a membre de la Comissi\u00f3 de Medi Ambient de la UE, amb l&#8217;eurodiputada Iratxe Garc\u00eda, membre de la Comissi\u00f3 de Desenvolupament Regional de la UE, aix\u00ed com amb l&#8217;europarlament\u00e0ria Inmaculada Rodr\u00edguez Pi\u00f1ero.<\/p>\n<figure id=\"attachment_77271\" aria-describedby=\"caption-attachment-77271\" style=\"width: 396px\" class=\"wp-caption alignright\"><img loading=\"lazy\" decoding=\"async\" class=\" wp-image-77271\" src=\"http:\/\/www.tucomarca.com\/wordpress\/segunda\/wp-content\/uploads\/2018\/11\/CVIBruselas2.jpg\" alt=\"El presidente del Consorcio, Manuel Civera.\" width=\"396\" height=\"295\" srcset=\"https:\/\/www.tucomarca.com\/wordpress\/segunda\/wp-content\/uploads\/2018\/11\/CVIBruselas2.jpg 884w, https:\/\/www.tucomarca.com\/wordpress\/segunda\/wp-content\/uploads\/2018\/11\/CVIBruselas2-300x224.jpg 300w, https:\/\/www.tucomarca.com\/wordpress\/segunda\/wp-content\/uploads\/2018\/11\/CVIBruselas2-768x573.jpg 768w\" sizes=\"auto, (max-width: 396px) 100vw, 396px\" \/><figcaption id=\"caption-attachment-77271\" class=\"wp-caption-text\">El president del Consorci, Manuel Civera.<\/figcaption><\/figure>\n<p>Durant la visita, Civera ha pogut presentar als seus interlocutors europeus les estrat\u00e8gies que s&#8217;estan impulsant des del Consorci Val\u00e8ncia Interior en mat\u00e8ria de medi ambient, aix\u00ed com diversos projectes que s&#8217;estan implantant a nivell municipal que permeten reduir les emissions de CO2.<\/p>\n","protected":false},"excerpt":{"rendered":"<div class=\"mh-excerpt\">Una representaci\u00f3 del Consorci Val\u00e8ncia Interior ha viatjat fins a Brussel\u00b7les per con\u00e8ixer de primera m\u00e0 els projectes que s&#8217;estan desenvolupant des de la Uni\u00f3 Europea en aspectes relacionats amb el Medi Ambient i donar <a class=\"mh-excerpt-more\" href=\"https:\/\/www.tucomarca.com\/wordpress\/segunda\/ca\/el-consorcio-valencia-interior-explica-en-bruselas-sus-proyectos-medioambientales\/\" title=\"El Consorci Val\u00e8ncia Interior explica a Brussel\u00b7les els seus projectes mediambientals\">[+] <\/a><\/div>\n","protected":false},"author":1,"featured_media":77269,"comment_status":"open","ping_status":"open","sticky":false,"template":"","format":"standard","meta":{"footnotes":""},"categories":[10892,11032,10898,10948,10894,10904,10912,10928,10903,10947,10909,10896],"tags":[11328,11327],"class_list":{"0":"post-77274","1":"post","2":"type-post","3":"status-publish","4":"format-standard","5":"has-post-thumbnail","7":"category-camp-de-turia-ca","8":"category-caudete-ca","9":"category-ventana-ca","10":"category-infraestructuras-ca","11":"category-la-comarca-ca","12":"category-sin-categorizar-ca","13":"category-la-hoya-ca","14":"category-lliria-ca","15":"category-medio-ambiente-la-comarca-ca","16":"category-politica","17":"category-requena-utiel-ca","18":"category-seccion-ca","19":"tag-consorci-ca","20":"tag-consorcio-ca"},"_links":{"self":[{"href":"https:\/\/www.tucomarca.com\/wordpress\/segunda\/ca\/wp-json\/wp\/v2\/posts\/77274","targetHints":{"allow":["GET"]}}],"collection":[{"href":"https:\/\/www.tucomarca.com\/wordpress\/segunda\/ca\/wp-json\/wp\/v2\/posts"}],"about":[{"href":"https:\/\/www.tucomarca.com\/wordpress\/segunda\/ca\/wp-json\/wp\/v2\/types\/post"}],"author":[{"embeddable":true,"href":"https:\/\/www.tucomarca.com\/wordpress\/segunda\/ca\/wp-json\/wp\/v2\/users\/1"}],"replies":[{"embeddable":true,"href":"https:\/\/www.tucomarca.com\/wordpress\/segunda\/ca\/wp-json\/wp\/v2\/comments?post=77274"}],"version-history":[{"count":0,"href":"https:\/\/www.tucomarca.com\/wordpress\/segunda\/ca\/wp-json\/wp\/v2\/posts\/77274\/revisions"}],"wp:featuredmedia":[{"embeddable":true,"href":"https:\/\/www.tucomarca.com\/wordpress\/segunda\/ca\/wp-json\/wp\/v2\/media\/77269"}],"wp:attachment":[{"href":"https:\/\/www.tucomarca.com\/wordpress\/segunda\/ca\/wp-json\/wp\/v2\/media?parent=77274"}],"wp:term":[{"taxonomy":"category","embeddable":true,"href":"https:\/\/www.tucomarca.com\/wordpress\/segunda\/ca\/wp-json\/wp\/v2\/categories?post=77274"},{"taxonomy":"post_tag","embeddable":true,"href":"https:\/\/www.tucomarca.com\/wordpress\/segunda\/ca\/wp-json\/wp\/v2\/tags?post=77274"}],"curies":[{"name":"wp","href":"https:\/\/api.w.org\/{rel}","templated":true}]}}