{"id":77280,"date":"2018-11-08T23:39:38","date_gmt":"2018-11-08T21:39:38","guid":{"rendered":"http:\/\/www.tucomarca.com\/wordpress\/segunda\/?p=77280"},"modified":"2018-11-08T23:39:38","modified_gmt":"2018-11-08T21:39:38","slug":"lequip-de-govern-de-xest-baixa-un-11-els-valors-cadastrals-durant-lactual-legislatura","status":"publish","type":"post","link":"https:\/\/www.tucomarca.com\/wordpress\/segunda\/ca\/lequip-de-govern-de-xest-baixa-un-11-els-valors-cadastrals-durant-lactual-legislatura\/","title":{"rendered":"L&#8217;equip de govern de Xest baixa un 11% els valors cadastrals durant l&#8217;actual legislatura"},"content":{"rendered":"<figure id=\"attachment_77277\" aria-describedby=\"caption-attachment-77277\" style=\"width: 422px\" class=\"wp-caption alignleft\"><img loading=\"lazy\" decoding=\"async\" class=\" wp-image-77277\" src=\"http:\/\/www.tucomarca.com\/wordpress\/segunda\/wp-content\/uploads\/2018\/11\/Chestepleno.jpg\" alt=\"El Impuesto de Bienes Inmuebles (IBI) tambi\u00e9n se bajar\u00e1 en 2019 hasta el 0,58%.\" width=\"422\" height=\"281\" srcset=\"https:\/\/www.tucomarca.com\/wordpress\/segunda\/wp-content\/uploads\/2018\/11\/Chestepleno.jpg 5472w, https:\/\/www.tucomarca.com\/wordpress\/segunda\/wp-content\/uploads\/2018\/11\/Chestepleno-300x200.jpg 300w, https:\/\/www.tucomarca.com\/wordpress\/segunda\/wp-content\/uploads\/2018\/11\/Chestepleno-768x512.jpg 768w, https:\/\/www.tucomarca.com\/wordpress\/segunda\/wp-content\/uploads\/2018\/11\/Chestepleno-1024x683.jpg 1024w\" sizes=\"auto, (max-width: 422px) 100vw, 422px\" \/><figcaption id=\"caption-attachment-77277\" class=\"wp-caption-text\">L&#8217;Impost de B\u00e9ns Immobles (IBI) tamb\u00e9 es baixar\u00e0 el 2019 fins al 0,58%.<\/figcaption><\/figure>\n<p>Els ciutadans i ciutadanes de Xest veuran redu\u00eft l&#8217;impost de la contribuci\u00f3 del per\u00edode 2019 despr\u00e9s de l&#8217;aprovaci\u00f3 en Ple de la baixada de l&#8217;IBI Urb\u00e0 i els valors cadastrals, a proposta de la regidora d&#8217;Hisenda, Carmen Delgado.<\/p>\n<p>En concret, per a 2019, es redueixen un 3% els valors cadastrals i es baixa tres d\u00e8cimes percentuals l&#8217;Impost de B\u00e9ns Immobles (IBI), quedant-se en un 0,58%.<\/p>\n<p>&#8220;Durant aquesta legislatura hem baixat els valors cadastrals en un 11% i per 2019 hem redu\u00eft tamb\u00e9 l&#8217;IBI, portant-als nivells de 2015&#8221;, explica Delgado. &#8220;Baixar els impostos \u00e9s una mesura que beneficia a tots i a totes i pot suposar un alleujament i una millora de l&#8217;economia chestana. Per aix\u00f2, quan hem vist el moment en el qual poder baixar-los una mica, ho hem fet, ja que calculem que els ingressos previstos per 2019 s\u00f3n suficients per atendre les despeses que la Llei de Regla de Despesa ens permet &#8220;.<\/p>\n<p>Tal com explica la regidora, aquesta baixada d&#8217;impostos es plasmar\u00e0 en una reducci\u00f3 del rebut de la contribuci\u00f3 de l&#8217;any que ve. Aix\u00ed, en el cas d&#8217;un habitatge tipus de 90 metres quadrats amb 30 anys d&#8217;antiguitat, la reducci\u00f3 des de 2015 fins al 2019, ser\u00e0 del 10,75% del total. De la mateixa manera, l&#8217;import del rebut d&#8217;un habitatge de 120 metres quadrats amb 20 anys d&#8217;antiguitat disminuir\u00e0 en un 10,60%, fent la comparativa des de l&#8217;inici de la present legislatura fins al dia d&#8217;avui.<\/p>\n","protected":false},"excerpt":{"rendered":"<div class=\"mh-excerpt\">Els ciutadans i ciutadanes de Xest veuran redu\u00eft l&#8217;impost de la contribuci\u00f3 del per\u00edode 2019 despr\u00e9s de l&#8217;aprovaci\u00f3 en Ple de la baixada de l&#8217;IBI Urb\u00e0 i els valors cadastrals, a proposta de la regidora <a class=\"mh-excerpt-more\" href=\"https:\/\/www.tucomarca.com\/wordpress\/segunda\/ca\/lequip-de-govern-de-xest-baixa-un-11-els-valors-cadastrals-durant-lactual-legislatura\/\" title=\"L&#8217;equip de govern de Xest baixa un 11% els valors cadastrals durant l&#8217;actual legislatura\">[+] <\/a><\/div>\n","protected":false},"author":1,"featured_media":77277,"comment_status":"open","ping_status":"open","sticky":false,"template":"","format":"standard","meta":{"footnotes":""},"categories":[10898,10948,10894,10912,10947,10896,10974],"tags":[11071,11109],"class_list":{"0":"post-77280","1":"post","2":"type-post","3":"status-publish","4":"format-standard","5":"has-post-thumbnail","7":"category-ventana-ca","8":"category-infraestructuras-ca","9":"category-la-comarca-ca","10":"category-la-hoya-ca","11":"category-politica","12":"category-seccion-ca","13":"category-cheste-ca","14":"tag-cheste","15":"tag-xest"},"_links":{"self":[{"href":"https:\/\/www.tucomarca.com\/wordpress\/segunda\/ca\/wp-json\/wp\/v2\/posts\/77280","targetHints":{"allow":["GET"]}}],"collection":[{"href":"https:\/\/www.tucomarca.com\/wordpress\/segunda\/ca\/wp-json\/wp\/v2\/posts"}],"about":[{"href":"https:\/\/www.tucomarca.com\/wordpress\/segunda\/ca\/wp-json\/wp\/v2\/types\/post"}],"author":[{"embeddable":true,"href":"https:\/\/www.tucomarca.com\/wordpress\/segunda\/ca\/wp-json\/wp\/v2\/users\/1"}],"replies":[{"embeddable":true,"href":"https:\/\/www.tucomarca.com\/wordpress\/segunda\/ca\/wp-json\/wp\/v2\/comments?post=77280"}],"version-history":[{"count":0,"href":"https:\/\/www.tucomarca.com\/wordpress\/segunda\/ca\/wp-json\/wp\/v2\/posts\/77280\/revisions"}],"wp:featuredmedia":[{"embeddable":true,"href":"https:\/\/www.tucomarca.com\/wordpress\/segunda\/ca\/wp-json\/wp\/v2\/media\/77277"}],"wp:attachment":[{"href":"https:\/\/www.tucomarca.com\/wordpress\/segunda\/ca\/wp-json\/wp\/v2\/media?parent=77280"}],"wp:term":[{"taxonomy":"category","embeddable":true,"href":"https:\/\/www.tucomarca.com\/wordpress\/segunda\/ca\/wp-json\/wp\/v2\/categories?post=77280"},{"taxonomy":"post_tag","embeddable":true,"href":"https:\/\/www.tucomarca.com\/wordpress\/segunda\/ca\/wp-json\/wp\/v2\/tags?post=77280"}],"curies":[{"name":"wp","href":"https:\/\/api.w.org\/{rel}","templated":true}]}}