{"id":77338,"date":"2018-11-09T17:28:53","date_gmt":"2018-11-09T15:28:53","guid":{"rendered":"http:\/\/www.tucomarca.com\/wordpress\/segunda\/?p=77338"},"modified":"2018-11-09T17:28:53","modified_gmt":"2018-11-09T15:28:53","slug":"tercera-tirada-de-lassociacio-llevantina-de-field-target-al-camp-de-tir-els-coets-de-bunyol","status":"publish","type":"post","link":"https:\/\/www.tucomarca.com\/wordpress\/segunda\/ca\/tercera-tirada-de-lassociacio-llevantina-de-field-target-al-camp-de-tir-els-coets-de-bunyol\/","title":{"rendered":"Tercera tirada de l&#8217;Associaci\u00f3 Llevantina de Field Target al Camp de Tir Els Coets de Bunyol"},"content":{"rendered":"<figure id=\"attachment_77335\" aria-describedby=\"caption-attachment-77335\" style=\"width: 288px\" class=\"wp-caption alignleft\"><img loading=\"lazy\" decoding=\"async\" class=\" wp-image-77335\" src=\"http:\/\/www.tucomarca.com\/wordpress\/segunda\/wp-content\/uploads\/2018\/11\/FieldTarget.jpg\" alt=\"El Field Target vuelve al campo de tiro de Bu\u00f1ol.\" width=\"288\" height=\"278\" srcset=\"https:\/\/www.tucomarca.com\/wordpress\/segunda\/wp-content\/uploads\/2018\/11\/FieldTarget.jpg 515w, https:\/\/www.tucomarca.com\/wordpress\/segunda\/wp-content\/uploads\/2018\/11\/FieldTarget-300x290.jpg 300w\" sizes=\"auto, (max-width: 288px) 100vw, 288px\" \/><figcaption id=\"caption-attachment-77335\" class=\"wp-caption-text\">El Field Target vuelve al campo de tiro de Bu\u00f1ol.<\/figcaption><\/figure>\n<p>L&#8217;Associaci\u00f3 Llevantina de Field Target, ALFT, convoca la seva tercera tirada de HFT (Simulaci\u00f3 d&#8217;escenes de ca\u00e7a amb armes de quarta categoria d&#8217;aire comprimit) el diumenge 18 de Novembre, a les 9,00 hores al Camp de Tir Els Coets de Bunyol.<\/p>\n<p>Tamb\u00e9 es far\u00e0 una prova d&#8217;iniciaci\u00f3 especial noies de la mateixa modalitat a les 12,30 hores, aproximadament.<\/p>\n<p>En breu estar\u00e0 oberta la llista d&#8217;inscripci\u00f3 a la p\u00e0gina web de l&#8217;ALFT. M\u00e9s informaci\u00f3 al seu web: http:\/\/www.alfieldtarget.es. Informa, Ra\u00fal Miralles @raulmks<\/p>\n","protected":false},"excerpt":{"rendered":"<div class=\"mh-excerpt\">L&#8217;Associaci\u00f3 Llevantina de Field Target, ALFT, convoca la seva tercera tirada de HFT (Simulaci\u00f3 d&#8217;escenes de ca\u00e7a amb armes de quarta categoria d&#8217;aire comprimit) el diumenge 18 de Novembre, a les 9,00 hores al Camp <a class=\"mh-excerpt-more\" href=\"https:\/\/www.tucomarca.com\/wordpress\/segunda\/ca\/tercera-tirada-de-lassociacio-llevantina-de-field-target-al-camp-de-tir-els-coets-de-bunyol\/\" title=\"Tercera tirada de l&#8217;Associaci\u00f3 Llevantina de Field Target al Camp de Tir Els Coets de Bunyol\">[+] <\/a><\/div>\n","protected":false},"author":1,"featured_media":77336,"comment_status":"open","ping_status":"open","sticky":false,"template":"","format":"standard","meta":{"footnotes":""},"categories":[10911,11003,10898,10912,11009,10896],"tags":[11314],"class_list":{"0":"post-77338","1":"post","2":"type-post","3":"status-publish","4":"format-standard","5":"has-post-thumbnail","7":"category-bunol-ca","8":"category-sports","9":"category-ventana-ca","10":"category-la-hoya-ca","11":"category-polideportivo-ca","12":"category-seccion-ca","13":"tag-bunyol-ca"},"_links":{"self":[{"href":"https:\/\/www.tucomarca.com\/wordpress\/segunda\/ca\/wp-json\/wp\/v2\/posts\/77338","targetHints":{"allow":["GET"]}}],"collection":[{"href":"https:\/\/www.tucomarca.com\/wordpress\/segunda\/ca\/wp-json\/wp\/v2\/posts"}],"about":[{"href":"https:\/\/www.tucomarca.com\/wordpress\/segunda\/ca\/wp-json\/wp\/v2\/types\/post"}],"author":[{"embeddable":true,"href":"https:\/\/www.tucomarca.com\/wordpress\/segunda\/ca\/wp-json\/wp\/v2\/users\/1"}],"replies":[{"embeddable":true,"href":"https:\/\/www.tucomarca.com\/wordpress\/segunda\/ca\/wp-json\/wp\/v2\/comments?post=77338"}],"version-history":[{"count":0,"href":"https:\/\/www.tucomarca.com\/wordpress\/segunda\/ca\/wp-json\/wp\/v2\/posts\/77338\/revisions"}],"wp:featuredmedia":[{"embeddable":true,"href":"https:\/\/www.tucomarca.com\/wordpress\/segunda\/ca\/wp-json\/wp\/v2\/media\/77336"}],"wp:attachment":[{"href":"https:\/\/www.tucomarca.com\/wordpress\/segunda\/ca\/wp-json\/wp\/v2\/media?parent=77338"}],"wp:term":[{"taxonomy":"category","embeddable":true,"href":"https:\/\/www.tucomarca.com\/wordpress\/segunda\/ca\/wp-json\/wp\/v2\/categories?post=77338"},{"taxonomy":"post_tag","embeddable":true,"href":"https:\/\/www.tucomarca.com\/wordpress\/segunda\/ca\/wp-json\/wp\/v2\/tags?post=77338"}],"curies":[{"name":"wp","href":"https:\/\/api.w.org\/{rel}","templated":true}]}}