{"id":77349,"date":"2018-11-09T17:42:21","date_gmt":"2018-11-09T15:42:21","guid":{"rendered":"http:\/\/www.tucomarca.com\/wordpress\/segunda\/?p=77349"},"modified":"2018-11-09T17:42:21","modified_gmt":"2018-11-09T15:42:21","slug":"el-consell-establira-ajudes-i-un-pla-extraordinari-docupacio-pels-efectes-de-la-tempesta-de-l1-de-juliol-a-cultius-de-la-ribera","status":"publish","type":"post","link":"https:\/\/www.tucomarca.com\/wordpress\/segunda\/ca\/el-consell-establira-ajudes-i-un-pla-extraordinari-docupacio-pels-efectes-de-la-tempesta-de-l1-de-juliol-a-cultius-de-la-ribera\/","title":{"rendered":"El Consell establir\u00e0 ajudes i un pla extraordinari d&#8217;ocupaci\u00f3 pels efectes de la tempesta de l&#8217;1 de juliol a cultius de la Ribera"},"content":{"rendered":"<p>El Ple del Consell ha acordat establir ajudes i incentius per a un pla extraordinari d&#8217;ocupaci\u00f3 a causa de l&#8217;afecci\u00f3 en els cultius motivada per la tempesta del dia 1 de juliol de 2018 a les comarques de la Ribera Alta i la Ribera Baixa de la prov\u00edncia de Val\u00e8ncia.<\/p>\n<p>D&#8217;aquesta manera, es faculta la Conselleria d&#8217;Agricultura, Medi Ambient, Canvi Clim\u00e0tic i Desenvolupament Rural perqu\u00e8 desenvolupi les actuacions necess\u00e0ries per a la gesti\u00f3 d&#8217;ajuts de lluita contra les plagues i malalties dels cultius afectats per la pedregada.<\/p>\n<p>De la mateixa manera, es faculta la Conselleria d&#8217;Economia Sostenible, sectors productius, Comer\u00e7 i Treball perqu\u00e8, a trav\u00e9s del nou Servei Valenci\u00e0 d&#8217;Ocupaci\u00f3 i Formaci\u00f3 (LABORA), desenvolupi un Pla d&#8217;Ocupaci\u00f3 extraordinari destinat als treballadors i treballadores del sector agroalimentari afectats per la p\u00e8rdua d&#8217;ocupaci\u00f3 derivats dels efectes de la pedregada.<\/p>\n<p>Les mesures es finan\u00e7aran amb c\u00e0rrec al Fons de Conting\u00e8ncia de la Generalitat, d&#8217;acord amb els informes de data 22 d&#8217;octubre de 2018 de la Direcci\u00f3 general d&#8217;Agricultura, Ramaderia i Pesca i de l&#8217;Ag\u00e8ncia Valenciana de Seguretat i Resposta a les Emerg\u00e8ncies, i haur\u00e0 de ser consignat en els pressupostos de la Conselleria d&#8217;Agricultura i Medi Ambient i d&#8217;LABORA en el termini de dos mesos.<\/p>\n<p>Aquest acord no t\u00e9 efectes econ\u00f2mics concrets, que s&#8217;acordaran pel Consell despr\u00e9s de la realitzaci\u00f3 de les actuacions que s&#8217;indiquen en el par\u00e0graf anterior.<\/p>\n","protected":false},"excerpt":{"rendered":"<div class=\"mh-excerpt\">El Ple del Consell ha acordat establir ajudes i incentius per a un pla extraordinari d&#8217;ocupaci\u00f3 a causa de l&#8217;afecci\u00f3 en els cultius motivada per la tempesta del dia 1 de juliol de 2018 a <a class=\"mh-excerpt-more\" href=\"https:\/\/www.tucomarca.com\/wordpress\/segunda\/ca\/el-consell-establira-ajudes-i-un-pla-extraordinari-docupacio-pels-efectes-de-la-tempesta-de-l1-de-juliol-a-cultius-de-la-ribera\/\" title=\"El Consell establir\u00e0 ajudes i un pla extraordinari d&#8217;ocupaci\u00f3 pels efectes de la tempesta de l&#8217;1 de juliol a cultius de la Ribera\">[+] <\/a><\/div>\n","protected":false},"author":1,"featured_media":77350,"comment_status":"open","ping_status":"open","sticky":false,"template":"","format":"standard","meta":{"footnotes":""},"categories":[10905,10898,10948,10894,10904,10903,10947,10896],"tags":[689,11077],"class_list":{"0":"post-77349","1":"post","2":"type-post","3":"status-publish","4":"format-standard","5":"has-post-thumbnail","7":"category-agricultura-la-comarca-ca","8":"category-ventana-ca","9":"category-infraestructuras-ca","10":"category-la-comarca-ca","11":"category-sin-categorizar-ca","12":"category-medio-ambiente-la-comarca-ca","13":"category-politica","14":"category-seccion-ca","15":"tag-la-ribera-2","16":"tag-la-ribera-alta-ca"},"_links":{"self":[{"href":"https:\/\/www.tucomarca.com\/wordpress\/segunda\/ca\/wp-json\/wp\/v2\/posts\/77349","targetHints":{"allow":["GET"]}}],"collection":[{"href":"https:\/\/www.tucomarca.com\/wordpress\/segunda\/ca\/wp-json\/wp\/v2\/posts"}],"about":[{"href":"https:\/\/www.tucomarca.com\/wordpress\/segunda\/ca\/wp-json\/wp\/v2\/types\/post"}],"author":[{"embeddable":true,"href":"https:\/\/www.tucomarca.com\/wordpress\/segunda\/ca\/wp-json\/wp\/v2\/users\/1"}],"replies":[{"embeddable":true,"href":"https:\/\/www.tucomarca.com\/wordpress\/segunda\/ca\/wp-json\/wp\/v2\/comments?post=77349"}],"version-history":[{"count":0,"href":"https:\/\/www.tucomarca.com\/wordpress\/segunda\/ca\/wp-json\/wp\/v2\/posts\/77349\/revisions"}],"wp:featuredmedia":[{"embeddable":true,"href":"https:\/\/www.tucomarca.com\/wordpress\/segunda\/ca\/wp-json\/wp\/v2\/media\/77350"}],"wp:attachment":[{"href":"https:\/\/www.tucomarca.com\/wordpress\/segunda\/ca\/wp-json\/wp\/v2\/media?parent=77349"}],"wp:term":[{"taxonomy":"category","embeddable":true,"href":"https:\/\/www.tucomarca.com\/wordpress\/segunda\/ca\/wp-json\/wp\/v2\/categories?post=77349"},{"taxonomy":"post_tag","embeddable":true,"href":"https:\/\/www.tucomarca.com\/wordpress\/segunda\/ca\/wp-json\/wp\/v2\/tags?post=77349"}],"curies":[{"name":"wp","href":"https:\/\/api.w.org\/{rel}","templated":true}]}}