{"id":77381,"date":"2018-11-09T18:44:35","date_gmt":"2018-11-09T16:44:35","guid":{"rendered":"http:\/\/www.tucomarca.com\/wordpress\/segunda\/?p=77381"},"modified":"2018-11-09T18:44:35","modified_gmt":"2018-11-09T16:44:35","slug":"csif-alerta-de-la-manca-de-la-meitat-de-la-plantilla-de-loficina-estatal-docupacio-a-requena-en-no-cobrir-vacants-i-baixa","status":"publish","type":"post","link":"https:\/\/www.tucomarca.com\/wordpress\/segunda\/ca\/csif-alerta-de-la-manca-de-la-meitat-de-la-plantilla-de-loficina-estatal-docupacio-a-requena-en-no-cobrir-vacants-i-baixa\/","title":{"rendered":"CSIF alerta de la manca de la meitat de la plantilla de l&#8217;oficina estatal d&#8217;ocupaci\u00f3 a Requena en no cobrir vacants i baixa"},"content":{"rendered":"<p>El sindicat CSIF alerta que l&#8217;oficina del Servei P\u00fablic d&#8217;Ocupaci\u00f3 Estatal de Requena est\u00e0 realitzant la seva tasca amb la meitat de la seva plantilla. En l&#8217;actualitat compta amb tres del total de sis treballadors, ja que hi ha una baixa sense cobrir i dues vacants, una per jubilaci\u00f3 i una altra per trasllat, d&#8217;empleats p\u00fablics. El sindicat reclama refor\u00e7os i la reubicaci\u00f3 en un nou local que estigui en un baix o tingui ascensor.<\/p>\n<p>La Central Sindical Independent i de Funcionaris (CSIF) avisa la precarietat en l&#8217;acompliment de la seva tasca de la redu\u00efda plantilla de Requena, en comptar en l&#8217;actualitat \u00fanicament amb la meitat dels seus efectius. El sindicat subratlla que aquesta situaci\u00f3 es tradueix en una sobrec\u00e0rrega per als treballadors i en un retard en l&#8217;atenci\u00f3 i en la cita pr\u00e8via per als usuaris.<\/p>\n<p>CSIF urgeix al Ministeri de Treball, Migracions i Seguretat Social a qu\u00e8 cobreixi amb urg\u00e8ncia les dues vacants ja que substitueixi el treballador de baixa perqu\u00e8 l&#8217;oficina de Requena, que t\u00e9 un \u00e0mbit comarcal, pugui disposar del nombre d&#8217;efectius previstos per oferir el servei adequat al ciutad\u00e0.<\/p>\n<p>CSI \u00b7 F tamb\u00e9 demana que el Ministeri de Treball, la Conselleria d&#8217;Economia i l&#8217;Ajuntament es posin d&#8217;acord per habilitar un nou local destinat al servei d&#8217;ocupaci\u00f3. El sindicat explica que l&#8217;actual, a m\u00e9s d&#8217;haver-se quedat obsolet, est\u00e0 situat en un primer pis i no t\u00e9 elevador, de manera que qui vulgui accedir ha de fer-ho pujant per unes escales.<\/p>\n<p>La central sindical ha denunciat la situaci\u00f3 amb reiteraci\u00f3 al Comit\u00e8 de Seguretat i Salut Laboral de la prov\u00edncia de Val\u00e8ncia d&#8217;Administraci\u00f3 Central. All\u00e0 es van comprometre a instal\u00b7lar l&#8217;elevador. No obstant aix\u00f2, passen els anys i continuen nom\u00e9s amb l&#8217;escala d&#8217;acc\u00e9s. En aquesta conjuntura, el sindicat considera que la cessi\u00f3, per part de l&#8217;Ajuntament, d&#8217;un local degudament condicionat resulta la soluci\u00f3 m\u00e9s adequada.<\/p>\n","protected":false},"excerpt":{"rendered":"<div class=\"mh-excerpt\">El sindicat CSIF alerta que l&#8217;oficina del Servei P\u00fablic d&#8217;Ocupaci\u00f3 Estatal de Requena est\u00e0 realitzant la seva tasca amb la meitat de la seva plantilla. En l&#8217;actualitat compta amb tres del total de sis treballadors, <a class=\"mh-excerpt-more\" href=\"https:\/\/www.tucomarca.com\/wordpress\/segunda\/ca\/csif-alerta-de-la-manca-de-la-meitat-de-la-plantilla-de-loficina-estatal-docupacio-a-requena-en-no-cobrir-vacants-i-baixa\/\" title=\"CSIF alerta de la manca de la meitat de la plantilla de l&#8217;oficina estatal d&#8217;ocupaci\u00f3 a Requena en no cobrir vacants i baixa\">[+] <\/a><\/div>\n","protected":false},"author":1,"featured_media":74239,"comment_status":"open","ping_status":"open","sticky":false,"template":"","format":"standard","meta":{"footnotes":""},"categories":[10948,10894,10947,10908,10909,10896],"tags":[10910],"class_list":{"0":"post-77381","1":"post","2":"type-post","3":"status-publish","4":"format-standard","5":"has-post-thumbnail","7":"category-infraestructuras-ca","8":"category-la-comarca-ca","9":"category-politica","10":"category-requena-ca","11":"category-requena-utiel-ca","12":"category-seccion-ca","13":"tag-requena-utiel-ca"},"_links":{"self":[{"href":"https:\/\/www.tucomarca.com\/wordpress\/segunda\/ca\/wp-json\/wp\/v2\/posts\/77381","targetHints":{"allow":["GET"]}}],"collection":[{"href":"https:\/\/www.tucomarca.com\/wordpress\/segunda\/ca\/wp-json\/wp\/v2\/posts"}],"about":[{"href":"https:\/\/www.tucomarca.com\/wordpress\/segunda\/ca\/wp-json\/wp\/v2\/types\/post"}],"author":[{"embeddable":true,"href":"https:\/\/www.tucomarca.com\/wordpress\/segunda\/ca\/wp-json\/wp\/v2\/users\/1"}],"replies":[{"embeddable":true,"href":"https:\/\/www.tucomarca.com\/wordpress\/segunda\/ca\/wp-json\/wp\/v2\/comments?post=77381"}],"version-history":[{"count":0,"href":"https:\/\/www.tucomarca.com\/wordpress\/segunda\/ca\/wp-json\/wp\/v2\/posts\/77381\/revisions"}],"wp:featuredmedia":[{"embeddable":true,"href":"https:\/\/www.tucomarca.com\/wordpress\/segunda\/ca\/wp-json\/wp\/v2\/media\/74239"}],"wp:attachment":[{"href":"https:\/\/www.tucomarca.com\/wordpress\/segunda\/ca\/wp-json\/wp\/v2\/media?parent=77381"}],"wp:term":[{"taxonomy":"category","embeddable":true,"href":"https:\/\/www.tucomarca.com\/wordpress\/segunda\/ca\/wp-json\/wp\/v2\/categories?post=77381"},{"taxonomy":"post_tag","embeddable":true,"href":"https:\/\/www.tucomarca.com\/wordpress\/segunda\/ca\/wp-json\/wp\/v2\/tags?post=77381"}],"curies":[{"name":"wp","href":"https:\/\/api.w.org\/{rel}","templated":true}]}}