{"id":77665,"date":"2018-11-15T02:13:04","date_gmt":"2018-11-15T00:13:04","guid":{"rendered":"http:\/\/www.tucomarca.com\/wordpress\/segunda\/?p=77665"},"modified":"2018-11-15T02:13:04","modified_gmt":"2018-11-15T00:13:04","slug":"turis-comenca-el-programa-per-commemorar-el-dia-internacional-per-a-leradicacio-de-la-violencia-de-genere","status":"publish","type":"post","link":"https:\/\/www.tucomarca.com\/wordpress\/segunda\/ca\/turis-comenca-el-programa-per-commemorar-el-dia-internacional-per-a-leradicacio-de-la-violencia-de-genere\/","title":{"rendered":"Tur\u00eds comen\u00e7a el programa per commemorar el Dia Internacional per a l\u2019eradicaci\u00f3 de la viol\u00e8ncia de g\u00e8nere"},"content":{"rendered":"<figure id=\"attachment_77719\" aria-describedby=\"caption-attachment-77719\" style=\"width: 220px\" class=\"wp-caption alignleft\"><img loading=\"lazy\" decoding=\"async\" class=\" wp-image-77719\" src=\"http:\/\/www.tucomarca.com\/wordpress\/segunda\/wp-content\/uploads\/2018\/11\/cartelviolencia.jpg\" alt=\"Tur\u00eds comen\u00e7a el programa per commemorar el Dia Internacional per a l\u2019eradicaci\u00f3 de la viol\u00e8ncia de g\u00e8nere.\" width=\"220\" height=\"311\" srcset=\"https:\/\/www.tucomarca.com\/wordpress\/segunda\/wp-content\/uploads\/2018\/11\/cartelviolencia.jpg 1316w, https:\/\/www.tucomarca.com\/wordpress\/segunda\/wp-content\/uploads\/2018\/11\/cartelviolencia-212x300.jpg 212w, https:\/\/www.tucomarca.com\/wordpress\/segunda\/wp-content\/uploads\/2018\/11\/cartelviolencia-768x1086.jpg 768w, https:\/\/www.tucomarca.com\/wordpress\/segunda\/wp-content\/uploads\/2018\/11\/cartelviolencia-724x1024.jpg 724w, https:\/\/www.tucomarca.com\/wordpress\/segunda\/wp-content\/uploads\/2018\/11\/cartelviolencia-1024x1448.jpg 1024w\" sizes=\"auto, (max-width: 220px) 100vw, 220px\" \/><figcaption id=\"caption-attachment-77719\" class=\"wp-caption-text\">Tur\u00eds comen\u00e7a el programa per commemorar el Dia Internacional per a l\u2019eradicaci\u00f3 de la viol\u00e8ncia de g\u00e8nere.<\/figcaption><\/figure>\n<p>El municipi de Tur\u00eds ha comen\u00e7at el programa per commemorar el Dia Internacional per a l&#8217;eradicaci\u00f3 de la viol\u00e8ncia de g\u00e8nere organitzat per la Regidoria de Benestar Social i de la Dona.<br \/>\nEn Col\u00b7laboraci\u00f3 amb l&#8217;Ajuntament de Tur\u00eds, la Diputaci\u00f3 de Val\u00e8ncia, el col\u00b7legi Joaquin Mu\u00f1oz i l&#8217;IES Tor\u00eds, el programa es va comen\u00e7ar amb un taller d&#8217;atenci\u00f3 a la diversitat en l&#8217;\u00e0mbit educatiu a c\u00e0rrec de la psic\u00f2loga Ana Clemente. Tindr\u00e0 una durada de 5 sessions per\u00f2 no ser\u00e0 l&#8217;\u00fanic al programa, tamb\u00e9 es realitzar\u00e0 un taller sobre sexualitat i relacions sanes, el dilluns 19 de novembre, i un taller de bona gesti\u00f3 de les xarxes socials i internet, el dilluns 17 de desembre.<\/p>\n<p>D&#8217;altra banda, el programa tamb\u00e9 comptar\u00e0 amb altres activitats com diferents xerrades sobre sexisme en el llenguatge o sensibilitzaci\u00f3 en igualtat i prevenci\u00f3 de la viol\u00e8ncia de g\u00e8nere. A m\u00e9s, de l&#8217;1 al 20 de novembre es podr\u00e0 participar en l&#8217;esdeveniment via instagram utilitzant els hashtags # tur\u00edscontralaviol\u00e8ncia o # turis25n pujant una foto i etiquetant al compte de l&#8217;Ajuntament de Tur\u00eds.<\/p>\n<p>Posteriorment es far\u00e0 una exposici\u00f3 amb les imatges participants.<br \/>\nPer poder obtenir una informaci\u00f3 m\u00e9s detallada sobre la programaci\u00f3, es pot consultar el web del municipi o el seu facebook. El cartell anunciador del programa \u00e9s obra de Ricardo Piqueres, guanyador del concurs organitzat el 2017 per l&#8217;institut amb el lema &#8220;Ni una m\u00e9s&#8221; i que ja prepara l&#8217;edici\u00f3 d&#8217;aquest any per il\u00b7lustrar el cartell de 2019.<\/p>\n<div class=\"\"><\/div>\n","protected":false},"excerpt":{"rendered":"<div class=\"mh-excerpt\">El municipi de Tur\u00eds ha comen\u00e7at el programa per commemorar el Dia Internacional per a l&#8217;eradicaci\u00f3 de la viol\u00e8ncia de g\u00e8nere organitzat per la Regidoria de Benestar Social i de la Dona. En Col\u00b7laboraci\u00f3 amb <a class=\"mh-excerpt-more\" href=\"https:\/\/www.tucomarca.com\/wordpress\/segunda\/ca\/turis-comenca-el-programa-per-commemorar-el-dia-internacional-per-a-leradicacio-de-la-violencia-de-genere\/\" title=\"Tur\u00eds comen\u00e7a el programa per commemorar el Dia Internacional per a l\u2019eradicaci\u00f3 de la viol\u00e8ncia de g\u00e8nere\">[+] <\/a><\/div>\n","protected":false},"author":1,"featured_media":77719,"comment_status":"open","ping_status":"open","sticky":false,"template":"","format":"standard","meta":{"footnotes":""},"categories":[11019,10894,10902,10896,11047],"tags":[11077,11093],"class_list":{"0":"post-77665","1":"post","2":"type-post","3":"status-publish","4":"format-standard","5":"has-post-thumbnail","7":"category-agenda-ca","8":"category-la-comarca-ca","9":"category-la-ribera-ca","10":"category-seccion-ca","11":"category-turis-ca","12":"tag-la-ribera-alta-ca","13":"tag-turis-ca"},"_links":{"self":[{"href":"https:\/\/www.tucomarca.com\/wordpress\/segunda\/ca\/wp-json\/wp\/v2\/posts\/77665","targetHints":{"allow":["GET"]}}],"collection":[{"href":"https:\/\/www.tucomarca.com\/wordpress\/segunda\/ca\/wp-json\/wp\/v2\/posts"}],"about":[{"href":"https:\/\/www.tucomarca.com\/wordpress\/segunda\/ca\/wp-json\/wp\/v2\/types\/post"}],"author":[{"embeddable":true,"href":"https:\/\/www.tucomarca.com\/wordpress\/segunda\/ca\/wp-json\/wp\/v2\/users\/1"}],"replies":[{"embeddable":true,"href":"https:\/\/www.tucomarca.com\/wordpress\/segunda\/ca\/wp-json\/wp\/v2\/comments?post=77665"}],"version-history":[{"count":0,"href":"https:\/\/www.tucomarca.com\/wordpress\/segunda\/ca\/wp-json\/wp\/v2\/posts\/77665\/revisions"}],"wp:featuredmedia":[{"embeddable":true,"href":"https:\/\/www.tucomarca.com\/wordpress\/segunda\/ca\/wp-json\/wp\/v2\/media\/77719"}],"wp:attachment":[{"href":"https:\/\/www.tucomarca.com\/wordpress\/segunda\/ca\/wp-json\/wp\/v2\/media?parent=77665"}],"wp:term":[{"taxonomy":"category","embeddable":true,"href":"https:\/\/www.tucomarca.com\/wordpress\/segunda\/ca\/wp-json\/wp\/v2\/categories?post=77665"},{"taxonomy":"post_tag","embeddable":true,"href":"https:\/\/www.tucomarca.com\/wordpress\/segunda\/ca\/wp-json\/wp\/v2\/tags?post=77665"}],"curies":[{"name":"wp","href":"https:\/\/api.w.org\/{rel}","templated":true}]}}