{"id":77989,"date":"2018-11-20T21:35:28","date_gmt":"2018-11-20T19:35:28","guid":{"rendered":"http:\/\/www.tucomarca.com\/wordpress\/segunda\/?p=77989"},"modified":"2018-11-20T21:35:28","modified_gmt":"2018-11-20T19:35:28","slug":"ciutadans-dalzira-trasllada-la-seua-solidaritat-amb-els-veins-i-mostra-el-seu-suport-a-totes-les-propostes-que-busquen-millorar-esta-situacio","status":"publish","type":"post","link":"https:\/\/www.tucomarca.com\/wordpress\/segunda\/ca\/ciutadans-dalzira-trasllada-la-seua-solidaritat-amb-els-veins-i-mostra-el-seu-suport-a-totes-les-propostes-que-busquen-millorar-esta-situacio\/","title":{"rendered":"Ciutadans d&#8217;Alzira trasllada la seua solidaritat amb els ve\u00efns i mostra el seu suport a totes les propostes que busquen millorar esta situaci\u00f3"},"content":{"rendered":"<p>La portaveu de Ciutadans (Cs) d&#8217;Alzira, Mar\u00eda Jos\u00e9 Llopis, ha traslladat\u00a0&#8220;la solidaritat de l&#8217;agrupaci\u00f3 pol\u00edtica amb tots els ve\u00efns afectats, aix\u00ed com el suport a totes les propostes que busquen millorar esta situaci\u00f3 perqu\u00e8 no es repetisca&#8221;.<\/p>\n<p>Llopis ha explicat que\u00a0&#8220;a m\u00e9s de la declaraci\u00f3 de zona catastr\u00f2fica perqu\u00e8 els ciutadans puguen reparar els danys patits, s&#8217;ha d&#8217;exigir a la Confederaci\u00f3 Hidrogr\u00e0fica del X\u00faquer (CHJ) que actue de manera immediata en els barrancs per mantenir-los nets i no en l&#8217;estat de aband\u00f3 actual&#8221;.<\/p>\n<p>D&#8217;altra banda, la regidora ha recordat que\u00a0&#8220;si la CHX no actua, l&#8217;Ajuntament hauria d&#8217;assegurar el manteniment dels barrancs com a prevenci\u00f3 tant per inundacions com per incendis en \u00e8poques estivals&#8221;.<\/p>\n<p>La regidora tamb\u00e9 ha ressaltat\u00a0&#8220;la solidaritat i humanitat entre el ve\u00efnat que s&#8217;ha ajudat en tot el que ha calgut: avisos, auxili de persones grans i neteja des de la nit de dijous&#8221;. Al seu torn, Llopis ha agra\u00eft\u00a0&#8220;el seu treball i esfor\u00e7 a tots aquells que han col\u00b7laborat en tasques de neteja i adequaci\u00f3 de la ciutat&#8221;.<\/p>\n<p>Finalment, la representant de Ciutadans ha advertit que\u00a0&#8220;es far\u00e0 un balan\u00e7 de la gesti\u00f3 de la crisi per part de l&#8217;equip de govern i la manca de comunicaci\u00f3, el primordial fins ara ha estat solucionar la situaci\u00f3&#8221;.\u00a0&#8220;Cal destacar que no som responsables de la climatologia per\u00f2 s\u00ed de com es gestiona la previsi\u00f3 i els efectes&#8221;, ha concl\u00f2s Llopis.<\/p>\n","protected":false},"excerpt":{"rendered":"<div class=\"mh-excerpt\">La portaveu de Ciutadans (Cs) d&#8217;Alzira, Mar\u00eda Jos\u00e9 Llopis, ha traslladat\u00a0&#8220;la solidaritat de l&#8217;agrupaci\u00f3 pol\u00edtica amb tots els ve\u00efns afectats, aix\u00ed com el suport a totes les propostes que busquen millorar esta situaci\u00f3 perqu\u00e8 no <a class=\"mh-excerpt-more\" href=\"https:\/\/www.tucomarca.com\/wordpress\/segunda\/ca\/ciutadans-dalzira-trasllada-la-seua-solidaritat-amb-els-veins-i-mostra-el-seu-suport-a-totes-les-propostes-que-busquen-millorar-esta-situacio\/\" title=\"Ciutadans d&#8217;Alzira trasllada la seua solidaritat amb els ve\u00efns i mostra el seu suport a totes les propostes que busquen millorar esta situaci\u00f3\">[+] <\/a><\/div>\n","protected":false},"author":1,"featured_media":77308,"comment_status":"open","ping_status":"open","sticky":false,"template":"","format":"standard","meta":{"footnotes":""},"categories":[10889,10894,10902,10947,10896],"tags":[11192,11077],"class_list":{"0":"post-77989","1":"post","2":"type-post","3":"status-publish","4":"format-standard","5":"has-post-thumbnail","7":"category-alzira-cat","8":"category-la-comarca-ca","9":"category-la-ribera-ca","10":"category-politica","11":"category-seccion-ca","12":"tag-alzira-ca","13":"tag-la-ribera-alta-ca"},"_links":{"self":[{"href":"https:\/\/www.tucomarca.com\/wordpress\/segunda\/ca\/wp-json\/wp\/v2\/posts\/77989","targetHints":{"allow":["GET"]}}],"collection":[{"href":"https:\/\/www.tucomarca.com\/wordpress\/segunda\/ca\/wp-json\/wp\/v2\/posts"}],"about":[{"href":"https:\/\/www.tucomarca.com\/wordpress\/segunda\/ca\/wp-json\/wp\/v2\/types\/post"}],"author":[{"embeddable":true,"href":"https:\/\/www.tucomarca.com\/wordpress\/segunda\/ca\/wp-json\/wp\/v2\/users\/1"}],"replies":[{"embeddable":true,"href":"https:\/\/www.tucomarca.com\/wordpress\/segunda\/ca\/wp-json\/wp\/v2\/comments?post=77989"}],"version-history":[{"count":0,"href":"https:\/\/www.tucomarca.com\/wordpress\/segunda\/ca\/wp-json\/wp\/v2\/posts\/77989\/revisions"}],"wp:featuredmedia":[{"embeddable":true,"href":"https:\/\/www.tucomarca.com\/wordpress\/segunda\/ca\/wp-json\/wp\/v2\/media\/77308"}],"wp:attachment":[{"href":"https:\/\/www.tucomarca.com\/wordpress\/segunda\/ca\/wp-json\/wp\/v2\/media?parent=77989"}],"wp:term":[{"taxonomy":"category","embeddable":true,"href":"https:\/\/www.tucomarca.com\/wordpress\/segunda\/ca\/wp-json\/wp\/v2\/categories?post=77989"},{"taxonomy":"post_tag","embeddable":true,"href":"https:\/\/www.tucomarca.com\/wordpress\/segunda\/ca\/wp-json\/wp\/v2\/tags?post=77989"}],"curies":[{"name":"wp","href":"https:\/\/api.w.org\/{rel}","templated":true}]}}