{"id":77999,"date":"2018-11-21T13:29:30","date_gmt":"2018-11-21T11:29:30","guid":{"rendered":"http:\/\/www.tucomarca.com\/wordpress\/segunda\/?p=77999"},"modified":"2018-11-21T13:29:30","modified_gmt":"2018-11-21T11:29:30","slug":"el-mon-dels-videojocs-torna-a-bunyol-amb-la-2a-edicio-de-la-video-game-festival-a-principis-de-desembre","status":"publish","type":"post","link":"https:\/\/www.tucomarca.com\/wordpress\/segunda\/ca\/el-mon-dels-videojocs-torna-a-bunyol-amb-la-2a-edicio-de-la-video-game-festival-a-principis-de-desembre\/","title":{"rendered":"El m\u00f3n dels videojocs torna a Bunyol amb la 2a edici\u00f3 de la Video Game Festival a principis de desembre"},"content":{"rendered":"<figure id=\"attachment_77994\" aria-describedby=\"caption-attachment-77994\" style=\"width: 239px\" class=\"wp-caption alignleft\"><img loading=\"lazy\" decoding=\"async\" class=\" wp-image-77994\" src=\"http:\/\/www.tucomarca.com\/wordpress\/segunda\/wp-content\/uploads\/2018\/11\/videogames.jpg\" alt=\"Regresa a Bu\u00f1ol la 2\u00aa edici\u00f3n de la Video Game Festival a principios de diciembre.\" width=\"239\" height=\"338\" srcset=\"https:\/\/www.tucomarca.com\/wordpress\/segunda\/wp-content\/uploads\/2018\/11\/videogames.jpg 904w, https:\/\/www.tucomarca.com\/wordpress\/segunda\/wp-content\/uploads\/2018\/11\/videogames-212x300.jpg 212w, https:\/\/www.tucomarca.com\/wordpress\/segunda\/wp-content\/uploads\/2018\/11\/videogames-768x1087.jpg 768w, https:\/\/www.tucomarca.com\/wordpress\/segunda\/wp-content\/uploads\/2018\/11\/videogames-723x1024.jpg 723w\" sizes=\"auto, (max-width: 239px) 100vw, 239px\" \/><figcaption id=\"caption-attachment-77994\" class=\"wp-caption-text\">Torna a Bunyol la 2a edici\u00f3 de la Video Game Festival a principis de desembre.<\/figcaption><\/figure>\n<p><strong>Videojocs (Xbox, PS4, PC, Switch), Jocs de ball, escenari, m\u00e0quines Arcade i Zona Retro completaran un any m\u00e9s un cap de setmana ple de diversi\u00f3 per a tots els p\u00fablics els propers 1 i 2 de desembre a la Sala El Mercat de Bunyol<\/strong><\/p>\n<p>La regidoria de Joventut de l&#8217;Ajuntament de Bu\u00f1ol torna a organitzar el gran esdeveniment de videojocs despr\u00e9s de l&#8217;\u00e8xit de l&#8217;edici\u00f3 anterior. Tindr\u00e0 lloc el primer cap de setmana de desembre, dissabte 1 i diumenge 2, a la Sala El Mercat de la localitat.<\/p>\n<p>\u00c9s la 2a edici\u00f3 del Video Game Festival Bunyol. &#8220;Durant dos dies tots els aficionats al m\u00f3n dels videojocs d&#8217;avui i de sempre tornen a tenir un cap de setmana on poder gaudir en companyia d&#8217;aquests jocs, on pares i petits estan convidats&#8221;, ha destacat Marta P\u00e9rez, regidora de Joventut, qui s&#8217;ha mostrat molt il\u00b7lusionada amb aquesta segona edici\u00f3, el que demostra l&#8217;\u00e8xit rotund que va tenir en 2017 aquest mateix de cap de setmana.<\/p>\n<p>Tornejos de Bola de Drac FighterZ, Just Dance &#8217;18, Fifa 19 i Fortnite, a m\u00e9s dels jocs m\u00e9s actuals del mercat formen part d&#8217;aquesta proposta l\u00fadico-esportiva, que pot gaudir dels dos dies, dissabte i diumenge, de 11 a 20h. El lliurament de trofeus d&#8217;aquests tornejos es produir\u00e0 en finalitzar l&#8217;\u00faltim campionat del dia a l&#8217;escenari.<\/p>\n<p><img loading=\"lazy\" decoding=\"async\" class=\"alignleft wp-image-77996\" src=\"http:\/\/www.tucomarca.com\/wordpress\/segunda\/wp-content\/uploads\/2018\/11\/videogames2.jpg\" alt=\"\" width=\"348\" height=\"293\" srcset=\"https:\/\/www.tucomarca.com\/wordpress\/segunda\/wp-content\/uploads\/2018\/11\/videogames2.jpg 904w, https:\/\/www.tucomarca.com\/wordpress\/segunda\/wp-content\/uploads\/2018\/11\/videogames2-300x253.jpg 300w, https:\/\/www.tucomarca.com\/wordpress\/segunda\/wp-content\/uploads\/2018\/11\/videogames2-768x647.jpg 768w\" sizes=\"auto, (max-width: 348px) 100vw, 348px\" \/><\/p>\n<p>Aquest esdeveniment est\u00e0 organitzat per la regidoria de Joventut del consistori bu\u00f1olense i la major novetat d&#8217;aquesta edici\u00f3 \u00e9s que la compra de material per a l&#8217;organitzaci\u00f3 d&#8217;aquest esdeveniment ha estat en empreses i comer\u00e7os de Bunyol perqu\u00e8 el benefici repercutisca entre els bu\u00f1olenses. Novament, els nost\u00e0lgics dels salons recreatius podran reviure les seves experi\u00e8ncies amb les M\u00e0quines Arcade.<\/p>\n<p>La regidora de Joventut parla d&#8217;aquesta edici\u00f3 del Video Game Festival Bunyol com de<em> &#8220;Un esdeveniment que reuneix un any m\u00e9s a aficionats del m\u00f3n dels videojocs de totes les edats, per\u00f2 especialment enfocat per a l&#8217;entreteniment dels nostres joves, tot i que convidem a tota la poblaci\u00f3 a jugar i passar-s&#8217;ho b\u00e9&#8221;<\/em><\/p>\n","protected":false},"excerpt":{"rendered":"<div class=\"mh-excerpt\">Videojocs (Xbox, PS4, PC, Switch), Jocs de ball, escenari, m\u00e0quines Arcade i Zona Retro completaran un any m\u00e9s un cap de setmana ple de diversi\u00f3 per a tots els p\u00fablics els propers 1 i 2 <a class=\"mh-excerpt-more\" href=\"https:\/\/www.tucomarca.com\/wordpress\/segunda\/ca\/el-mon-dels-videojocs-torna-a-bunyol-amb-la-2a-edicio-de-la-video-game-festival-a-principis-de-desembre\/\" title=\"El m\u00f3n dels videojocs torna a Bunyol amb la 2a edici\u00f3 de la Video Game Festival a principis de desembre\">[+] <\/a><\/div>\n","protected":false},"author":2,"featured_media":77995,"comment_status":"open","ping_status":"open","sticky":false,"template":"","format":"standard","meta":{"footnotes":""},"categories":[11019,10911,10912,11007,10896],"tags":[11366,11108,11365],"class_list":{"0":"post-77999","1":"post","2":"type-post","3":"status-publish","4":"format-standard","5":"has-post-thumbnail","7":"category-agenda-ca","8":"category-bunol-ca","9":"category-la-hoya-ca","10":"category-ocio-y-cultura-ca","11":"category-seccion-ca","12":"tag-ajuntament-de-bunyol","13":"tag-la-foia-de-bunyol-xiva","14":"tag-video-game-festival-ca"},"_links":{"self":[{"href":"https:\/\/www.tucomarca.com\/wordpress\/segunda\/ca\/wp-json\/wp\/v2\/posts\/77999","targetHints":{"allow":["GET"]}}],"collection":[{"href":"https:\/\/www.tucomarca.com\/wordpress\/segunda\/ca\/wp-json\/wp\/v2\/posts"}],"about":[{"href":"https:\/\/www.tucomarca.com\/wordpress\/segunda\/ca\/wp-json\/wp\/v2\/types\/post"}],"author":[{"embeddable":true,"href":"https:\/\/www.tucomarca.com\/wordpress\/segunda\/ca\/wp-json\/wp\/v2\/users\/2"}],"replies":[{"embeddable":true,"href":"https:\/\/www.tucomarca.com\/wordpress\/segunda\/ca\/wp-json\/wp\/v2\/comments?post=77999"}],"version-history":[{"count":0,"href":"https:\/\/www.tucomarca.com\/wordpress\/segunda\/ca\/wp-json\/wp\/v2\/posts\/77999\/revisions"}],"wp:featuredmedia":[{"embeddable":true,"href":"https:\/\/www.tucomarca.com\/wordpress\/segunda\/ca\/wp-json\/wp\/v2\/media\/77995"}],"wp:attachment":[{"href":"https:\/\/www.tucomarca.com\/wordpress\/segunda\/ca\/wp-json\/wp\/v2\/media?parent=77999"}],"wp:term":[{"taxonomy":"category","embeddable":true,"href":"https:\/\/www.tucomarca.com\/wordpress\/segunda\/ca\/wp-json\/wp\/v2\/categories?post=77999"},{"taxonomy":"post_tag","embeddable":true,"href":"https:\/\/www.tucomarca.com\/wordpress\/segunda\/ca\/wp-json\/wp\/v2\/tags?post=77999"}],"curies":[{"name":"wp","href":"https:\/\/api.w.org\/{rel}","templated":true}]}}