{"id":78067,"date":"2018-11-23T16:11:55","date_gmt":"2018-11-23T14:11:55","guid":{"rendered":"http:\/\/www.tucomarca.com\/wordpress\/segunda\/?p=78067"},"modified":"2018-11-23T16:11:55","modified_gmt":"2018-11-23T14:11:55","slug":"les-pluges-causen-perdues-en-lagricultura-valenciana-dalmenys-70-milions-deuros","status":"publish","type":"post","link":"https:\/\/www.tucomarca.com\/wordpress\/segunda\/ca\/les-pluges-causen-perdues-en-lagricultura-valenciana-dalmenys-70-milions-deuros\/","title":{"rendered":"Les pluges causen p\u00e8rdues en l&#8217;agricultura valenciana d&#8217;almenys 70 milions d&#8217;euros"},"content":{"rendered":"<figure id=\"attachment_78050\" aria-describedby=\"caption-attachment-78050\" style=\"width: 462px\" class=\"wp-caption alignleft\"><img loading=\"lazy\" decoding=\"async\" class=\" wp-image-78050\" src=\"http:\/\/www.tucomarca.com\/wordpress\/segunda\/wp-content\/uploads\/2018\/11\/AVAlluvia.jpg\" alt=\"Las lluvias han provocado numerosas inundaciones.\" width=\"462\" height=\"634\" srcset=\"https:\/\/www.tucomarca.com\/wordpress\/segunda\/wp-content\/uploads\/2018\/11\/AVAlluvia.jpg 875w, https:\/\/www.tucomarca.com\/wordpress\/segunda\/wp-content\/uploads\/2018\/11\/AVAlluvia-219x300.jpg 219w, https:\/\/www.tucomarca.com\/wordpress\/segunda\/wp-content\/uploads\/2018\/11\/AVAlluvia-768x1053.jpg 768w, https:\/\/www.tucomarca.com\/wordpress\/segunda\/wp-content\/uploads\/2018\/11\/AVAlluvia-747x1024.jpg 747w\" sizes=\"auto, (max-width: 462px) 100vw, 462px\" \/><figcaption id=\"caption-attachment-78050\" class=\"wp-caption-text\">Las lluvias han provocado numerosas inundaciones.<\/figcaption><\/figure>\n<p>La successi\u00f3 de pluges que durant els \u00faltims sis dies ha descarregat de manera especialment torrencial i persistent sobre el camp valenci\u00e0 causaran importants p\u00e8rdues tant en els principals cultius que ara mateix es troben en plena temporada com en les infraestructures agr\u00e0ries.<\/p>\n<p>Segons una primera valoraci\u00f3 d&#8217;urg\u00e8ncia efectuada per l&#8217;Associaci\u00f3 Valenciana d&#8217;Agricultors (AVA-ASAJA), les p\u00e8rdues sofertes arran de les \u00faltimes precipitacions arribaran almenys els 70 milions d&#8217;euros, si b\u00e9 aquesta xifra podria acabar sent molt superior i arribar fins als 120 milions en funci\u00f3 de l&#8217;evoluci\u00f3 del clima, ja que factors com la humitat, les altes temperatures o ocasionals episodis de noves pluges van determinar un major o menor impacte sobre l&#8217;agricultura.<\/p>\n<p>Les produccions agr\u00edcoles m\u00e9s castigades s\u00f3n, per aquest ordre, els c\u00edtrics, el caqui i les hortalisses. Nom\u00e9s les p\u00e8rdues previstes en c\u00edtrics -principalment en clementines encara que tamb\u00e9 en taronges- estan valorades en una forquilla entre 50 i 100 milions a causa de l&#8217;afecci\u00f3 directa sobre una quantitat que oscil\u00b7la entre 250.000 i 500.000 tones.<\/p>\n<p>Els danys tenen com a causes fonamentals la inundaci\u00f3 dels arbres (l&#8217;estr\u00e8s de les arrels obliga l&#8217;arbrat a desprendre dels fruits i fins i tot en els casos m\u00e9s greus acaba provocant una asf\u00edxia radicular que causa la mort del taronger), el pixat (una fisiopatia que deteriora la pell de les clementines causa de canvis bruscos d&#8217;humitat fins al punt que deixa inservible la fruita per a la seva comercialitzaci\u00f3) i el aigualit (malaltia causada pel fong Phytophthora que podreix la fruita). Les comarques de la Ribera, la Safor, la Costera i la Foia de Bunyol s\u00f3n les m\u00e9s afectades per aquesta classe de sinistres en la citricultura.<\/p>\n<p>Les p\u00e8rdues en el caqui, d&#8217;acord amb les estimacions d&#8217;AVA-ASAJA, se situaran en un rang entre 5 i 8 milions d&#8217;euros, la major part de les quals es concentren a la comarca de la Ribera. Un total de 20.000 a 40.000 tones de caquis patiran danys irreversibles a causa de la inundaci\u00f3 dels camps.<\/p>\n<p>Aquesta minva se suma al descens del 35% de la producci\u00f3 valenciana de caqui que ja havien ocasionat les gelades primaverals i, sobretot, la pedra de juliol. Pel que fa a les hortalisses, la incid\u00e8ncia de l&#8217;aigua acumulada durant aquesta \u00faltima setmana suposar\u00e0 unes p\u00e8rdues d&#8217;1 a 3 milions d&#8217;euros, mentre que la producci\u00f3 perjudicada se situar\u00e0 entre 2.000 i 4.000 tones. Els cultius que surten m\u00e9s malparats s\u00f3n les cebes, cols, coliflors i carxofes a les comarques de l&#8217;Horta i Camp de T\u00faria, tant per la disminuci\u00f3 de collita com pels sobrecostos que han de suportar els agricultors en tractaments fungicides contra l&#8217;atac de fongs.<\/p>\n<p>La pluja tamb\u00e9 ha retardat la recollida de la xufa i, al seu torn, la posterior plantaci\u00f3 d&#8217;altres produccions hort\u00edcoles en aquests mateixos camps.<\/p>\n<p>Finalment, AVA-ASAJA xifra entre 10 i 15 milions d&#8217;euros l&#8217;abast dels danys en les infraestructures agr\u00e0ries, com ara hivernacles, murs, camins rurals, canalitzacions, etc. &#8220;Plou sobre mullat -lamenta el president d&#8217;AVA-ASAJA, Crist\u00f3bal Aguado- i la situaci\u00f3 podria empitjorar encara m\u00e9s si en els pr\u00f2xims dies segueix plovent o si es produeixen vents de ponent que agreujarien terriblement els danys. Estarem molt atents a l&#8217;evoluci\u00f3 del clima perqu\u00e8 dels seus efectes dependr\u00e0 la rendibilitat de milers d&#8217;explotacions &#8220;.<\/p>\n<p>El dirigent agrari demana a les administracions que prenguin bona nota de les greus dificultats que travessa l&#8217;agricultura valenciana i posin en marxa mesures per alleujar la seva situaci\u00f3 com la reducci\u00f3 de m\u00f2duls, l&#8217;exempci\u00f3 de l&#8217;Impost de B\u00e9ns Immobles (IBI) R\u00fastic, l&#8217;establiment de cr\u00e8dits bonificats i m\u00e9s ajudes per afavorir la contractaci\u00f3 de l&#8217;asseguran\u00e7a.<\/p>\n","protected":false},"excerpt":{"rendered":"<div class=\"mh-excerpt\">La successi\u00f3 de pluges que durant els \u00faltims sis dies ha descarregat de manera especialment torrencial i persistent sobre el camp valenci\u00e0 causaran importants p\u00e8rdues tant en els principals cultius que ara mateix es troben <a class=\"mh-excerpt-more\" href=\"https:\/\/www.tucomarca.com\/wordpress\/segunda\/ca\/les-pluges-causen-perdues-en-lagricultura-valenciana-dalmenys-70-milions-deuros\/\" title=\"Les pluges causen p\u00e8rdues en l&#8217;agricultura valenciana d&#8217;almenys 70 milions d&#8217;euros\">[+] <\/a><\/div>\n","protected":false},"author":1,"featured_media":78051,"comment_status":"open","ping_status":"open","sticky":false,"template":"","format":"standard","meta":{"footnotes":""},"categories":[10905,10898,10948,10894,10904,10903,10896,10897],"tags":[11309],"class_list":{"0":"post-78067","1":"post","2":"type-post","3":"status-publish","4":"format-standard","5":"has-post-thumbnail","7":"category-agricultura-la-comarca-ca","8":"category-ventana-ca","9":"category-infraestructuras-ca","10":"category-la-comarca-ca","11":"category-sin-categorizar-ca","12":"category-medio-ambiente-la-comarca-ca","13":"category-seccion-ca","14":"category-sucesos-la-comarca-ca","15":"tag-agricultura-ca"},"_links":{"self":[{"href":"https:\/\/www.tucomarca.com\/wordpress\/segunda\/ca\/wp-json\/wp\/v2\/posts\/78067","targetHints":{"allow":["GET"]}}],"collection":[{"href":"https:\/\/www.tucomarca.com\/wordpress\/segunda\/ca\/wp-json\/wp\/v2\/posts"}],"about":[{"href":"https:\/\/www.tucomarca.com\/wordpress\/segunda\/ca\/wp-json\/wp\/v2\/types\/post"}],"author":[{"embeddable":true,"href":"https:\/\/www.tucomarca.com\/wordpress\/segunda\/ca\/wp-json\/wp\/v2\/users\/1"}],"replies":[{"embeddable":true,"href":"https:\/\/www.tucomarca.com\/wordpress\/segunda\/ca\/wp-json\/wp\/v2\/comments?post=78067"}],"version-history":[{"count":0,"href":"https:\/\/www.tucomarca.com\/wordpress\/segunda\/ca\/wp-json\/wp\/v2\/posts\/78067\/revisions"}],"wp:featuredmedia":[{"embeddable":true,"href":"https:\/\/www.tucomarca.com\/wordpress\/segunda\/ca\/wp-json\/wp\/v2\/media\/78051"}],"wp:attachment":[{"href":"https:\/\/www.tucomarca.com\/wordpress\/segunda\/ca\/wp-json\/wp\/v2\/media?parent=78067"}],"wp:term":[{"taxonomy":"category","embeddable":true,"href":"https:\/\/www.tucomarca.com\/wordpress\/segunda\/ca\/wp-json\/wp\/v2\/categories?post=78067"},{"taxonomy":"post_tag","embeddable":true,"href":"https:\/\/www.tucomarca.com\/wordpress\/segunda\/ca\/wp-json\/wp\/v2\/tags?post=78067"}],"curies":[{"name":"wp","href":"https:\/\/api.w.org\/{rel}","templated":true}]}}