{"id":78122,"date":"2018-11-26T11:54:49","date_gmt":"2018-11-26T09:54:49","guid":{"rendered":"http:\/\/www.tucomarca.com\/wordpress\/segunda\/?p=78122"},"modified":"2018-11-26T18:33:07","modified_gmt":"2018-11-26T16:33:07","slug":"la-ud-iatova-femeni-no-aconsegueix-posar-se-per-davant-de-les-rivals-i-cau-per-golejada-contra-el-maritim-b-6-3","status":"publish","type":"post","link":"https:\/\/www.tucomarca.com\/wordpress\/segunda\/ca\/la-ud-iatova-femeni-no-aconsegueix-posar-se-per-davant-de-les-rivals-i-cau-per-golejada-contra-el-maritim-b-6-3\/","title":{"rendered":"El I\u00e0tova femen\u00ed no aconsegueix posar-se per davant de les rivals i cau per golejada contra el Mar\u00edtim B (6-3)"},"content":{"rendered":"<figure id=\"attachment_78118\" aria-describedby=\"caption-attachment-78118\" style=\"width: 353px\" class=\"wp-caption alignleft\"><img loading=\"lazy\" decoding=\"async\" class=\" wp-image-78118\" src=\"http:\/\/www.tucomarca.com\/wordpress\/segunda\/wp-content\/uploads\/2018\/11\/yatovafem.jpg\" alt=\"El UD Y\u00e1tova en una foto de archivo.\" width=\"353\" height=\"227\" srcset=\"https:\/\/www.tucomarca.com\/wordpress\/segunda\/wp-content\/uploads\/2018\/11\/yatovafem.jpg 787w, https:\/\/www.tucomarca.com\/wordpress\/segunda\/wp-content\/uploads\/2018\/11\/yatovafem-300x193.jpg 300w, https:\/\/www.tucomarca.com\/wordpress\/segunda\/wp-content\/uploads\/2018\/11\/yatovafem-768x494.jpg 768w\" sizes=\"auto, (max-width: 353px) 100vw, 353px\" \/><figcaption id=\"caption-attachment-78118\" class=\"wp-caption-text\">El UD Y\u00e1tova en una foto d&#8217;arxiu.<\/figcaption><\/figure>\n<p>Molt prompte\u00a0es va estrenar el marcador a favor de les locals, el Mar\u00edtim B. A penes tres minuts va necessitar Paula Pe\u00f1alver per posar el 1-0. El joc somreia a les de Val\u00e8ncia, i aix\u00f2 al final es tradueix normalment en gols. Aix\u00ed doncs en tot just 10 minuts (14 i 24) van aconseguir posar-se fins 3-0 per davant, i aqu\u00ed \u00e9s quan es van adonar les noies yatoveras que la situaci\u00f3 havia de canviar i van intentar reaccionar: en el 33 &#8216;per fi van aconseguir estrenar el seu caseller , en aquesta ocasi\u00f3 Conchi Ricarte seria qui aconseguiria retallar dist\u00e0ncies, encara que era evident que quedava molt per fer.<br \/>\nEl problema va ser que la reacci\u00f3 local es no es va fer esperar, doncs 3 minuts m\u00e9s tard va arribar el 4-1, amb el qual s&#8217;anava a arribar al descans.<\/p>\n<p>Quedaven 45 minuts per davant per intentar corregir el marcador i lluitar la vict\u00f2ria. Les de l&#8217;Hoya van tornar a colpejar complerta la hora de joc: Andrea Hurtado va posar el 4-2, \u00e9s llavors quan semblava que amb mitja hora per davant i &#8216;nom\u00e9s&#8217; 2 gols, encara es podia lluitar, per\u00f2 res m\u00e9s lluny de la realitat ; a mesura que passaven els minuts, les de Borja no mostraven res millor que les de Mar\u00edtim B i arribaven els \u00faltims 20 minuts, la recta final per decantar la balan\u00e7a definitivament.<\/p>\n<p>Al 68 &#8216;Yadira va posar el 5-2, el qual ja va molt malament en la moral i din\u00e0mica que intentaven imposar les de I\u00e0tova. Per\u00f2 ja al 74 &#8216;les locals buidarien el seu arsenal amb l&#8217;\u00faltim tant gr\u00e0cies a Joana Garc\u00eda.<\/p>\n<p>I amb aix\u00f2 l&#8217;\u00faltima reacci\u00f3 de les yatovenses, quedant 16 minuts de joc, Ainhoa \u200b\u200bClemente posaria el definitiu 6-3.<\/p>\n<p>Despr\u00e9s de la derrota l&#8217;equip femen\u00ed de la UD I\u00e0tova queda set\u00e8 amb 9 punts. Informa, Ra\u00fal Miralles Lacalle @raulmks<\/p>\n","protected":false},"excerpt":{"rendered":"<div class=\"mh-excerpt\">Molt prompte\u00a0es va estrenar el marcador a favor de les locals, el Mar\u00edtim B. A penes tres minuts va necessitar Paula Pe\u00f1alver per posar el 1-0. El joc somreia a les de Val\u00e8ncia, i aix\u00f2 <a class=\"mh-excerpt-more\" href=\"https:\/\/www.tucomarca.com\/wordpress\/segunda\/ca\/la-ud-iatova-femeni-no-aconsegueix-posar-se-per-davant-de-les-rivals-i-cau-per-golejada-contra-el-maritim-b-6-3\/\" title=\"El I\u00e0tova femen\u00ed no aconsegueix posar-se per davant de les rivals i cau per golejada contra el Mar\u00edtim B (6-3)\">[+] <\/a><\/div>\n","protected":false},"author":1,"featured_media":78119,"comment_status":"open","ping_status":"open","sticky":false,"template":"","format":"standard","meta":{"footnotes":""},"categories":[11015,10898,10980,10912,10896],"tags":[11264],"class_list":{"0":"post-78122","1":"post","2":"type-post","3":"status-publish","4":"format-standard","5":"has-post-thumbnail","7":"category-canal-futbol","8":"category-ventana-ca","9":"category-yatova-ca","10":"category-la-hoya-ca","11":"category-seccion-ca","12":"tag-esports-ca"},"_links":{"self":[{"href":"https:\/\/www.tucomarca.com\/wordpress\/segunda\/ca\/wp-json\/wp\/v2\/posts\/78122","targetHints":{"allow":["GET"]}}],"collection":[{"href":"https:\/\/www.tucomarca.com\/wordpress\/segunda\/ca\/wp-json\/wp\/v2\/posts"}],"about":[{"href":"https:\/\/www.tucomarca.com\/wordpress\/segunda\/ca\/wp-json\/wp\/v2\/types\/post"}],"author":[{"embeddable":true,"href":"https:\/\/www.tucomarca.com\/wordpress\/segunda\/ca\/wp-json\/wp\/v2\/users\/1"}],"replies":[{"embeddable":true,"href":"https:\/\/www.tucomarca.com\/wordpress\/segunda\/ca\/wp-json\/wp\/v2\/comments?post=78122"}],"version-history":[{"count":0,"href":"https:\/\/www.tucomarca.com\/wordpress\/segunda\/ca\/wp-json\/wp\/v2\/posts\/78122\/revisions"}],"wp:featuredmedia":[{"embeddable":true,"href":"https:\/\/www.tucomarca.com\/wordpress\/segunda\/ca\/wp-json\/wp\/v2\/media\/78119"}],"wp:attachment":[{"href":"https:\/\/www.tucomarca.com\/wordpress\/segunda\/ca\/wp-json\/wp\/v2\/media?parent=78122"}],"wp:term":[{"taxonomy":"category","embeddable":true,"href":"https:\/\/www.tucomarca.com\/wordpress\/segunda\/ca\/wp-json\/wp\/v2\/categories?post=78122"},{"taxonomy":"post_tag","embeddable":true,"href":"https:\/\/www.tucomarca.com\/wordpress\/segunda\/ca\/wp-json\/wp\/v2\/tags?post=78122"}],"curies":[{"name":"wp","href":"https:\/\/api.w.org\/{rel}","templated":true}]}}