{"id":78142,"date":"2018-11-26T13:34:22","date_gmt":"2018-11-26T11:34:22","guid":{"rendered":"http:\/\/www.tucomarca.com\/wordpress\/segunda\/?p=78142"},"modified":"2018-11-26T13:34:22","modified_gmt":"2018-11-26T11:34:22","slug":"el-cf-xiva-venda-del-moro-suspes-despres-de-la-primera-meitat-per-la-polemica-a-les-grades-que-va-fer-necessaria-la-presencia-de-la-guardia-civil","status":"publish","type":"post","link":"https:\/\/www.tucomarca.com\/wordpress\/segunda\/ca\/el-cf-xiva-venda-del-moro-suspes-despres-de-la-primera-meitat-per-la-polemica-a-les-grades-que-va-fer-necessaria-la-presencia-de-la-guardia-civil\/","title":{"rendered":"El CF Xiva-Venda del Moro, susp\u00e8s despr\u00e9s de la primera meitat per la pol\u00e8mica a les grades que va fer necess\u00e0ria la pres\u00e8ncia de la Gu\u00e0rdia Civil"},"content":{"rendered":"<p>Quasi pareix incre\u00efble el viscut aquesta setmana en el partit entre el Venta del Moro-Chiva. Segons han informat des del CF Xiva, ia la pr\u00e8via del partit va ser de tot menys acollidora: l&#8217;encarregat del camp va posar tota mena de problemes als chivanos per accedir al club; al recinte es va poder accedir amb prou feines 45 minuts de marge per a l&#8217;inici del partit; i els entrenaments i escalfaments previs amb prou feines es van poder fer de 5 minuts. A m\u00e9s, el recinte estava en obres i sense il\u00b7luminaci\u00f3 artificial amb focus.<\/p>\n<p>En el primer temps els chivanos es van posar per davant 0-2 gr\u00e0cies a Javi i Rafa Molina. I amb aquest resultat favorable es va arribar al descans. Per\u00f2 el destacable (per desgr\u00e0cia) van ser els fets ocorreguts en el transcurs de la primera meitat: jugava com a local el Venda del Moro, per\u00f2 en el camp de l&#8217;Caudete de les Fonts. I durant els 45 minuts hi va haver insults i provocacions de les dues aficions a jugadors i despla\u00e7ats de Chiva. A m\u00e9s, el delegat dels de Venda del Moro en diferents ocasions va arribar a increpar al col\u00b7legiat, que va haver de suportar massa i, per la seva joventut, el que ha passat pel que sembla li va sobrepassar i es va veure superat, fent aix\u00ed que al descans es suspengu\u00e9s temporalment el partit i s&#8217;esper\u00e9s l&#8217;aparici\u00f3 de la Gu\u00e0rdia Civil.<\/p>\n<p>&#8220;Fins llavors, durant gaireb\u00e9 una hora vam romandre al vestidor per si algun aficionat de Venda del Moro o de l&#8217;Caudete, o el mateix delegat de camp, intentessin fer alguna cosa, a m\u00e9s el partit durant la primera part, va ser per part local bastant deplorable, provocant fins i tot alguna lesi\u00f3 &#8220;, tal com han informat fonts del Chiva CF.<\/p>\n<p>El partit ha quedat suspedido al descans amb el resultat provisional de 0-2 a costa de quina decisi\u00f3 pren la FFCV i el mateix col\u00b7legiat, que ha transm\u00e8s el seu desig de &#8220;no tornar a aquest tipus de camp en males condicions i algun club que no t\u00e9 esportivitat alguna ni als vestidors ni fora d&#8217;ells &#8220;, segons ha pogut saber aquest diari.<\/p>\n<p><strong>Resultats a Segona Regional<\/strong><\/p>\n<p>Els resultats dels altres equips que han jugat a Segona Regional aquesta passada jornada han estat: Camporrobles 8-0 Macastre, Alaqu\u00e0s 0-0 Godelleta i Atl\u00e8tic Tur\u00eds 0-3 Paiporta.<\/p>\n<p>Despr\u00e9s d&#8217;aquests resultats, l&#8217;Atl\u00e8tic Macastre ocupa el lloc 13 amb 7 punts; la UD Godelleta est\u00e0 en el lloc 14 amb 5; i l&#8217;Atl\u00e8tic Tur\u00eds \u00e9s cuer amb nom\u00e9s 2 punts. Informa, Ra\u00fal Miralles Lacalle @raulmks<\/p>\n","protected":false},"excerpt":{"rendered":"<div class=\"mh-excerpt\">Quasi pareix incre\u00efble el viscut aquesta setmana en el partit entre el Venta del Moro-Chiva. Segons han informat des del CF Xiva, ia la pr\u00e8via del partit va ser de tot menys acollidora: l&#8217;encarregat del <a class=\"mh-excerpt-more\" href=\"https:\/\/www.tucomarca.com\/wordpress\/segunda\/ca\/el-cf-xiva-venda-del-moro-suspes-despres-de-la-primera-meitat-per-la-polemica-a-les-grades-que-va-fer-necessaria-la-presencia-de-la-guardia-civil\/\" title=\"El CF Xiva-Venda del Moro, susp\u00e8s despr\u00e9s de la primera meitat per la pol\u00e8mica a les grades que va fer necess\u00e0ria la pres\u00e8ncia de la Gu\u00e0rdia Civil\">[+] <\/a><\/div>\n","protected":false},"author":1,"featured_media":78137,"comment_status":"open","ping_status":"open","sticky":false,"template":"","format":"standard","meta":{"footnotes":""},"categories":[11015,11003,10898,10912,10896,10975],"tags":[11264],"class_list":{"0":"post-78142","1":"post","2":"type-post","3":"status-publish","4":"format-standard","5":"has-post-thumbnail","7":"category-canal-futbol","8":"category-sports","9":"category-ventana-ca","10":"category-la-hoya-ca","11":"category-seccion-ca","12":"category-chiva-ca","13":"tag-esports-ca"},"_links":{"self":[{"href":"https:\/\/www.tucomarca.com\/wordpress\/segunda\/ca\/wp-json\/wp\/v2\/posts\/78142","targetHints":{"allow":["GET"]}}],"collection":[{"href":"https:\/\/www.tucomarca.com\/wordpress\/segunda\/ca\/wp-json\/wp\/v2\/posts"}],"about":[{"href":"https:\/\/www.tucomarca.com\/wordpress\/segunda\/ca\/wp-json\/wp\/v2\/types\/post"}],"author":[{"embeddable":true,"href":"https:\/\/www.tucomarca.com\/wordpress\/segunda\/ca\/wp-json\/wp\/v2\/users\/1"}],"replies":[{"embeddable":true,"href":"https:\/\/www.tucomarca.com\/wordpress\/segunda\/ca\/wp-json\/wp\/v2\/comments?post=78142"}],"version-history":[{"count":0,"href":"https:\/\/www.tucomarca.com\/wordpress\/segunda\/ca\/wp-json\/wp\/v2\/posts\/78142\/revisions"}],"wp:featuredmedia":[{"embeddable":true,"href":"https:\/\/www.tucomarca.com\/wordpress\/segunda\/ca\/wp-json\/wp\/v2\/media\/78137"}],"wp:attachment":[{"href":"https:\/\/www.tucomarca.com\/wordpress\/segunda\/ca\/wp-json\/wp\/v2\/media?parent=78142"}],"wp:term":[{"taxonomy":"category","embeddable":true,"href":"https:\/\/www.tucomarca.com\/wordpress\/segunda\/ca\/wp-json\/wp\/v2\/categories?post=78142"},{"taxonomy":"post_tag","embeddable":true,"href":"https:\/\/www.tucomarca.com\/wordpress\/segunda\/ca\/wp-json\/wp\/v2\/tags?post=78142"}],"curies":[{"name":"wp","href":"https:\/\/api.w.org\/{rel}","templated":true}]}}