{"id":78664,"date":"2018-12-02T23:57:40","date_gmt":"2018-12-02T21:57:40","guid":{"rendered":"http:\/\/www.tucomarca.com\/wordpress\/segunda\/?p=78664"},"modified":"2018-12-03T00:09:22","modified_gmt":"2018-12-02T22:09:22","slug":"la-artistica-bunol-triunfa-por-tercera-vez-en-el-certamen-vila-daltea","status":"publish","type":"post","link":"https:\/\/www.tucomarca.com\/wordpress\/segunda\/ca\/la-artistica-bunol-triunfa-por-tercera-vez-en-el-certamen-vila-daltea\/","title":{"rendered":"\u00abL&#8217;Art\u00edstica\u00bb de Bunyol triomfa per tercera vegada al Certamen Vila d&#8217;Altea"},"content":{"rendered":"<figure id=\"attachment_78656\" aria-describedby=\"caption-attachment-78656\" style=\"width: 960px\" class=\"wp-caption alignnone\"><img loading=\"lazy\" decoding=\"async\" class=\"size-full wp-image-78656\" src=\"http:\/\/www.tucomarca.com\/wordpress\/segunda\/wp-content\/uploads\/2018\/12\/FeosAltea02.jpg\" alt=\"El presidente, Paco Blasco, junto a las Reinas del mant\u00f3n con los galardones conseguidos. \" width=\"960\" height=\"450\" srcset=\"https:\/\/www.tucomarca.com\/wordpress\/segunda\/wp-content\/uploads\/2018\/12\/FeosAltea02.jpg 960w, https:\/\/www.tucomarca.com\/wordpress\/segunda\/wp-content\/uploads\/2018\/12\/FeosAltea02-300x141.jpg 300w, https:\/\/www.tucomarca.com\/wordpress\/segunda\/wp-content\/uploads\/2018\/12\/FeosAltea02-768x360.jpg 768w\" sizes=\"auto, (max-width: 960px) 100vw, 960px\" \/><figcaption id=\"caption-attachment-78656\" class=\"wp-caption-text\">La banda simf\u00f2nica de \u00abL&#8217;Art\u00edstica\u00bb de Bunyol durant la seva participaci\u00f3 en el certamen d&#8217;aquest any.<\/figcaption><\/figure>\n<p>La banda simf\u00f2nica de la Societat musical \u00abL&#8217;Art\u00edstica\u00bb de Bunyol, dirigida pel seu titular, Henrie Adams, ha estat la vencedora absoluta del 45 Certamen Internacional de Bandes de M\u00fasica Vila d&#8217;Altea en aconseguir la m\u00e0xima puntuaci\u00f3 del jurat (281 punts sobre un m\u00e0xim de 300) que la va fer mereixedora del primer premi, dotat amb 6.000 euros de premi per al guanyador. Tamb\u00e9 va aconseguir el corbat\u00ed d&#8217;or al ja haver obtingut la Menci\u00f3 d&#8217;Honor, a m\u00e9s d&#8217;aquest any, el 2000 i 2009.<\/p>\n<figure id=\"attachment_78659\" aria-describedby=\"caption-attachment-78659\" style=\"width: 396px\" class=\"wp-caption alignleft\"><img loading=\"lazy\" decoding=\"async\" class=\" wp-image-78659\" src=\"http:\/\/www.tucomarca.com\/wordpress\/segunda\/wp-content\/uploads\/2018\/12\/FeosAltea03.jpg\" alt=\"Director y presidente de \u00abLos Feos\u00bb en el momento de recoger los galardones.\" width=\"396\" height=\"297\" srcset=\"https:\/\/www.tucomarca.com\/wordpress\/segunda\/wp-content\/uploads\/2018\/12\/FeosAltea03.jpg 960w, https:\/\/www.tucomarca.com\/wordpress\/segunda\/wp-content\/uploads\/2018\/12\/FeosAltea03-300x225.jpg 300w, https:\/\/www.tucomarca.com\/wordpress\/segunda\/wp-content\/uploads\/2018\/12\/FeosAltea03-768x576.jpg 768w\" sizes=\"auto, (max-width: 396px) 100vw, 396px\" \/><figcaption id=\"caption-attachment-78659\" class=\"wp-caption-text\">Director i president de \u00abEls Lletjos\u00bb en el moment de recollir els guardons.<\/figcaption><\/figure>\n<p>Amb aquest nou triomf, \u00abL&#8217;Art\u00edstica\u00bb aconsegueix per tercera vegada els m\u00e0xims guardons del certamen d&#8217;Altea; i tamb\u00e9 a Henrie Adams se li va concedir la batuta d&#8217;or per ser guanyador igualment en els cert\u00e0mens de 2000, 2009 i ara el 2018.<\/p>\n<figure id=\"attachment_78654\" aria-describedby=\"caption-attachment-78654\" style=\"width: 348px\" class=\"wp-caption alignright\"><img loading=\"lazy\" decoding=\"async\" class=\" wp-image-78654\" src=\"http:\/\/www.tucomarca.com\/wordpress\/segunda\/wp-content\/uploads\/2018\/12\/FeosAltea01.jpg\" alt=\"El presidente, Paco Blasco, junto a las Reinas del mant\u00f3n con los galardones conseguidos.\" width=\"348\" height=\"261\" srcset=\"https:\/\/www.tucomarca.com\/wordpress\/segunda\/wp-content\/uploads\/2018\/12\/FeosAltea01.jpg 720w, https:\/\/www.tucomarca.com\/wordpress\/segunda\/wp-content\/uploads\/2018\/12\/FeosAltea01-300x225.jpg 300w\" sizes=\"auto, (max-width: 348px) 100vw, 348px\" \/><figcaption id=\"caption-attachment-78654\" class=\"wp-caption-text\">El president, Paco Blasco, al costat de les Reines del Mant\u00f3 amb els guardons aconseguits.<\/figcaption><\/figure>\n<p>Al costat de \u00abL&#8217;Art\u00edstica\u00bb de Bunyol, ha com\u00e8s aquest any en el certamen la Banda Simf\u00f2nica Sibat\u00e9 (de Col\u00f2mbia), dirigida per Diego A. Rivera; a m\u00e9s de la Banda de M\u00fasica d&#8217;Antas (Portugal), dirigida per Diogo Costa, que van obtenir respectivament 166 i 242 punts. Onata Voiceu Silva, de la banda colombiana, va obtenir el Premi Especial al Millor Solista.<\/p>\n<div>\n<p>Les tres bandes participants van interpretar com a obra obligada per a aquesta edici\u00f3 Remembrance, de Carles Pellicer, a m\u00e9s d&#8217;un pasdoble de presentaci\u00f3 i una obra de lliure elecci\u00f3.<\/p>\n<p>L&#8217;obra de Pellicer, enc\u00e0rrec de la SFA, s&#8217;inspira en la novel\u00b7la \u00abMat\u00e8ria de Bretanya\u00bb, de Carmelina S\u00e1nchez Cutillas, ja que aquest any el lema del certamen \u00e9s \u00abUna dona del poble\u00bb com a homenatge a aquesta escriptora alteana ia la dona en general. Per aquest motiu i per primera vegada en la hist\u00f2ria del certamen, el jurat tamb\u00e9 va estar compost per tres dones.<\/p>\n<\/div>\n<div id=\"smartIntxt\">El certamen el va clausurar la banda simf\u00f2nica de la Societat Filharm\u00f2nica Alteanense (SFA), organitzadora de l&#8217;esdeveniment, sota la direcci\u00f3 de Jaume F. Ripoll Martins.<\/div>\n","protected":false},"excerpt":{"rendered":"<div class=\"mh-excerpt\">La banda simf\u00f2nica de la Societat musical \u00abL&#8217;Art\u00edstica\u00bb de Bunyol, dirigida pel seu titular, Henrie Adams, ha estat la vencedora absoluta del 45 Certamen Internacional de Bandes de M\u00fasica Vila d&#8217;Altea en aconseguir la m\u00e0xima <a class=\"mh-excerpt-more\" href=\"https:\/\/www.tucomarca.com\/wordpress\/segunda\/ca\/la-artistica-bunol-triunfa-por-tercera-vez-en-el-certamen-vila-daltea\/\" title=\"\u00abL&#8217;Art\u00edstica\u00bb de Bunyol triomfa per tercera vegada al Certamen Vila d&#8217;Altea\">[+] <\/a><\/div>\n","protected":false},"author":1,"featured_media":78659,"comment_status":"open","ping_status":"open","sticky":false,"template":"","format":"standard","meta":{"footnotes":""},"categories":[10911,11005,10898,10912,11007,10896],"tags":[11377,11314,11376],"class_list":{"0":"post-78664","1":"post","2":"type-post","3":"status-publish","4":"format-standard","5":"has-post-thumbnail","7":"category-bunol-ca","8":"category-canal-musica","9":"category-ventana-ca","10":"category-la-hoya-ca","11":"category-ocio-y-cultura-ca","12":"category-seccion-ca","13":"tag-artistica-ca","14":"tag-bunyol-ca","15":"tag-los-feos-ca"},"_links":{"self":[{"href":"https:\/\/www.tucomarca.com\/wordpress\/segunda\/ca\/wp-json\/wp\/v2\/posts\/78664","targetHints":{"allow":["GET"]}}],"collection":[{"href":"https:\/\/www.tucomarca.com\/wordpress\/segunda\/ca\/wp-json\/wp\/v2\/posts"}],"about":[{"href":"https:\/\/www.tucomarca.com\/wordpress\/segunda\/ca\/wp-json\/wp\/v2\/types\/post"}],"author":[{"embeddable":true,"href":"https:\/\/www.tucomarca.com\/wordpress\/segunda\/ca\/wp-json\/wp\/v2\/users\/1"}],"replies":[{"embeddable":true,"href":"https:\/\/www.tucomarca.com\/wordpress\/segunda\/ca\/wp-json\/wp\/v2\/comments?post=78664"}],"version-history":[{"count":0,"href":"https:\/\/www.tucomarca.com\/wordpress\/segunda\/ca\/wp-json\/wp\/v2\/posts\/78664\/revisions"}],"wp:featuredmedia":[{"embeddable":true,"href":"https:\/\/www.tucomarca.com\/wordpress\/segunda\/ca\/wp-json\/wp\/v2\/media\/78659"}],"wp:attachment":[{"href":"https:\/\/www.tucomarca.com\/wordpress\/segunda\/ca\/wp-json\/wp\/v2\/media?parent=78664"}],"wp:term":[{"taxonomy":"category","embeddable":true,"href":"https:\/\/www.tucomarca.com\/wordpress\/segunda\/ca\/wp-json\/wp\/v2\/categories?post=78664"},{"taxonomy":"post_tag","embeddable":true,"href":"https:\/\/www.tucomarca.com\/wordpress\/segunda\/ca\/wp-json\/wp\/v2\/tags?post=78664"}],"curies":[{"name":"wp","href":"https:\/\/api.w.org\/{rel}","templated":true}]}}