{"id":78759,"date":"2018-12-03T23:07:44","date_gmt":"2018-12-03T21:07:44","guid":{"rendered":"http:\/\/www.tucomarca.com\/wordpress\/segunda\/?p=78759"},"modified":"2018-12-03T23:07:44","modified_gmt":"2018-12-03T21:07:44","slug":"riba-roja-inclou-clausules-socials-i-ambientals-en-el-80-dels-contractes-per-afavorir-locupacio-i-la-sostenibilitat","status":"publish","type":"post","link":"https:\/\/www.tucomarca.com\/wordpress\/segunda\/ca\/riba-roja-inclou-clausules-socials-i-ambientals-en-el-80-dels-contractes-per-afavorir-locupacio-i-la-sostenibilitat\/","title":{"rendered":"Riba-roja inclou cl\u00e0usules socials i ambientals en el 80% dels contractes per afavorir l&#8217;ocupaci\u00f3 i la sostenibilitat"},"content":{"rendered":"<figure id=\"attachment_78747\" aria-describedby=\"caption-attachment-78747\" style=\"width: 553px\" class=\"wp-caption alignleft\"><img loading=\"lazy\" decoding=\"async\" class=\" wp-image-78747\" src=\"http:\/\/www.tucomarca.com\/wordpress\/segunda\/wp-content\/uploads\/2018\/12\/plenoRibaRoja.jpg.jpg\" alt=\"El ayuntamiento apuesta por las firmas que respeten el medio ambiente\" width=\"553\" height=\"311\" srcset=\"https:\/\/www.tucomarca.com\/wordpress\/segunda\/wp-content\/uploads\/2018\/12\/plenoRibaRoja.jpg.jpg 1599w, https:\/\/www.tucomarca.com\/wordpress\/segunda\/wp-content\/uploads\/2018\/12\/plenoRibaRoja.jpg-300x169.jpg 300w, https:\/\/www.tucomarca.com\/wordpress\/segunda\/wp-content\/uploads\/2018\/12\/plenoRibaRoja.jpg-768x432.jpg 768w, https:\/\/www.tucomarca.com\/wordpress\/segunda\/wp-content\/uploads\/2018\/12\/plenoRibaRoja.jpg-1024x576.jpg 1024w\" sizes=\"auto, (max-width: 553px) 100vw, 553px\" \/><figcaption id=\"caption-attachment-78747\" class=\"wp-caption-text\">El ayuntamiento apuesta por las firmas que respeten el medio ambiente<\/figcaption><\/figure>\n<p>L&#8217;Ajuntament de Riba-roja de T\u00faria ha introdu\u00eft cl\u00e0usules socials, ambientals i econ\u00f2miques en el 80% dels nous contractes p\u00fablics derivats de les licitacions municipals al llarg del present mandat amb l&#8217;objectiu d&#8217;afavorir factors importants com la sostenibilitat, la creaci\u00f3 d&#8217; ocupaci\u00f3 especialment entre els aturats de llarga durada i segments socials amb major dificultat aix\u00ed com l&#8217;\u00fas d&#8217;energies renovables en els processos de producci\u00f3 de les empreses.<\/p>\n<p>L&#8217;equip de govern de Riba-roja -format pel PSPV, Comprom\u00eds i Esquerra Unida ha apostat per la inclusi\u00f3 d&#8217;aquest tipus de criteris per adaptar-se a les exig\u00e8ncies que en mat\u00e8ria ambiental, ocupaci\u00f3 i desenvolupament sostenible demanda cada vegada la societat actual al temps que s&#8217;ofereix una resposta adequada a les mancances que patia la localitat des de fa anys davant els reptes del futur.<\/p>\n<p>El ple municipal ha ratificat una proposta de l&#8217;equip de govern per a la redacci\u00f3 i l&#8217;elaboraci\u00f3 d&#8217;un pla de responsabilitat social per part del consistori com una eina per a l&#8217;obtenci\u00f3 d&#8217;alguns objectius continguts en l&#8217;Estrat\u00e8gia 2000 afavorida per la Comissi\u00f3 europea, amb especial atenci\u00f3 al creixement intel\u00b7ligent, sostenible i integrador.<\/p>\n<p>La proposta ha tirat endavant amb els vots del propi equip de govern de Riba-roja de T\u00faria i de Ciutadans mentre que el Partit Popular i Riba-roja Pot han apostat per l&#8217;abstenci\u00f3. Aquest sistema suposa en la pr\u00e0ctica una innovaci\u00f3 en la gesti\u00f3 de les organitzacions orientades a incrementar la competitivitat de les mateixes aix\u00ed com el foment del desenvolupament sostenible i de l&#8217;economia social.<\/p>\n<p>Als criteris socials i ambientals que l&#8217;Ajuntament de Riba-roja de T\u00faria ja est\u00e0 aplicant en el 80% dels seus processos de licitaci\u00f3 de contractes cal afegir altres par\u00e0metres com els drets humans, el comer\u00e7 just, les pr\u00e0ctiques de treball i ocupaci\u00f3 \u00f2ptimes &#8211; com la diversitat, la igualtat de g\u00e8nere, la salut o el benestar dels empleats-, la sostenibilitat ambiental en la biodiversitat, la lluita contra el canvi clim\u00e0tic, l&#8217;\u00fas eficient dels recursos naturals o prevenci\u00f3 de la contaminaci\u00f3, sense oblidar la transpar\u00e8ncia i la lluita contra la corrupci\u00f3.<\/p>\n<p>El pla municipal de Riba-roja contemplar\u00e0 una contractaci\u00f3 p\u00fablica socialment responsable amb una regulaci\u00f3 per reservar contractes a centres especials d&#8217;ocupaci\u00f3 i empreses d&#8217;inserci\u00f3 amb les condicions i requisits establerts per la Comissi\u00f3 europea. A m\u00e9s, una gesti\u00f3 responsable dels recursos humans buscar\u00e0 afavorir la implantaci\u00f3 del teletreball en aquells llocs de l&#8217;ajuntament que no suposin funcions d&#8217;atenci\u00f3 al p\u00fablic, amb una flexibilitat i racionalitzaci\u00f3 d&#8217;horaris, la conciliaci\u00f3 familiar, personal i professional.<\/p>\n<p>Finalment, aquesta iniciativa consistorial accentuar\u00e0 la seva aposta en mesures de modernitzaci\u00f3 i millora en la qualitat dels serveis, una gesti\u00f3 m\u00e9s efica\u00e7 amb l&#8217;\u00fas de tecnologies de la informaci\u00f3, la reducci\u00f3 o supressi\u00f3 de c\u00e0rregues administratives, una racionalitzaci\u00f3 i simplificaci\u00f3 dels processos per abundar en una major celeritat, efic\u00e0cia i efici\u00e8ncia. Per a aix\u00f2, el portal de la transpar\u00e8ncia incorporar\u00e0 mem\u00f2ries anuals de sostenibilitat o responsabilitat social.<\/p>\n<p>No obstant aix\u00f2, alguns criteris ja es tenen en compte en les empreses com una igualtat entre homes i dones, una major contractaci\u00f3 de dones en sectors amb major pres\u00e8ncia masculina, aquelles amb dones en llocs de responsabilitat, la contractaci\u00f3 de dones v\u00edctimes de viol\u00e8ncia de g\u00e8nere o aquelles amb una dificultat d&#8217;acc\u00e9s al mercat laboral o les que aposten per la conciliaci\u00f3 laboral i familiar.<\/p>\n<p>L&#8217;alcalde de Riba-roja de T\u00faria, Robert Raga, ha destacat &#8220;el car\u00e0cter innovador per a la modernitzaci\u00f3 de l&#8217;ajuntament que tots volem per als nostres ve\u00efns i, per aix\u00f2, hem de continuar el mateix cam\u00ed que vam comen\u00e7ar a caminar fa mesos, no s&#8217;ha d&#8217;oblidar que som pioners a la comarca del Camp de T\u00faria i en moltes comarques valencianes &#8220;.<\/p>\n","protected":false},"excerpt":{"rendered":"<div class=\"mh-excerpt\">L&#8217;Ajuntament de Riba-roja de T\u00faria ha introdu\u00eft cl\u00e0usules socials, ambientals i econ\u00f2miques en el 80% dels nous contractes p\u00fablics derivats de les licitacions municipals al llarg del present mandat amb l&#8217;objectiu d&#8217;afavorir factors importants com <a class=\"mh-excerpt-more\" href=\"https:\/\/www.tucomarca.com\/wordpress\/segunda\/ca\/riba-roja-inclou-clausules-socials-i-ambientals-en-el-80-dels-contractes-per-afavorir-locupacio-i-la-sostenibilitat\/\" title=\"Riba-roja inclou cl\u00e0usules socials i ambientals en el 80% dels contractes per afavorir l&#8217;ocupaci\u00f3 i la sostenibilitat\">[+] <\/a><\/div>\n","protected":false},"author":1,"featured_media":78748,"comment_status":"open","ping_status":"open","sticky":false,"template":"","format":"standard","meta":{"footnotes":""},"categories":[10892,10898,10948,10894,10947,10906],"tags":[11102],"class_list":{"0":"post-78759","1":"post","2":"type-post","3":"status-publish","4":"format-standard","5":"has-post-thumbnail","7":"category-camp-de-turia-ca","8":"category-ventana-ca","9":"category-infraestructuras-ca","10":"category-la-comarca-ca","11":"category-politica","12":"category-riba-roja-ca","13":"tag-riba-roja-2-ca"},"_links":{"self":[{"href":"https:\/\/www.tucomarca.com\/wordpress\/segunda\/ca\/wp-json\/wp\/v2\/posts\/78759","targetHints":{"allow":["GET"]}}],"collection":[{"href":"https:\/\/www.tucomarca.com\/wordpress\/segunda\/ca\/wp-json\/wp\/v2\/posts"}],"about":[{"href":"https:\/\/www.tucomarca.com\/wordpress\/segunda\/ca\/wp-json\/wp\/v2\/types\/post"}],"author":[{"embeddable":true,"href":"https:\/\/www.tucomarca.com\/wordpress\/segunda\/ca\/wp-json\/wp\/v2\/users\/1"}],"replies":[{"embeddable":true,"href":"https:\/\/www.tucomarca.com\/wordpress\/segunda\/ca\/wp-json\/wp\/v2\/comments?post=78759"}],"version-history":[{"count":0,"href":"https:\/\/www.tucomarca.com\/wordpress\/segunda\/ca\/wp-json\/wp\/v2\/posts\/78759\/revisions"}],"wp:featuredmedia":[{"embeddable":true,"href":"https:\/\/www.tucomarca.com\/wordpress\/segunda\/ca\/wp-json\/wp\/v2\/media\/78748"}],"wp:attachment":[{"href":"https:\/\/www.tucomarca.com\/wordpress\/segunda\/ca\/wp-json\/wp\/v2\/media?parent=78759"}],"wp:term":[{"taxonomy":"category","embeddable":true,"href":"https:\/\/www.tucomarca.com\/wordpress\/segunda\/ca\/wp-json\/wp\/v2\/categories?post=78759"},{"taxonomy":"post_tag","embeddable":true,"href":"https:\/\/www.tucomarca.com\/wordpress\/segunda\/ca\/wp-json\/wp\/v2\/tags?post=78759"}],"curies":[{"name":"wp","href":"https:\/\/api.w.org\/{rel}","templated":true}]}}