{"id":78765,"date":"2018-12-03T23:15:22","date_gmt":"2018-12-03T21:15:22","guid":{"rendered":"http:\/\/www.tucomarca.com\/wordpress\/segunda\/?p=78765"},"modified":"2018-12-03T23:15:22","modified_gmt":"2018-12-03T21:15:22","slug":"catala-oltra-no-pot-excusar-se-amagar-se-ni-mentir-mes-sobre-el-centre-de-menors-de-bunyol","status":"publish","type":"post","link":"https:\/\/www.tucomarca.com\/wordpress\/segunda\/ca\/catala-oltra-no-pot-excusar-se-amagar-se-ni-mentir-mes-sobre-el-centre-de-menors-de-bunyol\/","title":{"rendered":"Catal\u00e0: &#8220;Oltra no pot excusar-se, amagar-se ni mentir m\u00e9s sobre el centre de menors de Bunyol&#8221;"},"content":{"rendered":"<figure id=\"attachment_78762\" aria-describedby=\"caption-attachment-78762\" style=\"width: 484px\" class=\"wp-caption alignleft\"><img loading=\"lazy\" decoding=\"async\" class=\" wp-image-78762\" src=\"http:\/\/www.tucomarca.com\/wordpress\/segunda\/wp-content\/uploads\/2018\/12\/Catala.jpg\" alt=\"La portavoz adjunta del Grupo Parlamentario Popular (GPP), Mar\u00eda Jos\u00e9 Catal\u00e1.\" width=\"484\" height=\"363\" srcset=\"https:\/\/www.tucomarca.com\/wordpress\/segunda\/wp-content\/uploads\/2018\/12\/Catala.jpg 2016w, https:\/\/www.tucomarca.com\/wordpress\/segunda\/wp-content\/uploads\/2018\/12\/Catala-300x225.jpg 300w, https:\/\/www.tucomarca.com\/wordpress\/segunda\/wp-content\/uploads\/2018\/12\/Catala-768x576.jpg 768w, https:\/\/www.tucomarca.com\/wordpress\/segunda\/wp-content\/uploads\/2018\/12\/Catala-1024x768.jpg 1024w\" sizes=\"auto, (max-width: 484px) 100vw, 484px\" \/><figcaption id=\"caption-attachment-78762\" class=\"wp-caption-text\">La portavoz adjunta del Grupo Parlamentario Popular (GPP), Mar\u00eda Jos\u00e9 Catal\u00e1.<\/figcaption><\/figure>\n<p>La portaveu adjunta del Grup Parlamentari Popular (GPP), Mar\u00eda Jos\u00e9 Catal\u00e1 ha assegurat avui que &#8220;la vicepresidenta Oltra no pot excusar-se, amagar ni mentir m\u00e9s sobre la situaci\u00f3 al centre de menors de Bunyol&#8221; despr\u00e9s de con\u00e8ixer noves advert\u00e8ncies de la Fiscalia sobre el col\u00b7lapse i l&#8217;incompliment de la legalitat.<\/p>\n<p>El GPP ha sol\u00b7licitat la compareixen\u00e7a de la vicepresidenta Oltra despr\u00e9s de la inspecci\u00f3 sorpresa de la Fiscalia al centre de menors de Bunyol. &#8220;Sabem que la situaci\u00f3 continua sent alarmant i el que est\u00e0 passant \u00e9s una falta absoluta de responsabilitat cap a aquests menors tutelats per la Generalitat&#8221;.<\/p>\n<p>Maria Jos\u00e9 Catal\u00e0 ha indicat que &#8220;la r\u00e0tio a Bu\u00f1ol no nom\u00e9s es duplica sin\u00f3 que en ocasions s&#8217;ha arribat a triplicar. Aquest centre t\u00e9 una capacitat per a 30 menors i en ocasions hi ha hagut 84 menors tutelats, dormint en matalassos per terra i sense unes condicions m\u00ednimes que ha de tenir qualsevol pare o mare que en aquest cas \u00e9s la Generalitat qui t\u00e9 la tutela &#8220;.<\/p>\n<p>Per a la responsable popular, &#8220;Oltra no pot amagar m\u00e9s, ni excusar ni mentir m\u00e9s. Ha de venir a les Corts a donar explicacions, dir-nos per qu\u00e8 un any despr\u00e9s de la primera visita de la Fiscalia en la qual es va recomanar que s&#8217;apliqu\u00e9s mesures correctores, torna la Fiscalia per sorpresa i es troba amb la mateixa situaci\u00f3 &#8220;.<\/p>\n<p>&#8220;La vicepresidenta ha d&#8217;explicar quin \u00e9s el problema real en aquest moment amb els centres de menors i per qu\u00e8 en tota la legislatura la Conselleria no ha estat capa\u00e7 d&#8217;oferir un servei oport\u00fa, coherent i responsable amb aquests menors&#8221;.<\/p>\n<p>Finalment, Catal\u00e0 ha manifestat que &#8220;Oltra ha d&#8217;explicar per qu\u00e8 la inf\u00e0ncia amb tot el que comporta, amb l&#8217;especial vulnerabilitat dels menors tutelats est\u00e0 sent i ha estat la part m\u00e9s malparada d&#8217;una gesti\u00f3 del Bot\u00e0nic que ha estat insensible i indolent amb les necessitats dels m\u00e9s vulnerables &#8220;.<\/p>\n","protected":false},"excerpt":{"rendered":"<div class=\"mh-excerpt\">La portaveu adjunta del Grup Parlamentari Popular (GPP), Mar\u00eda Jos\u00e9 Catal\u00e1 ha assegurat avui que &#8220;la vicepresidenta Oltra no pot excusar-se, amagar ni mentir m\u00e9s sobre la situaci\u00f3 al centre de menors de Bunyol&#8221; despr\u00e9s <a class=\"mh-excerpt-more\" href=\"https:\/\/www.tucomarca.com\/wordpress\/segunda\/ca\/catala-oltra-no-pot-excusar-se-amagar-se-ni-mentir-mes-sobre-el-centre-de-menors-de-bunyol\/\" title=\"Catal\u00e0: &#8220;Oltra no pot excusar-se, amagar-se ni mentir m\u00e9s sobre el centre de menors de Bunyol&#8221;\">[+] <\/a><\/div>\n","protected":false},"author":1,"featured_media":78763,"comment_status":"open","ping_status":"open","sticky":false,"template":"","format":"standard","meta":{"footnotes":""},"categories":[10911,10898,10948,10894,10912,10947,10896,10897],"tags":[10913,11314],"class_list":{"0":"post-78765","1":"post","2":"type-post","3":"status-publish","4":"format-standard","5":"has-post-thumbnail","7":"category-bunol-ca","8":"category-ventana-ca","9":"category-infraestructuras-ca","10":"category-la-comarca-ca","11":"category-la-hoya-ca","12":"category-politica","13":"category-seccion-ca","14":"category-sucesos-la-comarca-ca","15":"tag-bunol-ca","16":"tag-bunyol-ca"},"_links":{"self":[{"href":"https:\/\/www.tucomarca.com\/wordpress\/segunda\/ca\/wp-json\/wp\/v2\/posts\/78765","targetHints":{"allow":["GET"]}}],"collection":[{"href":"https:\/\/www.tucomarca.com\/wordpress\/segunda\/ca\/wp-json\/wp\/v2\/posts"}],"about":[{"href":"https:\/\/www.tucomarca.com\/wordpress\/segunda\/ca\/wp-json\/wp\/v2\/types\/post"}],"author":[{"embeddable":true,"href":"https:\/\/www.tucomarca.com\/wordpress\/segunda\/ca\/wp-json\/wp\/v2\/users\/1"}],"replies":[{"embeddable":true,"href":"https:\/\/www.tucomarca.com\/wordpress\/segunda\/ca\/wp-json\/wp\/v2\/comments?post=78765"}],"version-history":[{"count":0,"href":"https:\/\/www.tucomarca.com\/wordpress\/segunda\/ca\/wp-json\/wp\/v2\/posts\/78765\/revisions"}],"wp:featuredmedia":[{"embeddable":true,"href":"https:\/\/www.tucomarca.com\/wordpress\/segunda\/ca\/wp-json\/wp\/v2\/media\/78763"}],"wp:attachment":[{"href":"https:\/\/www.tucomarca.com\/wordpress\/segunda\/ca\/wp-json\/wp\/v2\/media?parent=78765"}],"wp:term":[{"taxonomy":"category","embeddable":true,"href":"https:\/\/www.tucomarca.com\/wordpress\/segunda\/ca\/wp-json\/wp\/v2\/categories?post=78765"},{"taxonomy":"post_tag","embeddable":true,"href":"https:\/\/www.tucomarca.com\/wordpress\/segunda\/ca\/wp-json\/wp\/v2\/tags?post=78765"}],"curies":[{"name":"wp","href":"https:\/\/api.w.org\/{rel}","templated":true}]}}