{"id":79032,"date":"2018-12-10T22:42:10","date_gmt":"2018-12-10T20:42:10","guid":{"rendered":"http:\/\/www.tucomarca.com\/wordpress\/segunda\/?p=79032"},"modified":"2018-12-10T22:42:10","modified_gmt":"2018-12-10T20:42:10","slug":"les-societats-musicals-de-la-canal-de-navarres-trien-a-hector-argente-com-a-president-comarcal-per-als-propers-quatre-anys","status":"publish","type":"post","link":"https:\/\/www.tucomarca.com\/wordpress\/segunda\/ca\/les-societats-musicals-de-la-canal-de-navarres-trien-a-hector-argente-com-a-president-comarcal-per-als-propers-quatre-anys\/","title":{"rendered":"Les societats musicals de la Canal de Navarr\u00e9s trien a H\u00e8ctor Argente com a president comarcal per als propers quatre anys"},"content":{"rendered":"<figure id=\"attachment_79029\" aria-describedby=\"caption-attachment-79029\" style=\"width: 321px\" class=\"wp-caption alignleft\"><img loading=\"lazy\" decoding=\"async\" class=\" wp-image-79029\" src=\"http:\/\/www.tucomarca.com\/wordpress\/segunda\/wp-content\/uploads\/2018\/12\/HectorArgenteFSMCV.jpg\" alt=\"Argente, que ha sido escogido con el 100% de los votos, pertenece a la Sociedad Fomento Musical de Navarr\u00e9s desde los 7 a\u00f1os.\" width=\"321\" height=\"622\" \/><figcaption id=\"caption-attachment-79029\" class=\"wp-caption-text\">Argente, que ha estat escollit amb el 100% dels vots, pertany a la Societat Foment Musical de Navarr\u00e9s des dels 7 anys.<\/figcaption><\/figure>\n<p>Les Societats Musicals de la comarca la Canal de Navarr\u00e9s han celebrat eleccions i han votat com a nou president comarcal a H\u00e8ctor Argente. Aquesta acci\u00f3 forma part del proc\u00e9s democr\u00e0tic de la Federaci\u00f3 per configurar tota la seva estructura que, a m\u00e9s de Junta Directiva, compta amb 30 presid\u00e8ncies comarcals i 3 presidents provincials.<\/p>\n<p>Les eleccions dels nous presidents comarcals de la FSMCV s&#8217;han celebrat despr\u00e9s de la votaci\u00f3, el passat 6 d&#8217;octubre al Palau de Congressos de Val\u00e8ncia, de la nova Junta Directiva de la Federaci\u00f3 per als propers 4 anys, que ser\u00e0 presidida de nou per Pedro Rodr\u00edguez.<\/p>\n<p>H\u00e8ctor Argente, que des dels 7 anys forma part de la Societat Foment Musical de Navarr\u00e9s, ha estat elegit pel 100% dels vots a favor.<\/p>\n<p>&#8220;Com a membre de la junta directiva de la Societat Foment Musical de Navarr\u00e9s he estat tresorer i encarregat de Banda. Aquest nou c\u00e0rrec \u00e9s tot un repte que assumeixo amb il\u00b7lusi\u00f3 i ganes de treballar per la m\u00fasica. \u00c9s un plaer poder ser President en una comarca petita per\u00f2 molt unida i compromesa amb la m\u00fasica on, tot i la poca poblaci\u00f3 dels seus pobles, en tots hi ha una Societat Musical &#8220;, ha declarat el nou president comarcal de la Canal de Navarr\u00e9s.<\/p>\n<p>&#8220;Com a projecte per a la comarca, continuarem amb el Festival Comarcal de Bandes i la Trobada Comarcal d&#8217;educands que acull m\u00fasics dels set pobles i el meu objectiu \u00e9s servir de suport a les diferents Societats Musicals i aix\u00ed com contribuir a la difusi\u00f3 de la m\u00fasica &#8220;, ha continuat.<\/p>\n<p>Argente va entrar amb 12 anys a la banda de la seva Societat Musical i va completar els seus estudis al Conservatori Municipal Mestre Ponce de Xella, on va obtenir el Grau Mitj\u00e0 de Trompeta.<\/p>\n<p>Actualment, la Canal de Navarr\u00e9s compta amb 7 Societats Musicals. Des de la FSMCV s&#8217;ha destacat que disposar d&#8217;una estructura comarcal \u00e9s la clau que converteix a les Societats Musicals a principal element vertebrador de la Comunitat Valenciana. De fet, un dels projectes m\u00e9s potents de la FSMCV \u00e9s el seu programa anual d&#8217;activitats comarcals que est\u00e0 destinat a arribar al m\u00e0xim nombre de municipis amb l&#8217;objectiu d&#8217;implicar-hi al major nombre possible d&#8217;actors socials.<\/p>\n<p><strong>Sobre la FSMCV<\/strong><\/p>\n<p>La FSMCV, que el 2018 celebra el seu 50\u00e8 aniversari, agrupa 550 societats musicals i les seues escoles de m\u00fasica (el 50% d&#8217;Espanya), compta amb 40.000 m\u00fasics, 60.000 alumnes i m\u00e9s de 200.000 socis. Les Societats Musicals s\u00f3n presents en el 95% dels municipis d&#8217;Alacant, Castell\u00f3 i Val\u00e8ncia de m\u00e9s de 500 habitants, conformen un projecte social i educatiu \u00fanic al m\u00f3n i s\u00f3n el principal agent cultural de la Comunitat Valenciana, segons la Universitat de Val\u00e8ncia , i aporten anualment 40 milions d&#8217;euros al PIB de la Comunitat Valenciana.<\/p>\n","protected":false},"excerpt":{"rendered":"<div class=\"mh-excerpt\">Les Societats Musicals de la comarca la Canal de Navarr\u00e9s han celebrat eleccions i han votat com a nou president comarcal a H\u00e8ctor Argente. Aquesta acci\u00f3 forma part del proc\u00e9s democr\u00e0tic de la Federaci\u00f3 per <a class=\"mh-excerpt-more\" href=\"https:\/\/www.tucomarca.com\/wordpress\/segunda\/ca\/les-societats-musicals-de-la-canal-de-navarres-trien-a-hector-argente-com-a-president-comarcal-per-als-propers-quatre-anys\/\" title=\"Les societats musicals de la Canal de Navarr\u00e9s trien a H\u00e8ctor Argente com a president comarcal per als propers quatre anys\">[+] <\/a><\/div>\n","protected":false},"author":1,"featured_media":79030,"comment_status":"open","ping_status":"open","sticky":false,"template":"","format":"standard","meta":{"footnotes":""},"categories":[11005,10898,10963,10971,11007,10896],"tags":[11210],"class_list":{"0":"post-79032","1":"post","2":"type-post","3":"status-publish","4":"format-standard","5":"has-post-thumbnail","7":"category-canal-musica","8":"category-ventana-ca","9":"category-la-canal-de-navarres-ca","10":"category-navarres-ca","11":"category-ocio-y-cultura-ca","12":"category-seccion-ca","13":"tag-fsmcv-ca"},"_links":{"self":[{"href":"https:\/\/www.tucomarca.com\/wordpress\/segunda\/ca\/wp-json\/wp\/v2\/posts\/79032","targetHints":{"allow":["GET"]}}],"collection":[{"href":"https:\/\/www.tucomarca.com\/wordpress\/segunda\/ca\/wp-json\/wp\/v2\/posts"}],"about":[{"href":"https:\/\/www.tucomarca.com\/wordpress\/segunda\/ca\/wp-json\/wp\/v2\/types\/post"}],"author":[{"embeddable":true,"href":"https:\/\/www.tucomarca.com\/wordpress\/segunda\/ca\/wp-json\/wp\/v2\/users\/1"}],"replies":[{"embeddable":true,"href":"https:\/\/www.tucomarca.com\/wordpress\/segunda\/ca\/wp-json\/wp\/v2\/comments?post=79032"}],"version-history":[{"count":0,"href":"https:\/\/www.tucomarca.com\/wordpress\/segunda\/ca\/wp-json\/wp\/v2\/posts\/79032\/revisions"}],"wp:featuredmedia":[{"embeddable":true,"href":"https:\/\/www.tucomarca.com\/wordpress\/segunda\/ca\/wp-json\/wp\/v2\/media\/79030"}],"wp:attachment":[{"href":"https:\/\/www.tucomarca.com\/wordpress\/segunda\/ca\/wp-json\/wp\/v2\/media?parent=79032"}],"wp:term":[{"taxonomy":"category","embeddable":true,"href":"https:\/\/www.tucomarca.com\/wordpress\/segunda\/ca\/wp-json\/wp\/v2\/categories?post=79032"},{"taxonomy":"post_tag","embeddable":true,"href":"https:\/\/www.tucomarca.com\/wordpress\/segunda\/ca\/wp-json\/wp\/v2\/tags?post=79032"}],"curies":[{"name":"wp","href":"https:\/\/api.w.org\/{rel}","templated":true}]}}