{"id":79079,"date":"2018-12-10T23:09:28","date_gmt":"2018-12-10T21:09:28","guid":{"rendered":"http:\/\/www.tucomarca.com\/wordpress\/segunda\/?p=79079"},"modified":"2018-12-10T23:09:28","modified_gmt":"2018-12-10T21:09:28","slug":"les-imatges-de-la-celebracio-del-25-aniversari-de-acaronar-amb-un-concert-solidari-a-xest","status":"publish","type":"post","link":"https:\/\/www.tucomarca.com\/wordpress\/segunda\/ca\/les-imatges-de-la-celebracio-del-25-aniversari-de-acaronar-amb-un-concert-solidari-a-xest\/","title":{"rendered":"Les imatges de la celebraci\u00f3 del 25 aniversari de Acaronar amb un concert solidari a Xest"},"content":{"rendered":"<figure id=\"attachment_79052\" aria-describedby=\"caption-attachment-79052\" style=\"width: 486px\" class=\"wp-caption alignleft\"><img loading=\"lazy\" decoding=\"async\" class=\" wp-image-79052\" src=\"http:\/\/www.tucomarca.com\/wordpress\/segunda\/wp-content\/uploads\/2018\/12\/acaronargrupo.jpg\" alt=\"Se rindi\u00f3 homenaje a todas las personas fundadoras, miembros del colectivo de educadores y educadoras de la Residencia Comarcal \u201cLa Foia\u201d de Bu\u00f1ol.\" width=\"486\" height=\"324\" srcset=\"https:\/\/www.tucomarca.com\/wordpress\/segunda\/wp-content\/uploads\/2018\/12\/acaronargrupo.jpg 5472w, https:\/\/www.tucomarca.com\/wordpress\/segunda\/wp-content\/uploads\/2018\/12\/acaronargrupo-300x200.jpg 300w, https:\/\/www.tucomarca.com\/wordpress\/segunda\/wp-content\/uploads\/2018\/12\/acaronargrupo-768x512.jpg 768w, https:\/\/www.tucomarca.com\/wordpress\/segunda\/wp-content\/uploads\/2018\/12\/acaronargrupo-1024x683.jpg 1024w\" sizes=\"auto, (max-width: 486px) 100vw, 486px\" \/><figcaption id=\"caption-attachment-79052\" class=\"wp-caption-text\">Es va retre homenatge a totes les persones fundadores, membres del col\u00b7lectiu d&#8217;educadors i educadores de la Resid\u00e8ncia Comarcal &#8220;La Foia&#8221; de Bunyol.<\/figcaption><\/figure>\n<p><strong>L&#8217;acte va comptar amb la participaci\u00f3 de la directora general d&#8217;Inf\u00e0ncia i Adolesc\u00e8ncia, Rosa Molero, la regidora de Benestar Social de l&#8217;Ajuntament de Xest, M\u00aa \u00c1ngeles Llorente, i el president de Acaronar, Ricardo Casad\u00f3<\/strong><\/p>\n<p>Divendres passat, 7 de desembre, Acaronar celebrava els seus 25 anys de traject\u00f2ria amb un concert solidari a c\u00e0rrec de la mezzosoprano Marina Pardo, el clarinetista Carlos J. Casad\u00f3, el violista Rub\u00e9n Men\u00e9ndez i el pianista Dami\u00e1n Hern\u00e1ndez, amb la col\u00b7laboraci\u00f3 de la Sapere Aude Sinfonietta.<\/p>\n<p>L&#8217;acte va tenir lloc al teatre Liceu i va arrencar amb una presentaci\u00f3 teatralitzada a c\u00e0rrec de la companyia Senda Teatre, que va donar a con\u00e8ixer de forma molt amena el recorregut de Acaronar durant els \u00faltims 25 anys; aix\u00ed com les seves vies d&#8217;actuaci\u00f3. Despr\u00e9s de la introducci\u00f3 sobre la comesa de l&#8217;associaci\u00f3, es va retre homenatge a totes les persones fundadores, membres del col\u00b7lectiu d&#8217;educadors i educadores de la Resid\u00e8ncia Comarcal &#8220;La Foia&#8221; de Bunyol, i es va fer un especial agra\u00efment als col\u00b7laboradors, col\u00b7laboradores, voluntaris i volunt\u00e0ries; als socis, s\u00f2cies, nens, nenes, fam\u00edlies d&#8217;acollida i professionals vinculats als projectes que porta a terme l&#8217;associaci\u00f3. Aix\u00ed, en la primera part de l&#8217;acte, representants de cada col\u00b7lectiu implicat amb Acaronar van anar pujant a l&#8217;escenari a rebre el seu reconeixement.<\/p>\n<p>&#8220;Acaronar \u00e9s una associaci\u00f3 que ens ha perm\u00e8s promoure la cultura de protecci\u00f3 a la inf\u00e0ncia amb l&#8217;impuls d&#8217;un dels seus recursos: l&#8217;acolliment familiar i, particularment, ha possibilitat que gaireb\u00e9 400 persones i fam\u00edlies hagin viscut, segurament, una de les experi\u00e8ncies m\u00e9s importants de les seves vides, donant, al seu torn, a molts nens i nenes la possibilitat de vincular-se amb unes persones que s&#8217;han fet c\u00e0rrec d&#8217;ells durant un temps i que tamb\u00e9 han passat a formar part de les seves vides per sempre &#8220;, manifestava el president de Acaronar, Ricardo Casad\u00f3.<\/p>\n<p>Tal com va explicar Casad\u00f3, Acaronar t\u00e9 en marxa el projecte de la Xarxa d&#8217;Oficines d&#8217;Acolliment Familiar, en col\u00b7laboraci\u00f3 amb la Generalitat i, paral\u00b7lelament, porta a terme programes de sensibilitzaci\u00f3 i prevenci\u00f3. &#8220;Ens agradaria despertar l&#8217;inter\u00e8s per l&#8217;acolliment familiar i augmentar la col\u00b7laboraci\u00f3 amb nosaltres en la difusi\u00f3 d&#8217;aquest recurs de la societat&#8221;, apuntava el president.<\/p>\n<p>&#8220;Sense Acaronar el recurs de l&#8217;acolliment no seria el que \u00e9s&#8221;, afirmava en el seu discurs la directora general d&#8217;Inf\u00e0ncia i Adolesc\u00e8ncia, Rosa Molero. &#8220;Despr\u00e9s d&#8217;aquests anys hem apr\u00e8s a tenir en compte el que suposa la responsabilitat que tenim com a ex-nens i ex-nenes de assegurar-nos que els drets dels nens i nenes estiguin consolidats tant en el futur com en el present i aquesta \u00e9s la tasca que est\u00e0 realitzant Acaronar. La setmana passada es va aprovar la Llei d&#8217;Inf\u00e0ncia i Adolesc\u00e8ncia, on tant Acaronar com altres associacions d&#8217;acolliment familiar han estat aportant el seu granet de sorra. Aquesta llei \u00e9s la primera en aquest territori nacional que \u00e9s participada pels seus protagonistes: els nens i les nenes; en unes setmanes estar\u00e0 publicada i estic segura que reconeixereu la seva aportaci\u00f3 en gran part del seu articulat &#8220;.<\/p>\n<p>Molero va expressar el seu agra\u00efment a la regidoria de Benestar Social de l&#8217;Ajuntament de Xest, a c\u00e0rrec de M\u00aa \u00c1ngeles Llorente. &#8220;A m\u00e9s de que ens ha acollit en aquest espai avui, t\u00e9 un comprom\u00eds amb els recursos socials i en particular amb l&#8217;acolliment familiar&#8221;, assenyalava la directora.<\/p>\n<p>Per la seva banda, Llorente va felicitar l&#8217;associaci\u00f3 pels seus 25 anys de treball en projectes d&#8217;acolliment familiar, intervenci\u00f3, orientaci\u00f3 i inserci\u00f3 sociolaboral, entre d&#8217;altres. &#8220;El 1991 vaig arribar a treballar al col\u00b7legi p\u00fablic Cervantes de Bunyol, que mantenia una intensa relaci\u00f3 amb un centre p\u00fablic d&#8217;atenci\u00f3 residencial a menors: la Resid\u00e8ncia Comarcal La Foia de Bunyol. Part dels i les docents del col\u00b7legi havien estat educadors all\u00e0 i molts dels nens de la resid\u00e8ncia venien al nostre centre. En aquella \u00e8poca treballem junts per la inclusi\u00f3 escolar i social, els i les educadores de la resid\u00e8ncia es deixaven la pell per buscar alternatives als problemes que anaven sorgint en la conviv\u00e8ncia di\u00e0ria: es treballava amb les fam\u00edlies dels nens i nenes que estaven en la resid\u00e8ncia i tamb\u00e9 amb els que eren al col\u00b7legi, fent-los conscients de realitats diferents i treballant per la inclusi\u00f3. La just\u00edcia social i la solidaritat eren valors a instaurar i defensar. Van comptar amb un grup de 140 persones, algunes de les quals ja col\u00b7laboraven amb la resid\u00e8ncia atenent nens i nenes en el seu temps lliure. Aix\u00ed, en un noble exercici de ciutadania responsable sorgir Acaronar, preciosa paraula que neix d&#8217;una profunda humanitat. Acariciar implica afecte, consol, tendresa, acceptaci\u00f3, protecci\u00f3, empara sense res a canvi: acolliment. I l&#8217;acolliment implica una generositat extrema. La paraula acollida parla d&#8217;espai, de casa, de crear oportunitats alternatives a aquelles persones que s\u00f3n fr\u00e0gils i estan perdudes, desorientades i excloses &#8220;, declarava la regidora. &#8220;La realitat dels centres de menors ha canviat molt, jo diria que a pitjor, les lleis del menor no donen respostes a moltes de les necessitats dels nens i nenes.<\/p>\n<div id='gallery-1' class='gallery galleryid-79079 gallery-columns-3 gallery-size-medium'><figure class='gallery-item'>\n\t\t\t<div class='gallery-icon landscape'>\n\t\t\t\t<a href='https:\/\/www.tucomarca.com\/wordpress\/segunda\/ca\/les-imatges-de-la-celebracio-del-25-aniversari-de-acaronar-amb-un-concert-solidari-a-xest\/actuacion-presentacion2-2\/'><img loading=\"lazy\" decoding=\"async\" width=\"300\" height=\"200\" src=\"https:\/\/www.tucomarca.com\/wordpress\/segunda\/wp-content\/uploads\/2018\/12\/Actuacion-presentacion2-300x200.jpeg\" class=\"attachment-medium size-medium\" alt=\"\" srcset=\"https:\/\/www.tucomarca.com\/wordpress\/segunda\/wp-content\/uploads\/2018\/12\/Actuacion-presentacion2-300x200.jpeg 300w, https:\/\/www.tucomarca.com\/wordpress\/segunda\/wp-content\/uploads\/2018\/12\/Actuacion-presentacion2-768x512.jpeg 768w, https:\/\/www.tucomarca.com\/wordpress\/segunda\/wp-content\/uploads\/2018\/12\/Actuacion-presentacion2-1024x683.jpeg 1024w\" sizes=\"auto, (max-width: 300px) 100vw, 300px\" \/><\/a>\n\t\t\t<\/div><\/figure><figure class='gallery-item'>\n\t\t\t<div class='gallery-icon landscape'>\n\t\t\t\t<a href='https:\/\/www.tucomarca.com\/wordpress\/segunda\/ca\/les-imatges-de-la-celebracio-del-25-aniversari-de-acaronar-amb-un-concert-solidari-a-xest\/concierto1-2\/'><img loading=\"lazy\" decoding=\"async\" width=\"300\" height=\"200\" src=\"https:\/\/www.tucomarca.com\/wordpress\/segunda\/wp-content\/uploads\/2018\/12\/Concierto1-300x200.jpeg\" class=\"attachment-medium size-medium\" alt=\"\" srcset=\"https:\/\/www.tucomarca.com\/wordpress\/segunda\/wp-content\/uploads\/2018\/12\/Concierto1-300x200.jpeg 300w, https:\/\/www.tucomarca.com\/wordpress\/segunda\/wp-content\/uploads\/2018\/12\/Concierto1-768x512.jpeg 768w, https:\/\/www.tucomarca.com\/wordpress\/segunda\/wp-content\/uploads\/2018\/12\/Concierto1-1024x683.jpeg 1024w\" sizes=\"auto, (max-width: 300px) 100vw, 300px\" \/><\/a>\n\t\t\t<\/div><\/figure><figure class='gallery-item'>\n\t\t\t<div class='gallery-icon landscape'>\n\t\t\t\t<a href='https:\/\/www.tucomarca.com\/wordpress\/segunda\/ca\/les-imatges-de-la-celebracio-del-25-aniversari-de-acaronar-amb-un-concert-solidari-a-xest\/concierto2-2\/'><img loading=\"lazy\" decoding=\"async\" width=\"300\" height=\"200\" src=\"https:\/\/www.tucomarca.com\/wordpress\/segunda\/wp-content\/uploads\/2018\/12\/Concierto2-300x200.jpeg\" class=\"attachment-medium size-medium\" alt=\"\" srcset=\"https:\/\/www.tucomarca.com\/wordpress\/segunda\/wp-content\/uploads\/2018\/12\/Concierto2-300x200.jpeg 300w, https:\/\/www.tucomarca.com\/wordpress\/segunda\/wp-content\/uploads\/2018\/12\/Concierto2-768x512.jpeg 768w, https:\/\/www.tucomarca.com\/wordpress\/segunda\/wp-content\/uploads\/2018\/12\/Concierto2-1024x683.jpeg 1024w\" sizes=\"auto, (max-width: 300px) 100vw, 300px\" \/><\/a>\n\t\t\t<\/div><\/figure><figure class='gallery-item'>\n\t\t\t<div class='gallery-icon landscape'>\n\t\t\t\t<a href='https:\/\/www.tucomarca.com\/wordpress\/segunda\/ca\/les-imatges-de-la-celebracio-del-25-aniversari-de-acaronar-amb-un-concert-solidari-a-xest\/concierto3-2\/'><img loading=\"lazy\" decoding=\"async\" width=\"300\" height=\"200\" src=\"https:\/\/www.tucomarca.com\/wordpress\/segunda\/wp-content\/uploads\/2018\/12\/Concierto3-300x200.jpeg\" class=\"attachment-medium size-medium\" alt=\"\" srcset=\"https:\/\/www.tucomarca.com\/wordpress\/segunda\/wp-content\/uploads\/2018\/12\/Concierto3-300x200.jpeg 300w, https:\/\/www.tucomarca.com\/wordpress\/segunda\/wp-content\/uploads\/2018\/12\/Concierto3-768x512.jpeg 768w, https:\/\/www.tucomarca.com\/wordpress\/segunda\/wp-content\/uploads\/2018\/12\/Concierto3-1024x683.jpeg 1024w\" sizes=\"auto, (max-width: 300px) 100vw, 300px\" \/><\/a>\n\t\t\t<\/div><\/figure><figure class='gallery-item'>\n\t\t\t<div class='gallery-icon landscape'>\n\t\t\t\t<a href='https:\/\/www.tucomarca.com\/wordpress\/segunda\/ca\/les-imatges-de-la-celebracio-del-25-aniversari-de-acaronar-amb-un-concert-solidari-a-xest\/concierto4-2\/'><img loading=\"lazy\" decoding=\"async\" width=\"300\" height=\"200\" src=\"https:\/\/www.tucomarca.com\/wordpress\/segunda\/wp-content\/uploads\/2018\/12\/Concierto4-300x200.jpeg\" class=\"attachment-medium size-medium\" alt=\"\" srcset=\"https:\/\/www.tucomarca.com\/wordpress\/segunda\/wp-content\/uploads\/2018\/12\/Concierto4-300x200.jpeg 300w, https:\/\/www.tucomarca.com\/wordpress\/segunda\/wp-content\/uploads\/2018\/12\/Concierto4-768x512.jpeg 768w, https:\/\/www.tucomarca.com\/wordpress\/segunda\/wp-content\/uploads\/2018\/12\/Concierto4-1024x683.jpeg 1024w\" sizes=\"auto, (max-width: 300px) 100vw, 300px\" \/><\/a>\n\t\t\t<\/div><\/figure><figure class='gallery-item'>\n\t\t\t<div class='gallery-icon landscape'>\n\t\t\t\t<a href='https:\/\/www.tucomarca.com\/wordpress\/segunda\/ca\/les-imatges-de-la-celebracio-del-25-aniversari-de-acaronar-amb-un-concert-solidari-a-xest\/discursos1-2\/'><img loading=\"lazy\" decoding=\"async\" width=\"300\" height=\"200\" src=\"https:\/\/www.tucomarca.com\/wordpress\/segunda\/wp-content\/uploads\/2018\/12\/Discursos1-300x200.jpeg\" class=\"attachment-medium size-medium\" alt=\"\" srcset=\"https:\/\/www.tucomarca.com\/wordpress\/segunda\/wp-content\/uploads\/2018\/12\/Discursos1-300x200.jpeg 300w, https:\/\/www.tucomarca.com\/wordpress\/segunda\/wp-content\/uploads\/2018\/12\/Discursos1-768x512.jpeg 768w, https:\/\/www.tucomarca.com\/wordpress\/segunda\/wp-content\/uploads\/2018\/12\/Discursos1-1024x683.jpeg 1024w\" sizes=\"auto, (max-width: 300px) 100vw, 300px\" \/><\/a>\n\t\t\t<\/div><\/figure><figure class='gallery-item'>\n\t\t\t<div class='gallery-icon landscape'>\n\t\t\t\t<a href='https:\/\/www.tucomarca.com\/wordpress\/segunda\/ca\/les-imatges-de-la-celebracio-del-25-aniversari-de-acaronar-amb-un-concert-solidari-a-xest\/discursos2-2\/'><img loading=\"lazy\" decoding=\"async\" width=\"300\" height=\"200\" src=\"https:\/\/www.tucomarca.com\/wordpress\/segunda\/wp-content\/uploads\/2018\/12\/Discursos2-300x200.jpeg\" class=\"attachment-medium size-medium\" alt=\"\" srcset=\"https:\/\/www.tucomarca.com\/wordpress\/segunda\/wp-content\/uploads\/2018\/12\/Discursos2-300x200.jpeg 300w, https:\/\/www.tucomarca.com\/wordpress\/segunda\/wp-content\/uploads\/2018\/12\/Discursos2-768x512.jpeg 768w, https:\/\/www.tucomarca.com\/wordpress\/segunda\/wp-content\/uploads\/2018\/12\/Discursos2-1024x683.jpeg 1024w\" sizes=\"auto, (max-width: 300px) 100vw, 300px\" \/><\/a>\n\t\t\t<\/div><\/figure><figure class='gallery-item'>\n\t\t\t<div class='gallery-icon landscape'>\n\t\t\t\t<a href='https:\/\/www.tucomarca.com\/wordpress\/segunda\/ca\/les-imatges-de-la-celebracio-del-25-aniversari-de-acaronar-amb-un-concert-solidari-a-xest\/discursos3-2\/'><img loading=\"lazy\" decoding=\"async\" width=\"300\" height=\"200\" src=\"https:\/\/www.tucomarca.com\/wordpress\/segunda\/wp-content\/uploads\/2018\/12\/Discursos3-300x200.jpeg\" class=\"attachment-medium size-medium\" alt=\"\" srcset=\"https:\/\/www.tucomarca.com\/wordpress\/segunda\/wp-content\/uploads\/2018\/12\/Discursos3-300x200.jpeg 300w, https:\/\/www.tucomarca.com\/wordpress\/segunda\/wp-content\/uploads\/2018\/12\/Discursos3-768x512.jpeg 768w, https:\/\/www.tucomarca.com\/wordpress\/segunda\/wp-content\/uploads\/2018\/12\/Discursos3-1024x683.jpeg 1024w\" sizes=\"auto, (max-width: 300px) 100vw, 300px\" \/><\/a>\n\t\t\t<\/div><\/figure><figure class='gallery-item'>\n\t\t\t<div class='gallery-icon landscape'>\n\t\t\t\t<a href='https:\/\/www.tucomarca.com\/wordpress\/segunda\/ca\/les-imatges-de-la-celebracio-del-25-aniversari-de-acaronar-amb-un-concert-solidari-a-xest\/discursos4-2\/'><img loading=\"lazy\" decoding=\"async\" width=\"300\" height=\"200\" src=\"https:\/\/www.tucomarca.com\/wordpress\/segunda\/wp-content\/uploads\/2018\/12\/Discursos4-300x200.jpeg\" class=\"attachment-medium size-medium\" alt=\"\" srcset=\"https:\/\/www.tucomarca.com\/wordpress\/segunda\/wp-content\/uploads\/2018\/12\/Discursos4-300x200.jpeg 300w, https:\/\/www.tucomarca.com\/wordpress\/segunda\/wp-content\/uploads\/2018\/12\/Discursos4-768x512.jpeg 768w, https:\/\/www.tucomarca.com\/wordpress\/segunda\/wp-content\/uploads\/2018\/12\/Discursos4-1024x683.jpeg 1024w\" sizes=\"auto, (max-width: 300px) 100vw, 300px\" \/><\/a>\n\t\t\t<\/div><\/figure><figure class='gallery-item'>\n\t\t\t<div class='gallery-icon landscape'>\n\t\t\t\t<a href='https:\/\/www.tucomarca.com\/wordpress\/segunda\/ca\/les-imatges-de-la-celebracio-del-25-aniversari-de-acaronar-amb-un-concert-solidari-a-xest\/grupo_agradecimientos-2\/'><img loading=\"lazy\" decoding=\"async\" width=\"300\" height=\"200\" src=\"https:\/\/www.tucomarca.com\/wordpress\/segunda\/wp-content\/uploads\/2018\/12\/grupo_agradecimientos-300x200.jpeg\" class=\"attachment-medium size-medium\" alt=\"\" srcset=\"https:\/\/www.tucomarca.com\/wordpress\/segunda\/wp-content\/uploads\/2018\/12\/grupo_agradecimientos-300x200.jpeg 300w, https:\/\/www.tucomarca.com\/wordpress\/segunda\/wp-content\/uploads\/2018\/12\/grupo_agradecimientos-768x512.jpeg 768w, https:\/\/www.tucomarca.com\/wordpress\/segunda\/wp-content\/uploads\/2018\/12\/grupo_agradecimientos-1024x683.jpeg 1024w\" sizes=\"auto, (max-width: 300px) 100vw, 300px\" \/><\/a>\n\t\t\t<\/div><\/figure>\n\t\t<\/div>\n\n<p>&nbsp;<\/p>\n","protected":false},"excerpt":{"rendered":"<div class=\"mh-excerpt\">L&#8217;acte va comptar amb la participaci\u00f3 de la directora general d&#8217;Inf\u00e0ncia i Adolesc\u00e8ncia, Rosa Molero, la regidora de Benestar Social de l&#8217;Ajuntament de Xest, M\u00aa \u00c1ngeles Llorente, i el president de Acaronar, Ricardo Casad\u00f3 Divendres <a class=\"mh-excerpt-more\" href=\"https:\/\/www.tucomarca.com\/wordpress\/segunda\/ca\/les-imatges-de-la-celebracio-del-25-aniversari-de-acaronar-amb-un-concert-solidari-a-xest\/\" title=\"Les imatges de la celebraci\u00f3 del 25 aniversari de Acaronar amb un concert solidari a Xest\">[+] <\/a><\/div>\n","protected":false},"author":2,"featured_media":79053,"comment_status":"open","ping_status":"open","sticky":false,"template":"","format":"standard","meta":{"footnotes":""},"categories":[10898,10894,10912,10896,10974],"tags":[11387,11226,11108],"class_list":{"0":"post-79079","1":"post","2":"type-post","3":"status-publish","4":"format-standard","5":"has-post-thumbnail","7":"category-ventana-ca","8":"category-la-comarca-ca","9":"category-la-hoya-ca","10":"category-seccion-ca","11":"category-cheste-ca","12":"tag-acaronar-ca","13":"tag-ajuntament-de-xest-ca","14":"tag-la-foia-de-bunyol-xiva"},"_links":{"self":[{"href":"https:\/\/www.tucomarca.com\/wordpress\/segunda\/ca\/wp-json\/wp\/v2\/posts\/79079","targetHints":{"allow":["GET"]}}],"collection":[{"href":"https:\/\/www.tucomarca.com\/wordpress\/segunda\/ca\/wp-json\/wp\/v2\/posts"}],"about":[{"href":"https:\/\/www.tucomarca.com\/wordpress\/segunda\/ca\/wp-json\/wp\/v2\/types\/post"}],"author":[{"embeddable":true,"href":"https:\/\/www.tucomarca.com\/wordpress\/segunda\/ca\/wp-json\/wp\/v2\/users\/2"}],"replies":[{"embeddable":true,"href":"https:\/\/www.tucomarca.com\/wordpress\/segunda\/ca\/wp-json\/wp\/v2\/comments?post=79079"}],"version-history":[{"count":0,"href":"https:\/\/www.tucomarca.com\/wordpress\/segunda\/ca\/wp-json\/wp\/v2\/posts\/79079\/revisions"}],"wp:featuredmedia":[{"embeddable":true,"href":"https:\/\/www.tucomarca.com\/wordpress\/segunda\/ca\/wp-json\/wp\/v2\/media\/79053"}],"wp:attachment":[{"href":"https:\/\/www.tucomarca.com\/wordpress\/segunda\/ca\/wp-json\/wp\/v2\/media?parent=79079"}],"wp:term":[{"taxonomy":"category","embeddable":true,"href":"https:\/\/www.tucomarca.com\/wordpress\/segunda\/ca\/wp-json\/wp\/v2\/categories?post=79079"},{"taxonomy":"post_tag","embeddable":true,"href":"https:\/\/www.tucomarca.com\/wordpress\/segunda\/ca\/wp-json\/wp\/v2\/tags?post=79079"}],"curies":[{"name":"wp","href":"https:\/\/api.w.org\/{rel}","templated":true}]}}