{"id":79110,"date":"2018-12-12T12:21:48","date_gmt":"2018-12-12T10:21:48","guid":{"rendered":"http:\/\/www.tucomarca.com\/wordpress\/segunda\/?p=79110"},"modified":"2018-12-12T12:21:48","modified_gmt":"2018-12-12T10:21:48","slug":"lalcaldessa-de-bunyol-sol%c2%b7licita-al-consell-que-el-centre-de-menors-de-la-localitat-torni-a-ser-dacollida","status":"publish","type":"post","link":"https:\/\/www.tucomarca.com\/wordpress\/segunda\/ca\/lalcaldessa-de-bunyol-sol%c2%b7licita-al-consell-que-el-centre-de-menors-de-la-localitat-torni-a-ser-dacollida\/","title":{"rendered":"L&#8217;alcaldessa de Bunyol sol\u00b7licita al Consell que el Centre de Menors de la localitat torni a ser d&#8217;Acollida"},"content":{"rendered":"<p>L&#8217;alcaldessa de Bunyol, Jonquera Carrascosa, ha confirmat que el Centre de Recepci\u00f3 de Menors de la localitat est\u00e0 \u00abesgotant la seva situaci\u00f3 de provisionalitat acordat amb el Consell per a principis de 2019. En aquest cas, despr\u00e9s d&#8217;aquest per\u00edode el centre tornaria a ser un Centre d&#8217;Acollida \u00bb, en paraules de la primera edil.<\/p>\n<p>\u00abA causa dels incidents de les \u00faltimes setmanes, la Fiscalia de Menors va realitzar una intervenci\u00f3 per sorpresa en aquest centre la setmana passada per comprovar l&#8217;estat dels menors. Est\u00e0 oberta una investigaci\u00f3 al respecte, i des del consistori municipal continuarem denunciant la situaci\u00f3 l\u00edmit en qu\u00e8 es troba pel que fa a nombre de menors, ja que supera la r\u00e0tio de manera desmesurada, perjudicant a la conviv\u00e8ncia entre els residents i els ve\u00efns de Bunyol \u00bb, com ha destacat Jonquera Carrascosa.<\/p>\n<p>Segons la primera edil de l&#8217;Ajuntament de Bunyol, \u00abla setmana passada el nombre de residents superava els 80; i aquesta xifra excedeix en el doble perm\u00e8s ja que aquest centre est\u00e0 preparat per albergar \u00fanicament a 30 i, com a fet excepcional i en moments puntuals, podria rebre fins a 40. Per\u00f2 en cap cas doblar aquesta xifra per la falta d&#8217;espai i recursos humans disponibles \u00bb.<\/p>\n<p>\u00abD&#8217;aquesta manera -ha afegit Jonquera Carrascosa- transcorregudes les festes nadalenques tra\u00e7arem una agenda de reunions i actuacions per reclamar de forma m\u00e9s contundent la fi del per\u00edode de provisionalitat prom\u00e8s pel Consell, i reclamar revertir la situaci\u00f3 en un Centre de Recepci\u00f3. Aquesta situaci\u00f3 mai va ser preguntada pel Consell a l&#8217;Ajuntament en ser un centre de la Generalitat, ia m\u00e9s vam mostrar la nostra disconformitat amb aquesta decisi\u00f3, a la qual molts municipis de la Comunitat s&#8217;havien negat. Nosaltres acceptem la provisionalitat fins que rehabilitessin el centre de Ll\u00edria, per\u00f2 fins al moment no s&#8217;est\u00e0 rehabilitant aquest centre i els de Serra i R\u00f2tova no han aconseguit alleujar la situaci\u00f3 d&#8217;exc\u00e9s de residents al nostre municipi \u00bb.<\/p>\n<p>L&#8217;alcaldessa ha confirmat que en \u00abcap moment hem estat rebuts per la Conselleria\u00bb i que la relaci\u00f3 amb la Direcci\u00f3 General de Menors \u00abno \u00e9s tan flu\u00efda com ho era fa uns mesos, de la mateixa manera que amb la direcci\u00f3 del Centre de Menors de Bunyol. Entenem que les \u00faltimes informacions sorgides en els mitjans de comunicaci\u00f3 no han agradat, per\u00f2 en qualsevol cas el nombre de menors s\u00ed que s&#8217;ha vist redu\u00eft en els darrers dies \u00bb.<\/p>\n<p>Jonquera Carrascosa ha transm\u00e8s tamb\u00e9 la seva intenci\u00f3 de \u00abvetllar pels interessos de Bunyol, en concordan\u00e7a amb els dels menors: entenc i aix\u00ed ho entenen els ve\u00efns que els residents estan patint una situaci\u00f3 de deixadesa en horaris, recursos i formaci\u00f3 adequada, i que aquesta situaci\u00f3 ha de ser solucionada pel Consell, per vetllar per ells i per la correcta conviv\u00e8ncia amb els bu\u00f1olenses\u00bb.<\/p>\n","protected":false},"excerpt":{"rendered":"<div class=\"mh-excerpt\">L&#8217;alcaldessa de Bunyol, Jonquera Carrascosa, ha confirmat que el Centre de Recepci\u00f3 de Menors de la localitat est\u00e0 \u00abesgotant la seva situaci\u00f3 de provisionalitat acordat amb el Consell per a principis de 2019. En aquest <a class=\"mh-excerpt-more\" href=\"https:\/\/www.tucomarca.com\/wordpress\/segunda\/ca\/lalcaldessa-de-bunyol-sol%c2%b7licita-al-consell-que-el-centre-de-menors-de-la-localitat-torni-a-ser-dacollida\/\" title=\"L&#8217;alcaldessa de Bunyol sol\u00b7licita al Consell que el Centre de Menors de la localitat torni a ser d&#8217;Acollida\">[+] <\/a><\/div>\n","protected":false},"author":1,"featured_media":73856,"comment_status":"open","ping_status":"open","sticky":false,"template":"","format":"standard","meta":{"footnotes":""},"categories":[10911,10898,10948,10894,10904,10912,10947,10896,10897],"tags":[10913,11314],"class_list":{"0":"post-79110","1":"post","2":"type-post","3":"status-publish","4":"format-standard","5":"has-post-thumbnail","7":"category-bunol-ca","8":"category-ventana-ca","9":"category-infraestructuras-ca","10":"category-la-comarca-ca","11":"category-sin-categorizar-ca","12":"category-la-hoya-ca","13":"category-politica","14":"category-seccion-ca","15":"category-sucesos-la-comarca-ca","16":"tag-bunol-ca","17":"tag-bunyol-ca"},"_links":{"self":[{"href":"https:\/\/www.tucomarca.com\/wordpress\/segunda\/ca\/wp-json\/wp\/v2\/posts\/79110","targetHints":{"allow":["GET"]}}],"collection":[{"href":"https:\/\/www.tucomarca.com\/wordpress\/segunda\/ca\/wp-json\/wp\/v2\/posts"}],"about":[{"href":"https:\/\/www.tucomarca.com\/wordpress\/segunda\/ca\/wp-json\/wp\/v2\/types\/post"}],"author":[{"embeddable":true,"href":"https:\/\/www.tucomarca.com\/wordpress\/segunda\/ca\/wp-json\/wp\/v2\/users\/1"}],"replies":[{"embeddable":true,"href":"https:\/\/www.tucomarca.com\/wordpress\/segunda\/ca\/wp-json\/wp\/v2\/comments?post=79110"}],"version-history":[{"count":0,"href":"https:\/\/www.tucomarca.com\/wordpress\/segunda\/ca\/wp-json\/wp\/v2\/posts\/79110\/revisions"}],"wp:featuredmedia":[{"embeddable":true,"href":"https:\/\/www.tucomarca.com\/wordpress\/segunda\/ca\/wp-json\/wp\/v2\/media\/73856"}],"wp:attachment":[{"href":"https:\/\/www.tucomarca.com\/wordpress\/segunda\/ca\/wp-json\/wp\/v2\/media?parent=79110"}],"wp:term":[{"taxonomy":"category","embeddable":true,"href":"https:\/\/www.tucomarca.com\/wordpress\/segunda\/ca\/wp-json\/wp\/v2\/categories?post=79110"},{"taxonomy":"post_tag","embeddable":true,"href":"https:\/\/www.tucomarca.com\/wordpress\/segunda\/ca\/wp-json\/wp\/v2\/tags?post=79110"}],"curies":[{"name":"wp","href":"https:\/\/api.w.org\/{rel}","templated":true}]}}