{"id":79118,"date":"2018-12-12T12:33:29","date_gmt":"2018-12-12T10:33:29","guid":{"rendered":"http:\/\/www.tucomarca.com\/wordpress\/segunda\/?p=79118"},"modified":"2018-12-12T12:33:29","modified_gmt":"2018-12-12T10:33:29","slug":"el-ple-de-lajuntament-de-vilamarxant-aprova-per-unanimitat-un-acord-contra-la-violencia-de-genere","status":"publish","type":"post","link":"https:\/\/www.tucomarca.com\/wordpress\/segunda\/ca\/el-ple-de-lajuntament-de-vilamarxant-aprova-per-unanimitat-un-acord-contra-la-violencia-de-genere\/","title":{"rendered":"El Ple de l&#8217;Ajuntament de Vilamarxant aprova per unanimitat un acord contra la viol\u00e8ncia de g\u00e8nere"},"content":{"rendered":"<figure id=\"attachment_79113\" aria-describedby=\"caption-attachment-79113\" style=\"width: 397px\" class=\"wp-caption alignleft\"><img loading=\"lazy\" decoding=\"async\" class=\" wp-image-79113\" src=\"http:\/\/www.tucomarca.com\/wordpress\/segunda\/wp-content\/uploads\/2018\/12\/VilamarxantPleno.jpg\" alt=\"La localidad del Camp de T\u00faria desarrollar\u00e1 un plan de prevenci\u00f3n contra las violencias machistas y la desigualdad que impregne las concejal\u00edas.\" width=\"397\" height=\"298\" srcset=\"https:\/\/www.tucomarca.com\/wordpress\/segunda\/wp-content\/uploads\/2018\/12\/VilamarxantPleno.jpg 1280w, https:\/\/www.tucomarca.com\/wordpress\/segunda\/wp-content\/uploads\/2018\/12\/VilamarxantPleno-300x225.jpg 300w, https:\/\/www.tucomarca.com\/wordpress\/segunda\/wp-content\/uploads\/2018\/12\/VilamarxantPleno-768x576.jpg 768w, https:\/\/www.tucomarca.com\/wordpress\/segunda\/wp-content\/uploads\/2018\/12\/VilamarxantPleno-1024x768.jpg 1024w\" sizes=\"auto, (max-width: 397px) 100vw, 397px\" \/><figcaption id=\"caption-attachment-79113\" class=\"wp-caption-text\"><strong>La localitat del Camp de T\u00faria desenvolupar\u00e0 un pla de prevenci\u00f3 contra les viol\u00e8ncies masclistes i la desigualtat que impregne les regidories<\/strong>.<\/figcaption><\/figure>\n<p>El Ple de l&#8217;Ajuntament de Vilamarxant va aprovar per unanimitat una moci\u00f3 contra la viol\u00e8ncia de g\u00e8nere presentada de forma conjunta per tots els partits pol\u00edtics representats.<\/p>\n<p>Durant l&#8217;\u00faltima sessi\u00f3, els grups pol\u00edtics del Ple Municipal van votar a favor d&#8217;un acord que busca l&#8217;eradicaci\u00f3 de la viol\u00e8ncia de g\u00e8nere en l&#8217;\u00e0mbit local, aix\u00ed com el seu suport a la lluita contra aquesta xacra social tant en l&#8217;\u00e0mbit auton\u00f2mic com nacional.<\/p>\n<p>D&#8217;aquesta forma, la localitat del Camp de T\u00faria manifesta \u201cel seu sentit i dolor\u00f3s record a la mem\u00f2ria de totes les dones assassinades per viol\u00e8ncia de g\u00e8nere\u201d i es compromet a fer un acte p\u00fablic en senyal d&#8217;homenatge i reconeixement.<\/p>\n<p>Aix\u00ed mateix, la Corporaci\u00f3 garanteix que executar\u00e0 un pla de prevenci\u00f3 contra les viol\u00e8ncies masclistes i la desigualtat que impregne totes les pol\u00edtiques desenvolupades a trav\u00e9s de les diferents regidories.<\/p>\n<p>En aquesta l\u00ednia, realitzar\u00e0 tot tipus de campanyes dirigides a la prevenci\u00f3, orientaci\u00f3 i conscienciaci\u00f3 de les desigualtats entre dones i homes i de la viol\u00e8ncia masclista.<\/p>\n<p>D&#8217;altra banda, el Ple Municipal va declarar Vilamarxant\u00a0 \u201cespai contra la tracta de persones\u201d i, per *estre motiu, desenvolupar\u00e0 projectes per a \u201cproporcionar ajuda a les dones objecte de tracta i es realitzaran campanyes de conscienciaci\u00f3 per a visibilitzar aquesta injust\u00edcia\u201d. Aix\u00ed, es formar\u00e0 a la policia local i als treballadors socials perqu\u00e8 puguen actuar d&#8217;una forma correcta.<\/p>\n<p>L&#8217;Ajuntament de Vilamarxant tamb\u00e9 va instar en aquest manifest al govern d&#8217;Espanya al fet que modifique la Llei de R\u00e8gim Local perqu\u00e8 les corporacions locals recuperen les seues compet\u00e8ncia en promoci\u00f3 d&#8217;igualtat entre persones i en mat\u00e8ria de viol\u00e8ncia de g\u00e8nere tal com est\u00e0 establit en el Pacte d&#8217;Estat del Congr\u00e9s.<\/p>\n<p>Entre les seues peticions al Govern d&#8217;Espanya, destaquen el desenvolupament de la legislaci\u00f3 per a incloure com a viol\u00e8ncia masclista totes les viol\u00e8ncies contra les dones reconegudes al Conveni d&#8217;Istanbul; el desenvolupament dels Pressupostos Generals de l&#8217;Estat amb perspectiva de g\u00e8nere; i incloure l&#8217;ensenyament afectiu-sexual dins del sistema educatiu.<\/p>\n<p>Finalment, la Corporaci\u00f3 tamb\u00e9 sol\u00b7licitar\u00e0 al govern auton\u00f2mic que exigisca l&#8217;aplicaci\u00f3 dels treballs de seguiment i avaluaci\u00f3 sobre el desenvolupament del Pacte d&#8217;Estat, la intensificaci\u00f3 en els treballs de formaci\u00f3 dels membres de la judicatura i que revisen els protocols d&#8217;actuaci\u00f3.<\/p>\n","protected":false},"excerpt":{"rendered":"<div class=\"mh-excerpt\">El Ple de l&#8217;Ajuntament de Vilamarxant va aprovar per unanimitat una moci\u00f3 contra la viol\u00e8ncia de g\u00e8nere presentada de forma conjunta per tots els partits pol\u00edtics representats. Durant l&#8217;\u00faltima sessi\u00f3, els grups pol\u00edtics del Ple <a class=\"mh-excerpt-more\" href=\"https:\/\/www.tucomarca.com\/wordpress\/segunda\/ca\/el-ple-de-lajuntament-de-vilamarxant-aprova-per-unanimitat-un-acord-contra-la-violencia-de-genere\/\" title=\"El Ple de l&#8217;Ajuntament de Vilamarxant aprova per unanimitat un acord contra la viol\u00e8ncia de g\u00e8nere\">[+] <\/a><\/div>\n","protected":false},"author":1,"featured_media":79114,"comment_status":"open","ping_status":"open","sticky":false,"template":"","format":"standard","meta":{"footnotes":""},"categories":[10892,10898,10948,10894,10947,10896,10897,10927],"tags":[11090],"class_list":{"0":"post-79118","1":"post","2":"type-post","3":"status-publish","4":"format-standard","5":"has-post-thumbnail","7":"category-camp-de-turia-ca","8":"category-ventana-ca","9":"category-infraestructuras-ca","10":"category-la-comarca-ca","11":"category-politica","12":"category-seccion-ca","13":"category-sucesos-la-comarca-ca","14":"category-vilamarxant-ca","15":"tag-vilamarxant-ca"},"_links":{"self":[{"href":"https:\/\/www.tucomarca.com\/wordpress\/segunda\/ca\/wp-json\/wp\/v2\/posts\/79118","targetHints":{"allow":["GET"]}}],"collection":[{"href":"https:\/\/www.tucomarca.com\/wordpress\/segunda\/ca\/wp-json\/wp\/v2\/posts"}],"about":[{"href":"https:\/\/www.tucomarca.com\/wordpress\/segunda\/ca\/wp-json\/wp\/v2\/types\/post"}],"author":[{"embeddable":true,"href":"https:\/\/www.tucomarca.com\/wordpress\/segunda\/ca\/wp-json\/wp\/v2\/users\/1"}],"replies":[{"embeddable":true,"href":"https:\/\/www.tucomarca.com\/wordpress\/segunda\/ca\/wp-json\/wp\/v2\/comments?post=79118"}],"version-history":[{"count":0,"href":"https:\/\/www.tucomarca.com\/wordpress\/segunda\/ca\/wp-json\/wp\/v2\/posts\/79118\/revisions"}],"wp:featuredmedia":[{"embeddable":true,"href":"https:\/\/www.tucomarca.com\/wordpress\/segunda\/ca\/wp-json\/wp\/v2\/media\/79114"}],"wp:attachment":[{"href":"https:\/\/www.tucomarca.com\/wordpress\/segunda\/ca\/wp-json\/wp\/v2\/media?parent=79118"}],"wp:term":[{"taxonomy":"category","embeddable":true,"href":"https:\/\/www.tucomarca.com\/wordpress\/segunda\/ca\/wp-json\/wp\/v2\/categories?post=79118"},{"taxonomy":"post_tag","embeddable":true,"href":"https:\/\/www.tucomarca.com\/wordpress\/segunda\/ca\/wp-json\/wp\/v2\/tags?post=79118"}],"curies":[{"name":"wp","href":"https:\/\/api.w.org\/{rel}","templated":true}]}}