{"id":79125,"date":"2018-12-12T12:47:38","date_gmt":"2018-12-12T10:47:38","guid":{"rendered":"http:\/\/www.tucomarca.com\/wordpress\/segunda\/?p=79125"},"modified":"2018-12-12T12:48:00","modified_gmt":"2018-12-12T10:48:00","slug":"la-plataforma-pro-hospital-repren-els-seus-contactes-per-avancar-en-les-millores-sanitaries-i-en-la-construccio-dun-centre-model-villena-a-la-foia","status":"publish","type":"post","link":"https:\/\/www.tucomarca.com\/wordpress\/segunda\/ca\/la-plataforma-pro-hospital-repren-els-seus-contactes-per-avancar-en-les-millores-sanitaries-i-en-la-construccio-dun-centre-model-villena-a-la-foia\/","title":{"rendered":"La plataforma pro hospital repr\u00e8n els seus contactes per &#8220;avan\u00e7ar en les millores sanit\u00e0ries i en la construcci\u00f3 d&#8217;un centre model Villena&#8221; a La Foia"},"content":{"rendered":"<figure id=\"attachment_79122\" aria-describedby=\"caption-attachment-79122\" style=\"width: 495px\" class=\"wp-caption alignleft\"><img loading=\"lazy\" decoding=\"async\" class=\" wp-image-79122\" src=\"http:\/\/www.tucomarca.com\/wordpress\/segunda\/wp-content\/uploads\/2018\/12\/PlataformaHospital.jpg\" alt=\"Integrantes de la Plataforma pro hospital con concejales de La Hoya.\" width=\"495\" height=\"371\" srcset=\"https:\/\/www.tucomarca.com\/wordpress\/segunda\/wp-content\/uploads\/2018\/12\/PlataformaHospital.jpg 960w, https:\/\/www.tucomarca.com\/wordpress\/segunda\/wp-content\/uploads\/2018\/12\/PlataformaHospital-300x225.jpg 300w, https:\/\/www.tucomarca.com\/wordpress\/segunda\/wp-content\/uploads\/2018\/12\/PlataformaHospital-768x576.jpg 768w\" sizes=\"auto, (max-width: 495px) 100vw, 495px\" \/><figcaption id=\"caption-attachment-79122\" class=\"wp-caption-text\">Integrantes de la Plataforma pro hospital con concejales de La Hoya.<\/figcaption><\/figure>\n<p>&#8220;La Plataforma Pro Hospital, seguint les recomanacions del director territorial de la Presid\u00e8ncia, Francesc Molina, de reprendre les converses amb Sanitat per tal d&#8217;avan\u00e7ar en les millores sanit\u00e0ries de la comarca i en la construcci\u00f3 d&#8217;un centre sanitari model Villena, va mantenir en el dia d&#8217;ahir una reuni\u00f3 amb el secretari auton\u00f2mic de Sanitat, Narc\u00eds Vazquez. Recordar que recentment la plataforma ha sol\u00b7licitat reunions amb la gran majoria d&#8217;alts c\u00e0rrecs de Sanitat, entre ells esmentar tamb\u00e9 amb el nou director general d&#8217;Assit\u00e8ncia sanit\u00e0ria, el subsecretari de Sanitat o el mateix Comissionat de Manises &#8220;, tal com han informat des de la plataforma.<\/p>\n<p>&#8220;Amb una atape\u00efda agenda reivindicativa, la plataforma no va voler deixar-se res al tinter, el transport sanitari urgent d&#8217;ambul\u00e0ncies, pediatria 24 hores, m\u00e9s especialitats m\u00e8diques i proves diagn\u00f2stiques, la llista d&#8217;espera de les especialitats a la comarca, l&#8217;obtenci\u00f3 dels dades sanit\u00e0ries, les inversions de Manises a la nostra zona o la pr\u00f2pia entrevista amb la Consellera de Sanitat &#8220;, han afegit.<\/p>\n<p>Des de la Plataforma, el seu president, Antonio Barrero, ha recalcaldo que ha estat &#8220;fonamental utilitzar les dades sanit\u00e0ries que van ser obtinguts pel S\u00edndic de Greuges i que van ser arrencats a sanitat darrere m\u00e9s de tres advert\u00e8ncies. Amb ells hem deixat palesa la necessitat d&#8217;incrementar les hores a la nostra comarca dels especialistes d&#8217;oftalmologia, otorrinolog\u00eda, dermatologia i ginecologia. en dermatologia, per exemple, es van atendre en primera consulta 2.280, el que significa que l&#8217;especialista que ve un cop a la setmana hagi d&#8217;atendre el mateix dia a 44 pacients, amb aix\u00f2 es genera una llista d&#8217;espera que cada vegada \u00e9s m\u00e9s gran i ens han de seguir derivant a Aldaia, Manises o Mislata &#8220;.<\/p>\n<p>El secretari auton\u00f2mic va informar que la setmana passada &#8220;havia mantingut una reuni\u00f3 amb Ger\u00e8ncia de Manises per a tractar l&#8217;increment de les visites dels especialistes a la comarca i que estava pendent del lliurament de dades sanit\u00e0ries referents a les poblacions de Chiva i Xest, afirmant que el seu inter\u00e8s \u00e9s sobre especialitats a aquestes localitats per\u00f2 que es troben amb la limitaci\u00f3 d&#8217;espai en els centres de salut &#8220;, han destacat des de la plataforma, des d&#8217;on tamb\u00e9 han afegit que en una propera reuni\u00f3 amb Ger\u00e8ncia exposaran que es&#8221; estudi\u00ef la realitzaci\u00f3 de noves proves diagn\u00f2stiques del ec\u00f2graf per a altres especialitats com a digestiu o urologia ja que fins ara nom\u00e9s s&#8217;utilitza per a l&#8217;especialitat de Ginecologia i la realitzaci\u00f3 d&#8217;espirometries, evitant d&#8217;aquesta manera l&#8217;haver de despla\u00e7ar-se a altres comarques &#8220;.<\/p>\n<p>Sobre l&#8217;ambul\u00e0ncia SVB les 24 hores a Bu\u00f1ol i en Xest va informar que es &#8220;estudiar\u00e0 la possibilitat de dotar la comarca de dues ambul\u00e0ncies TNA, transport no asitido, per Bunyol i Xest&#8221;.<\/p>\n<p>Amb respecte a Pediatria les 24 hores va informar de la &#8220;falta de pediatre i que no ho veu viable, i que s&#8217;estudiar\u00e0 la possibilitat de dotar a Bu\u00f1ol un m\u00e0xim de 10 boxs d&#8217;observaci\u00f3, estabilitzaci\u00f3 i tractament de certes patologies&#8221;.<\/p>\n<p>En finalitzar la reuni\u00f3 es va fer entrega de les mil signatures originals demanant una entrevista amb la nova Consellera de Sanitat, la dotaci\u00f3 de pediatre 24 hores, ambul\u00e0ncies SVB 24 hores per Bunyol i Xest, m\u00e9s especialitats i proves diagn\u00f2stiques i la construcci\u00f3 d&#8217;un centre sanitari model Villena.<\/p>\n","protected":false},"excerpt":{"rendered":"<div class=\"mh-excerpt\">&#8220;La Plataforma Pro Hospital, seguint les recomanacions del director territorial de la Presid\u00e8ncia, Francesc Molina, de reprendre les converses amb Sanitat per tal d&#8217;avan\u00e7ar en les millores sanit\u00e0ries de la comarca i en la construcci\u00f3 <a class=\"mh-excerpt-more\" href=\"https:\/\/www.tucomarca.com\/wordpress\/segunda\/ca\/la-plataforma-pro-hospital-repren-els-seus-contactes-per-avancar-en-les-millores-sanitaries-i-en-la-construccio-dun-centre-model-villena-a-la-foia\/\" title=\"La plataforma pro hospital repr\u00e8n els seus contactes per &#8220;avan\u00e7ar en les millores sanit\u00e0ries i en la construcci\u00f3 d&#8217;un centre model Villena&#8221; a La Foia\">[+] <\/a><\/div>\n","protected":false},"author":1,"featured_media":79123,"comment_status":"open","ping_status":"open","sticky":false,"template":"","format":"standard","meta":{"footnotes":""},"categories":[11010,10898,10948,10894,10912,10947,10896],"tags":[11338],"class_list":{"0":"post-79125","1":"post","2":"type-post","3":"status-publish","4":"format-standard","5":"has-post-thumbnail","7":"category-canal-salud","8":"category-ventana-ca","9":"category-infraestructuras-ca","10":"category-la-comarca-ca","11":"category-la-hoya-ca","12":"category-politica","13":"category-seccion-ca","14":"tag-sanidad-ca"},"_links":{"self":[{"href":"https:\/\/www.tucomarca.com\/wordpress\/segunda\/ca\/wp-json\/wp\/v2\/posts\/79125","targetHints":{"allow":["GET"]}}],"collection":[{"href":"https:\/\/www.tucomarca.com\/wordpress\/segunda\/ca\/wp-json\/wp\/v2\/posts"}],"about":[{"href":"https:\/\/www.tucomarca.com\/wordpress\/segunda\/ca\/wp-json\/wp\/v2\/types\/post"}],"author":[{"embeddable":true,"href":"https:\/\/www.tucomarca.com\/wordpress\/segunda\/ca\/wp-json\/wp\/v2\/users\/1"}],"replies":[{"embeddable":true,"href":"https:\/\/www.tucomarca.com\/wordpress\/segunda\/ca\/wp-json\/wp\/v2\/comments?post=79125"}],"version-history":[{"count":0,"href":"https:\/\/www.tucomarca.com\/wordpress\/segunda\/ca\/wp-json\/wp\/v2\/posts\/79125\/revisions"}],"wp:featuredmedia":[{"embeddable":true,"href":"https:\/\/www.tucomarca.com\/wordpress\/segunda\/ca\/wp-json\/wp\/v2\/media\/79123"}],"wp:attachment":[{"href":"https:\/\/www.tucomarca.com\/wordpress\/segunda\/ca\/wp-json\/wp\/v2\/media?parent=79125"}],"wp:term":[{"taxonomy":"category","embeddable":true,"href":"https:\/\/www.tucomarca.com\/wordpress\/segunda\/ca\/wp-json\/wp\/v2\/categories?post=79125"},{"taxonomy":"post_tag","embeddable":true,"href":"https:\/\/www.tucomarca.com\/wordpress\/segunda\/ca\/wp-json\/wp\/v2\/tags?post=79125"}],"curies":[{"name":"wp","href":"https:\/\/api.w.org\/{rel}","templated":true}]}}