{"id":79253,"date":"2018-12-18T16:05:07","date_gmt":"2018-12-18T14:05:07","guid":{"rendered":"http:\/\/www.tucomarca.com\/wordpress\/segunda\/?p=79253"},"modified":"2018-12-18T16:05:07","modified_gmt":"2018-12-18T14:05:07","slug":"csif-alerta-de-la-perdua-de-mig-centenar-defectius-en-transit-de-la-provincia-de-valencia-en-menys-de-set-anys","status":"publish","type":"post","link":"https:\/\/www.tucomarca.com\/wordpress\/segunda\/ca\/csif-alerta-de-la-perdua-de-mig-centenar-defectius-en-transit-de-la-provincia-de-valencia-en-menys-de-set-anys\/","title":{"rendered":"CSIF alerta de la p\u00e8rdua de mig centenar d&#8217;efectius en Tr\u00e0nsit de la prov\u00edncia de Val\u00e8ncia en menys de set anys"},"content":{"rendered":"<p>El sindicat CSIF alerta de la p\u00e8rdua de prop de mig centenar d&#8217;efectius entre la Prefectura Provincial de Tr\u00e0nsit de Val\u00e8ncia i l&#8217;Oficina Local d&#8217;Alzira entre gener de 2012 i novembre de 2018. La central sindical avisa que la disminuci\u00f3 de plantilla afecta sobretot operadors d&#8217;informaci\u00f3, que atenen directament a finestreta a l&#8217;usuari. El sindicat reclama la urgent cobertura de les vacants existents i avisa de la demora en la cita.<\/p>\n<p>La Central Sindical Independent i de Funcionaris (CSIF) explica que la relaci\u00f3 de llocs de treball (RPS) de gener de 2012 a la Prefectura Provincial de Tr\u00e0nsit de Val\u00e8ncia llan\u00e7ava una plantilla de 211 funcionaris, dels quals 113 eren operadors d&#8217;informaci\u00f3. A finals del passat mes de novembre de 2018 la RLT es quedava en 169 funcionaris, dels quals 88 s\u00f3n operadors d&#8217;informaci\u00f3. Per tant, 42 treballadors menys, fet que suposa una reducci\u00f3 del 22% a la plantilla.<\/p>\n<p>El sindicat continua relatant que la situaci\u00f3 a l&#8217;Oficina Local d&#8217;Alzira resulta similar. Ha passat de 32 a 26 funcionaris en el mateix per\u00edode de temps, i de 18 a 9 operadors d&#8217;informaci\u00f3, justament la meitat. Aquesta circumst\u00e0ncia redunda en l&#8217;usuari, ja que la cita pr\u00e8via ara est\u00e0 a 21 dies, ja per a la segona setmana de gener. A Val\u00e8ncia puja a 22 dies.<\/p>\n<p>CSIF urgeix a la Direcci\u00f3 General de Tr\u00e0nsit (DGT) a refor\u00e7ar les plantilles. Per a aix\u00f2, com a primera mesura, reclama la cobertura de vacants, ja que en l&#8217;actualitat hi ha 13 d&#8217;operadors d&#8217;informaci\u00f3 a Val\u00e8ncia i tres a Alzira. La central sindical exigeix \u200b\u200bel compliment del primer acord de mobilitat del personal funcionari d&#8217;Administraci\u00f3 General de l&#8217;Estat, que obliga a incloure tots els llocs vacants en les convocat\u00f2ries de concursos de m\u00e8rits.<\/p>\n","protected":false},"excerpt":{"rendered":"<div class=\"mh-excerpt\">El sindicat CSIF alerta de la p\u00e8rdua de prop de mig centenar d&#8217;efectius entre la Prefectura Provincial de Tr\u00e0nsit de Val\u00e8ncia i l&#8217;Oficina Local d&#8217;Alzira entre gener de 2012 i novembre de 2018. La central <a class=\"mh-excerpt-more\" href=\"https:\/\/www.tucomarca.com\/wordpress\/segunda\/ca\/csif-alerta-de-la-perdua-de-mig-centenar-defectius-en-transit-de-la-provincia-de-valencia-en-menys-de-set-anys\/\" title=\"CSIF alerta de la p\u00e8rdua de mig centenar d&#8217;efectius en Tr\u00e0nsit de la prov\u00edncia de Val\u00e8ncia en menys de set anys\">[+] <\/a><\/div>\n","protected":false},"author":1,"featured_media":74239,"comment_status":"open","ping_status":"open","sticky":false,"template":"","format":"standard","meta":{"footnotes":""},"categories":[10889,10948,10894,10904,10902,10896],"tags":[11398],"class_list":{"0":"post-79253","1":"post","2":"type-post","3":"status-publish","4":"format-standard","5":"has-post-thumbnail","7":"category-alzira-cat","8":"category-infraestructuras-ca","9":"category-la-comarca-ca","10":"category-sin-categorizar-ca","11":"category-la-ribera-ca","12":"category-seccion-ca","13":"tag-csi-f-ca"},"_links":{"self":[{"href":"https:\/\/www.tucomarca.com\/wordpress\/segunda\/ca\/wp-json\/wp\/v2\/posts\/79253","targetHints":{"allow":["GET"]}}],"collection":[{"href":"https:\/\/www.tucomarca.com\/wordpress\/segunda\/ca\/wp-json\/wp\/v2\/posts"}],"about":[{"href":"https:\/\/www.tucomarca.com\/wordpress\/segunda\/ca\/wp-json\/wp\/v2\/types\/post"}],"author":[{"embeddable":true,"href":"https:\/\/www.tucomarca.com\/wordpress\/segunda\/ca\/wp-json\/wp\/v2\/users\/1"}],"replies":[{"embeddable":true,"href":"https:\/\/www.tucomarca.com\/wordpress\/segunda\/ca\/wp-json\/wp\/v2\/comments?post=79253"}],"version-history":[{"count":0,"href":"https:\/\/www.tucomarca.com\/wordpress\/segunda\/ca\/wp-json\/wp\/v2\/posts\/79253\/revisions"}],"wp:featuredmedia":[{"embeddable":true,"href":"https:\/\/www.tucomarca.com\/wordpress\/segunda\/ca\/wp-json\/wp\/v2\/media\/74239"}],"wp:attachment":[{"href":"https:\/\/www.tucomarca.com\/wordpress\/segunda\/ca\/wp-json\/wp\/v2\/media?parent=79253"}],"wp:term":[{"taxonomy":"category","embeddable":true,"href":"https:\/\/www.tucomarca.com\/wordpress\/segunda\/ca\/wp-json\/wp\/v2\/categories?post=79253"},{"taxonomy":"post_tag","embeddable":true,"href":"https:\/\/www.tucomarca.com\/wordpress\/segunda\/ca\/wp-json\/wp\/v2\/tags?post=79253"}],"curies":[{"name":"wp","href":"https:\/\/api.w.org\/{rel}","templated":true}]}}