{"id":79261,"date":"2018-12-18T16:02:51","date_gmt":"2018-12-18T14:02:51","guid":{"rendered":"http:\/\/www.tucomarca.com\/wordpress\/segunda\/?p=79261"},"modified":"2018-12-18T16:02:51","modified_gmt":"2018-12-18T14:02:51","slug":"xest-suneix-a-lesdeveniment-internacional-lhora-del-codi","status":"publish","type":"post","link":"https:\/\/www.tucomarca.com\/wordpress\/segunda\/ca\/xest-suneix-a-lesdeveniment-internacional-lhora-del-codi\/","title":{"rendered":"Xest s&#8217;uneix a l&#8217;esdeveniment internacional &#8220;L&#8217;Hora del Codi&#8221;"},"content":{"rendered":"<div class=\"\">\n<figure id=\"attachment_79256\" aria-describedby=\"caption-attachment-79256\" style=\"width: 587px\" class=\"wp-caption alignleft\"><img loading=\"lazy\" decoding=\"async\" class=\" wp-image-79256\" src=\"http:\/\/www.tucomarca.com\/wordpress\/segunda\/wp-content\/uploads\/2018\/12\/ChesteCodigo.jpg\" alt=\"La presentaci\u00f3n del evento cont\u00f3 con la presencia del alcalde de Cheste y concejal de Juventud, Jos\u00e9 Morell.\" width=\"587\" height=\"391\" srcset=\"https:\/\/www.tucomarca.com\/wordpress\/segunda\/wp-content\/uploads\/2018\/12\/ChesteCodigo.jpg 5472w, https:\/\/www.tucomarca.com\/wordpress\/segunda\/wp-content\/uploads\/2018\/12\/ChesteCodigo-300x200.jpg 300w, https:\/\/www.tucomarca.com\/wordpress\/segunda\/wp-content\/uploads\/2018\/12\/ChesteCodigo-768x512.jpg 768w, https:\/\/www.tucomarca.com\/wordpress\/segunda\/wp-content\/uploads\/2018\/12\/ChesteCodigo-1024x683.jpg 1024w\" sizes=\"auto, (max-width: 587px) 100vw, 587px\" \/><figcaption id=\"caption-attachment-79256\" class=\"wp-caption-text\">La presentaci\u00f3 de l&#8217;esdeveniment va comptar amb la pres\u00e8ncia de l&#8217;alcalde de Xest i regidor de Joventut, Jos\u00e9 Morell.<\/figcaption><\/figure>\n<p>Divendres passat, 14 de desembre, el Centre de Formaci\u00f3 de Persones Adultes de Xest va obrir les seves portes amb una oferta totalment nova: tallers de programaci\u00f3, de maneig de m\u00f2bils Android, de creaci\u00f3 d&#8217;aplicacions m\u00f2bils i d&#8217;HTML, campionats de videojocs i demostracions de dibuix vectorial i impressi\u00f3 3D. Tot aix\u00f2 amb motiu de la celebraci\u00f3 de &#8220;L&#8217;Hora del Codi&#8221;, un esdeveniment internacional promogut per l&#8217;organitzaci\u00f3 code.org que pret\u00e9n promocionar a nivell mundial la tecnologia i el llenguatge inform\u00e0tic, coincidint amb la celebraci\u00f3 de la Setmana de les Ci\u00e8ncies de la computaci\u00f3.<\/p>\n<p>&#8220;Des de l&#8217;escola d&#8217;adults hem decidit unir-nos a aquest esdeveniment proposat per code.org, en qu\u00e8 hi ha m\u00e9s de 650 milions de persones que ja han participat, estan participant o van a participar i en qu\u00e8 es deixa total llibertat per planificar i organitzar el que cada entitat pugui &#8220;, explicava V\u00edctor Fuertes, professor del centre i impulsor de l&#8217;esdeveniment a Xest. &#8220;En el nostre cas, \u00e9s la primera vegada que ens vam sumar &#8216;L&#8217;Hora del Codi&#8217; i hem apostat per preparar tres tallers de programaci\u00f3, amb 15 llocs cada un, que estan plens i alguns doblen el nombre de participants en cada lloc. Tamb\u00e9 hi ha el taller per ensenyar a gent gran a utilitzar els m\u00f2bils, on hi ha 18 inscrits i hem hagut de fer tres torns; i els dos campionats de videojocs, que \u00e9s el que m\u00e9s ha triomfat, tenint fins llista d&#8217;espera. Un \u00e9s de FIFA 2019 i un altre \u00e9s d&#8217;un videojoc &#8216;retro&#8217;, Mario Kart. Sent un videojoc de 1997 pensava que es apuntaria gent de la meva edat, per\u00f2 s&#8217;ha inscrit molta gent molt jove, de prop de 9 anys, amb la qual cosa me n&#8217;alegro molt. Paral\u00b7lelament a aquests tallers comptarem amb les demostracions d&#8217;impressi\u00f3 3D i d&#8217;art digital, aquesta \u00faltima a c\u00e0rrec de l&#8217;il\u00b7lustrador Jos\u00e9 P\u00e9rez &#8220;.<\/p>\n<p>Tal com explicava Fuertes, per a participar no era necessari tenir cap tipus de coneixement previ, &#8220;sin\u00f3 m\u00e9s aviat, tot el contrari&#8221;. Les inscripcions eren gratu\u00eftes i, segons el web code.org, estaven obertes per a persones d&#8217;entre 4 i 104 anys. &#8220;Nosaltres vam batre r\u00e8cord perqu\u00e8 va a participar gent de 3&#8221;, presumia el professor. &#8220;Vull destacar que comptem amb un gran equip que s&#8217;ha unit a l&#8217;organitzaci\u00f3: professorat, alumnat, ex-alumnes i ex-alumnes i fins i tot persones que no pertanyen al centre, com Yolanda Marco, professora de l&#8217;IES Ricardo Mar\u00edn. Tamb\u00e9 la implicaci\u00f3 de l&#8217;Ajuntament ha estat fonamental; no nom\u00e9s per donar-nos suport, sin\u00f3 per dotar el centre amb una tecnologia que ens posiciona a anys llum d&#8217;altres escoles. De fet, el campionat de FIFA es podr\u00e0 fer perqu\u00e8 hi ha una televisi\u00f3 nova de 55 polzades que \u00e9s una bogeria i per als tallers l&#8217;aula d&#8217;inform\u00e0tica compta amb Internet d&#8217;\u00faltima generaci\u00f3, instal\u00b7lat fa molt poc &#8220;.<\/p>\n<p>La presentaci\u00f3 de l&#8217;esdeveniment va comptar amb la pres\u00e8ncia de l&#8217;alcalde de Xest i regidor de Joventut, Jos\u00e9 Morell, qui va dedicar unes paraules d&#8217;agra\u00efment a totes les persones implicades en la posada en marxa de les activitats. &#8220;V\u00edctor ens va donar a con\u00e8ixer aquest esdeveniment internacional que gira al voltant del m\u00f3n digital i ens va semblar una idea molt interessant, aix\u00ed que des de la regidoria de Joventut no dubtem a donar-li suport. Crec que l&#8217;esdeveniment est\u00e0 sent un \u00e8xit, s\u00f3n moltes les persones que s&#8217;han apuntat, fins i tot generant llistes d&#8217;espera, i estem molt satisfets per aquesta resposta per part de la poblaci\u00f3 &#8220;, afirmava Morell.<\/p>\n<\/div>\n","protected":false},"excerpt":{"rendered":"<div class=\"mh-excerpt\">Divendres passat, 14 de desembre, el Centre de Formaci\u00f3 de Persones Adultes de Xest va obrir les seves portes amb una oferta totalment nova: tallers de programaci\u00f3, de maneig de m\u00f2bils Android, de creaci\u00f3 d&#8217;aplicacions <a class=\"mh-excerpt-more\" href=\"https:\/\/www.tucomarca.com\/wordpress\/segunda\/ca\/xest-suneix-a-lesdeveniment-internacional-lhora-del-codi\/\" title=\"Xest s&#8217;uneix a l&#8217;esdeveniment internacional &#8220;L&#8217;Hora del Codi&#8221;\">[+] <\/a><\/div>\n","protected":false},"author":1,"featured_media":79257,"comment_status":"open","ping_status":"open","sticky":false,"template":"","format":"standard","meta":{"footnotes":""},"categories":[10894,10912,11007,10896,10974],"tags":[11071,11109],"class_list":{"0":"post-79261","1":"post","2":"type-post","3":"status-publish","4":"format-standard","5":"has-post-thumbnail","7":"category-la-comarca-ca","8":"category-la-hoya-ca","9":"category-ocio-y-cultura-ca","10":"category-seccion-ca","11":"category-cheste-ca","12":"tag-cheste","13":"tag-xest"},"_links":{"self":[{"href":"https:\/\/www.tucomarca.com\/wordpress\/segunda\/ca\/wp-json\/wp\/v2\/posts\/79261","targetHints":{"allow":["GET"]}}],"collection":[{"href":"https:\/\/www.tucomarca.com\/wordpress\/segunda\/ca\/wp-json\/wp\/v2\/posts"}],"about":[{"href":"https:\/\/www.tucomarca.com\/wordpress\/segunda\/ca\/wp-json\/wp\/v2\/types\/post"}],"author":[{"embeddable":true,"href":"https:\/\/www.tucomarca.com\/wordpress\/segunda\/ca\/wp-json\/wp\/v2\/users\/1"}],"replies":[{"embeddable":true,"href":"https:\/\/www.tucomarca.com\/wordpress\/segunda\/ca\/wp-json\/wp\/v2\/comments?post=79261"}],"version-history":[{"count":0,"href":"https:\/\/www.tucomarca.com\/wordpress\/segunda\/ca\/wp-json\/wp\/v2\/posts\/79261\/revisions"}],"wp:featuredmedia":[{"embeddable":true,"href":"https:\/\/www.tucomarca.com\/wordpress\/segunda\/ca\/wp-json\/wp\/v2\/media\/79257"}],"wp:attachment":[{"href":"https:\/\/www.tucomarca.com\/wordpress\/segunda\/ca\/wp-json\/wp\/v2\/media?parent=79261"}],"wp:term":[{"taxonomy":"category","embeddable":true,"href":"https:\/\/www.tucomarca.com\/wordpress\/segunda\/ca\/wp-json\/wp\/v2\/categories?post=79261"},{"taxonomy":"post_tag","embeddable":true,"href":"https:\/\/www.tucomarca.com\/wordpress\/segunda\/ca\/wp-json\/wp\/v2\/tags?post=79261"}],"curies":[{"name":"wp","href":"https:\/\/api.w.org\/{rel}","templated":true}]}}