{"id":79265,"date":"2018-12-18T16:06:53","date_gmt":"2018-12-18T14:06:53","guid":{"rendered":"http:\/\/www.tucomarca.com\/wordpress\/segunda\/?p=79265"},"modified":"2018-12-18T16:06:53","modified_gmt":"2018-12-18T14:06:53","slug":"el-comite-electoral-del-pp-de-sant-antoni-de-benageber-tria-a-andrea-peiro-com-a-candidata","status":"publish","type":"post","link":"https:\/\/www.tucomarca.com\/wordpress\/segunda\/ca\/el-comite-electoral-del-pp-de-sant-antoni-de-benageber-tria-a-andrea-peiro-com-a-candidata\/","title":{"rendered":"El Comit\u00e8 Electoral del PP de Sant Antoni de Benag\u00e9ber tria a Andrea Peir\u00f3 com a candidata"},"content":{"rendered":"<figure id=\"attachment_76548\" aria-describedby=\"caption-attachment-76548\" style=\"width: 353px\" class=\"wp-caption alignleft\"><img loading=\"lazy\" decoding=\"async\" class=\" wp-image-76548\" src=\"http:\/\/www.tucomarca.com\/wordpress\/segunda\/wp-content\/uploads\/2018\/10\/andrea_peiro_PP.jpg\" alt=\"Andrea Peir\u00f3.\" width=\"353\" height=\"298\" srcset=\"https:\/\/www.tucomarca.com\/wordpress\/segunda\/wp-content\/uploads\/2018\/10\/andrea_peiro_PP.jpg 674w, https:\/\/www.tucomarca.com\/wordpress\/segunda\/wp-content\/uploads\/2018\/10\/andrea_peiro_PP-300x253.jpg 300w\" sizes=\"auto, (max-width: 353px) 100vw, 353px\" \/><figcaption id=\"caption-attachment-76548\" class=\"wp-caption-text\">Andrea Peir\u00f3.<\/figcaption><\/figure>\n<p>El Comit\u00e8 Electoral del Partit Popular de Sant Antoni de Benag\u00e9ber ha triat a Andrea Peir\u00f3 Abasolo per encap\u00e7alar la candidatura que els populars presentaran al municipi de cara a les eleccions auton\u00f2miques i locals de 2019 &#8220;amb l&#8217;objectiu que els ve\u00efns puguin recuperar el temps perdut a mans d&#8217;un govern que ha frenat el desenvolupament de la localitat &#8220;, segons han informat fonts del PP.<\/p>\n<p>&#8220;Andrea Peir\u00f3 \u00e9s una jove del PP que es va afiliar al partit fa deu anys i que assumeix un c\u00e0rrec amb molta humilitat, passi\u00f3 i il\u00b7lusi\u00f3 i ho fa amb l&#8217;objectiu de conformar una llista integradora i amb la meta de recuperar el pols d&#8217;un partit que t\u00e9 molt a oferir a Sant Antoni i de tornar-li la il\u00b7lusi\u00f3 al votant del PP &#8220;.<\/p>\n<p>El seu recorregut pol\u00edtic va comen\u00e7ar l&#8217;any 2011 quan va entrar a formar part de la llista del PP del municipi sent una de les noves cares a incorporar-se al partit. &#8220;Es tracta de la primera dona que assumeix el repte d&#8217;encap\u00e7alar la llista popular per ser candidata a l&#8217;alcaldia d&#8217;un municipi determinant per a la comarca i la prov\u00edncia de Val\u00e8ncia&#8221;, segons els populars.<\/p>\n","protected":false},"excerpt":{"rendered":"<div class=\"mh-excerpt\">El Comit\u00e8 Electoral del Partit Popular de Sant Antoni de Benag\u00e9ber ha triat a Andrea Peir\u00f3 Abasolo per encap\u00e7alar la candidatura que els populars presentaran al municipi de cara a les eleccions auton\u00f2miques i locals <a class=\"mh-excerpt-more\" href=\"https:\/\/www.tucomarca.com\/wordpress\/segunda\/ca\/el-comite-electoral-del-pp-de-sant-antoni-de-benageber-tria-a-andrea-peiro-com-a-candidata\/\" title=\"El Comit\u00e8 Electoral del PP de Sant Antoni de Benag\u00e9ber tria a Andrea Peir\u00f3 com a candidata\">[+] <\/a><\/div>\n","protected":false},"author":1,"featured_media":76548,"comment_status":"open","ping_status":"open","sticky":false,"template":"","format":"standard","meta":{"footnotes":""},"categories":[10892,10898,10894,10947,10934,10896],"tags":[11344],"class_list":{"0":"post-79265","1":"post","2":"type-post","3":"status-publish","4":"format-standard","5":"has-post-thumbnail","7":"category-camp-de-turia-ca","8":"category-ventana-ca","9":"category-la-comarca-ca","10":"category-politica","11":"category-san-antonio-de-benageber-ca","12":"category-seccion-ca","13":"tag-pp-ca"},"_links":{"self":[{"href":"https:\/\/www.tucomarca.com\/wordpress\/segunda\/ca\/wp-json\/wp\/v2\/posts\/79265","targetHints":{"allow":["GET"]}}],"collection":[{"href":"https:\/\/www.tucomarca.com\/wordpress\/segunda\/ca\/wp-json\/wp\/v2\/posts"}],"about":[{"href":"https:\/\/www.tucomarca.com\/wordpress\/segunda\/ca\/wp-json\/wp\/v2\/types\/post"}],"author":[{"embeddable":true,"href":"https:\/\/www.tucomarca.com\/wordpress\/segunda\/ca\/wp-json\/wp\/v2\/users\/1"}],"replies":[{"embeddable":true,"href":"https:\/\/www.tucomarca.com\/wordpress\/segunda\/ca\/wp-json\/wp\/v2\/comments?post=79265"}],"version-history":[{"count":0,"href":"https:\/\/www.tucomarca.com\/wordpress\/segunda\/ca\/wp-json\/wp\/v2\/posts\/79265\/revisions"}],"wp:featuredmedia":[{"embeddable":true,"href":"https:\/\/www.tucomarca.com\/wordpress\/segunda\/ca\/wp-json\/wp\/v2\/media\/76548"}],"wp:attachment":[{"href":"https:\/\/www.tucomarca.com\/wordpress\/segunda\/ca\/wp-json\/wp\/v2\/media?parent=79265"}],"wp:term":[{"taxonomy":"category","embeddable":true,"href":"https:\/\/www.tucomarca.com\/wordpress\/segunda\/ca\/wp-json\/wp\/v2\/categories?post=79265"},{"taxonomy":"post_tag","embeddable":true,"href":"https:\/\/www.tucomarca.com\/wordpress\/segunda\/ca\/wp-json\/wp\/v2\/tags?post=79265"}],"curies":[{"name":"wp","href":"https:\/\/api.w.org\/{rel}","templated":true}]}}