{"id":79292,"date":"2018-12-18T16:15:01","date_gmt":"2018-12-18T14:15:01","guid":{"rendered":"http:\/\/www.tucomarca.com\/wordpress\/segunda\/?p=79292"},"modified":"2018-12-18T16:15:01","modified_gmt":"2018-12-18T14:15:01","slug":"la-diputacio-impulsa-les-politiques-de-gestio-forestal-sostenible-a-la-plana-de-requena-utiel","status":"publish","type":"post","link":"https:\/\/www.tucomarca.com\/wordpress\/segunda\/ca\/la-diputacio-impulsa-les-politiques-de-gestio-forestal-sostenible-a-la-plana-de-requena-utiel\/","title":{"rendered":"La Diputaci\u00f3 impulsa les pol\u00edtiques de gesti\u00f3 forestal sostenible a la Plana de Requena-Utiel"},"content":{"rendered":"<figure id=\"attachment_79289\" aria-describedby=\"caption-attachment-79289\" style=\"width: 532px\" class=\"wp-caption alignleft\"><img loading=\"lazy\" decoding=\"async\" class=\" wp-image-79289\" src=\"http:\/\/www.tucomarca.com\/wordpress\/segunda\/wp-content\/uploads\/2018\/12\/BORTREQUENA-1.jpg\" alt=\"La Diputaci\u00f3 ha destinado 132.633 euros a la comarca de la Plana Requena-Utiel a trav\u00e9s del Programa de Gesti\u00f3n Forestal Sostenible de 2017.\" width=\"532\" height=\"377\" srcset=\"https:\/\/www.tucomarca.com\/wordpress\/segunda\/wp-content\/uploads\/2018\/12\/BORTREQUENA-1.jpg 2600w, https:\/\/www.tucomarca.com\/wordpress\/segunda\/wp-content\/uploads\/2018\/12\/BORTREQUENA-1-300x212.jpg 300w, https:\/\/www.tucomarca.com\/wordpress\/segunda\/wp-content\/uploads\/2018\/12\/BORTREQUENA-1-768x544.jpg 768w, https:\/\/www.tucomarca.com\/wordpress\/segunda\/wp-content\/uploads\/2018\/12\/BORTREQUENA-1-1024x725.jpg 1024w\" sizes=\"auto, (max-width: 532px) 100vw, 532px\" \/><figcaption id=\"caption-attachment-79289\" class=\"wp-caption-text\"><b><span lang=\"CA\">La Diputaci\u00f3 ha destinat 132.633 euros a la comarca de la Plana Requena-Utiel a trav\u00e9s del Programa de Gesti\u00f3 Forestal Sostenible de 2017<\/span><\/b>.<\/figcaption><\/figure>\n<p>El municipi de Requena ha acollit la segona jornada del cicle \u2018Gesti\u00f3 forestal sostenible com a motor de l\u2019economia rural\u2019 que desenvolupa l\u2019\u00e0rea de Medi Ambient de la Diputaci\u00f3 i en total compta amb cinc sessions, totes elles desenvolupades dintre de les comarques de l\u2019interior. El diputat Josep Bort i l\u2019alcalde del municipi, Mario S\u00e1nchez, han estat els encarregats de presentar esta sessi\u00f3 a la que han assistit tamb\u00e9 alcaldesses, alcaldes i representants municipals d\u2019altres municipis de la comarca de la Plana Requena-Utiel.<\/p>\n<p>El responsable de l\u2019\u00e0rea de Medi Ambient, Josep Bort, ha destacat durant la seua intervenci\u00f3 que \u201c\u00e9s important despla\u00e7ar-nos\u00a0<em>in situ<\/em>\u00a0all\u00e0 on es pot actuar i dur endavant la nostra gesti\u00f3 forestal, per\u00f2 tamb\u00e9 \u00e9s fonamental que constru\u00efm i dissenyem ciutats i poblacions conscienciades amb el canvi clim\u00e0tic i la protecci\u00f3 de la nostra natura\u201d.<\/p>\n<p>Bort, a m\u00e9s ha assenyalat que \u201cles pol\u00edtiques que estem impulsant tenen en compte tant la inversi\u00f3 en prevenci\u00f3 d\u2019incendis, que t\u00e9 efectes molt positius tant en l\u2019\u00e0mbit econ\u00f2mic com en l\u2019ambiental, com tamb\u00e9 el desenvolupament i la implementaci\u00f3 de plans i accions de gesti\u00f3 forestal sostenible, de gran import\u00e0ncia per garantir oportunitats econ\u00f2miques als pobles d\u2019interior i fomentar aix\u00ed l\u2019assentament de poblaci\u00f3\u201d.<\/p>\n<p>La superf\u00edcie forestal de la comarca de la Plana de Requena-Utiel ascendeix a m\u00e9s de 85.000 hect\u00e0rees en total, una important massa forestal, i que provoca un elevat potencial per desenvolupar una economia circular perqu\u00e8 aprofite els recursos forestals i el patrimoni natural del territori.<\/p>\n<p>En esta l\u00ednia, l\u2019alcalde de Requena, Mario S\u00e1nchez, ha manifestat que \u201cestem en el pacte d&#8217;alcaldes contra el canvi clim\u00e0tic, pel qual hem de potenciar l\u2019economia circular i poder generar llocs de treball a trav\u00e9s de les nostres muntanyes, al nostre municipi i a tots els municipis de l&#8217;interior.\u00a0 Sobretot perqu\u00e8 la gent que estudia a l&#8217;escola de Viticultura i Enologia puguen trobar a Requena una oportunitat de treball en la nostra muntanya p\u00fablica\u201d.<\/p>\n<p>A m\u00e9s, S\u00e0nchez ha valorat que \u201c\u00e9s important que s\u2019organitzen estes jornades, sobretot a Requena perqu\u00e8 aquest municipi compta amb una gran massa forestal, i encara que \u00e9s de Generalitat, \u00e9s molt important que les tres administracions es coordinen\u201d. I ha continuat \u201ca Requena\u00a0 tenim el pla de prevenci\u00f3 d&#8217;incendis forestals, que \u00e9s una de les coses que m\u00e9s ens preocupa a tots i totes, i per este motiu vam accedir a aquestes ajudes per part de la instituci\u00f3 provincial\u201d.<\/p>\n<p>A m\u00e9s, s\u2019han explicat les ajudes que ha destinat la Diputaci\u00f3 de Val\u00e8ncia a trav\u00e9s del Programa de Gesti\u00f3 Forestal Sostenible de 2017 i 2018, amb 3,5 milions d\u2019euros de pressupost totals. La comarca de la Plana de\u00a0 Requena-Utiel ha percebut, en 2017, 132.633 euros d\u2019inversi\u00f3 forestal sostenible.<\/p>\n<p><strong>El cicle de gesti\u00f3 forestal sostenible\u00a0<\/strong><\/p>\n<p>Les jornades del cicle \u2018Gesti\u00f3 forestal sostenible com a motor de l\u2019economia rural\u2019 s\u00f3n un espai per a l\u2019an\u00e0lisi de la situaci\u00f3 actual del sector forestal a les comarques de Val\u00e8ncia i les seues potencialitats. Les sessions tamb\u00e9 aborden el paper que tenen la societat civil i les empreses en la dinamitzaci\u00f3 i gesti\u00f3 d\u2019aquests recursos, a m\u00e9s de presentar les distintes l\u00ednies d\u2019ajudes municipals de la Diputaci\u00f3 per a la gesti\u00f3 forestal sostenible, la millora d\u2019aquests ecosistemes i la protecci\u00f3 contra incendis forestals.<\/p>\n<p>Els encontres d\u2019aquest cicle formatiu i divulgatiu estan dirigits als responsables i t\u00e8cnics municipals, aix\u00ed com als col\u00b7lectius civils interessats i tota la ciutadania. Les sessions continuaran el proper 19 de desembre a Llutxent, el 9 de gener a La Font de la Figuera, i conclour\u00e0 el 16 de gener al municipi de Serra.<\/p>\n","protected":false},"excerpt":{"rendered":"<div class=\"mh-excerpt\">El municipi de Requena ha acollit la segona jornada del cicle \u2018Gesti\u00f3 forestal sostenible com a motor de l\u2019economia rural\u2019 que desenvolupa l\u2019\u00e0rea de Medi Ambient de la Diputaci\u00f3 i en total compta amb cinc <a class=\"mh-excerpt-more\" href=\"https:\/\/www.tucomarca.com\/wordpress\/segunda\/ca\/la-diputacio-impulsa-les-politiques-de-gestio-forestal-sostenible-a-la-plana-de-requena-utiel\/\" title=\"La Diputaci\u00f3 impulsa les pol\u00edtiques de gesti\u00f3 forestal sostenible a la Plana de Requena-Utiel\">[+] <\/a><\/div>\n","protected":false},"author":1,"featured_media":79290,"comment_status":"open","ping_status":"open","sticky":false,"template":"","format":"standard","meta":{"footnotes":""},"categories":[10898,10948,10894,10903,10947,10908,10909,10896],"tags":[10910],"class_list":{"0":"post-79292","1":"post","2":"type-post","3":"status-publish","4":"format-standard","5":"has-post-thumbnail","7":"category-ventana-ca","8":"category-infraestructuras-ca","9":"category-la-comarca-ca","10":"category-medio-ambiente-la-comarca-ca","11":"category-politica","12":"category-requena-ca","13":"category-requena-utiel-ca","14":"category-seccion-ca","15":"tag-requena-utiel-ca"},"_links":{"self":[{"href":"https:\/\/www.tucomarca.com\/wordpress\/segunda\/ca\/wp-json\/wp\/v2\/posts\/79292","targetHints":{"allow":["GET"]}}],"collection":[{"href":"https:\/\/www.tucomarca.com\/wordpress\/segunda\/ca\/wp-json\/wp\/v2\/posts"}],"about":[{"href":"https:\/\/www.tucomarca.com\/wordpress\/segunda\/ca\/wp-json\/wp\/v2\/types\/post"}],"author":[{"embeddable":true,"href":"https:\/\/www.tucomarca.com\/wordpress\/segunda\/ca\/wp-json\/wp\/v2\/users\/1"}],"replies":[{"embeddable":true,"href":"https:\/\/www.tucomarca.com\/wordpress\/segunda\/ca\/wp-json\/wp\/v2\/comments?post=79292"}],"version-history":[{"count":0,"href":"https:\/\/www.tucomarca.com\/wordpress\/segunda\/ca\/wp-json\/wp\/v2\/posts\/79292\/revisions"}],"wp:featuredmedia":[{"embeddable":true,"href":"https:\/\/www.tucomarca.com\/wordpress\/segunda\/ca\/wp-json\/wp\/v2\/media\/79290"}],"wp:attachment":[{"href":"https:\/\/www.tucomarca.com\/wordpress\/segunda\/ca\/wp-json\/wp\/v2\/media?parent=79292"}],"wp:term":[{"taxonomy":"category","embeddable":true,"href":"https:\/\/www.tucomarca.com\/wordpress\/segunda\/ca\/wp-json\/wp\/v2\/categories?post=79292"},{"taxonomy":"post_tag","embeddable":true,"href":"https:\/\/www.tucomarca.com\/wordpress\/segunda\/ca\/wp-json\/wp\/v2\/tags?post=79292"}],"curies":[{"name":"wp","href":"https:\/\/api.w.org\/{rel}","templated":true}]}}