{"id":79329,"date":"2018-12-20T01:53:01","date_gmt":"2018-12-19T23:53:01","guid":{"rendered":"http:\/\/www.tucomarca.com\/wordpress\/segunda\/?p=79329"},"modified":"2018-12-20T01:53:01","modified_gmt":"2018-12-19T23:53:01","slug":"el-camp-de-turia-rep-349-milions-deuros-dinversions-de-la-diputacio-fins-a-2018-un-46-mes-que-a-letapa-anterior","status":"publish","type":"post","link":"https:\/\/www.tucomarca.com\/wordpress\/segunda\/ca\/el-camp-de-turia-rep-349-milions-deuros-dinversions-de-la-diputacio-fins-a-2018-un-46-mes-que-a-letapa-anterior\/","title":{"rendered":"El Camp de T\u00faria rep 34,9 milions d\u2019euros d\u2019inversions de la Diputaci\u00f3 fins a 2018, un 46% m\u00e9s que a l\u2019etapa anterior"},"content":{"rendered":"<div class=\"\">\n<div class=\"WordSection1\">\n<div class=\"\">\n<figure id=\"attachment_79326\" aria-describedby=\"caption-attachment-79326\" style=\"width: 332px\" class=\"wp-caption alignleft\"><img loading=\"lazy\" decoding=\"async\" class=\" wp-image-79326\" src=\"http:\/\/www.tucomarca.com\/wordpress\/segunda\/wp-content\/uploads\/2018\/12\/AMIGOBETERAINVERSIONS.jpg\" alt=\"La Diputaci\u00f3, a trav\u00e9s de los distintos planes de inversiones, ha destinado al Camp de T\u00faria, entre 2015 y 2018.\" width=\"332\" height=\"221\" srcset=\"https:\/\/www.tucomarca.com\/wordpress\/segunda\/wp-content\/uploads\/2018\/12\/AMIGOBETERAINVERSIONS.jpg 3184w, https:\/\/www.tucomarca.com\/wordpress\/segunda\/wp-content\/uploads\/2018\/12\/AMIGOBETERAINVERSIONS-300x200.jpg 300w, https:\/\/www.tucomarca.com\/wordpress\/segunda\/wp-content\/uploads\/2018\/12\/AMIGOBETERAINVERSIONS-768x511.jpg 768w, https:\/\/www.tucomarca.com\/wordpress\/segunda\/wp-content\/uploads\/2018\/12\/AMIGOBETERAINVERSIONS-1024x682.jpg 1024w\" sizes=\"auto, (max-width: 332px) 100vw, 332px\" \/><figcaption id=\"caption-attachment-79326\" class=\"wp-caption-text\">Cristina Alemany, alcaldessa de B\u00e9tera, ha agra\u00eft a Maria Josep Amig\u00f3 la seua assist\u00e8ncia.<\/figcaption><\/figure>\n<blockquote class=\"\">\n<div class=\"\">\n<div class=\"WordSection1\">\n<div class=\"\"><b class=\"\"><span class=\"\">La Diputaci\u00f3, a trav\u00e9s dels distints plans d\u2019inversions, ha destinat al Camp de T\u00faria entre 2015 i 2018 11 milions m\u00e9s que a la legislatura anterior i 224,76 euros per habitant<\/span><\/b><\/div>\n<div class=\"\"><b class=\"\"><span class=\"\">Els fons dedicats a l\u2019educaci\u00f3 p\u00fablica i els espais educatius municipals s\u00f3n d\u20191.066.000 euros<\/span><\/b><\/div>\n<div class=\"\"><b class=\"\"><span class=\"\">Maria Josep Amig\u00f3, vicepresidenta de la Diputaci\u00f3: \u201cLa nova forma de treballar de la Diputaci\u00f3 ha perm\u00e9s que arriben m\u00e9s recursos a tots els Ajuntaments de manera transparent i amb independ\u00e8ncia del color pol\u00edtic\u201d<\/span><\/b><\/div>\n<\/div>\n<\/div>\n<\/blockquote>\n<\/div>\n<\/div>\n<\/div>\n<div class=\"\">\n<div class=\"WordSection1\"><\/div>\n<div class=\"\">\n<div class=\"\">\n<div class=\"WordSection1\">\n<div class=\"\">\n<div class=\"\">\n<div class=\"WordSection1\">\n<div class=\"\"><span class=\"\">Les inversions que han rebut els municipis del Camp de T\u00faria durant la nova etapa de la Diputaci\u00f3 de Val\u00e8ncia s\u2019eleven fins als 34,9 milions d\u2019euros, un 46,2% m\u00e9s que el que van percebre els municipis de la comarca durant la legislatura anterior. La vicepresidenta de la Diputaci\u00f3, Maria Josep Amig\u00f3, ha assenyalat durant la roda de premsa que s\u2019ha celebrat al castell de B\u00e9tera, junt amb l\u2019alcaldessa del municipi, Cristina Alemany, que \u201cla nova forma de treballar de la Diputaci\u00f3 ha perm\u00e9s que arriben m\u00e9s recursos a tots els Ajuntaments de manera m\u00e9s transparent i amb independ\u00e8ncia del seu color pol\u00edtic\u201d.<\/span><\/div>\n<\/div>\n<\/div>\n<div class=\"\">\n<div class=\"WordSection1\">\n<div class=\"\"><span class=\"\">\u00a0<\/span><\/div>\n<div class=\"\"><span class=\"\">La vicepresidenta de la instituci\u00f3 provincial ha fet balan\u00e7 de la gesti\u00f3 que s\u2019ha realitzat a la Diputaci\u00f3 en la nova etapa, i ha explicat que \u201caquest augment dels recursos que arriben als municipis respon a la nova pol\u00edtica de la Diputaci\u00f3 per a distribuir els seus fons amb criteris d\u2019objectivitat i equitat\u201d. Segons ha afirmat Amig\u00f3 davant de les alcaldesses i alcaldes de la comarca que han assistit a l\u2019encontre, \u201cla nova forma de treballar a la Diputaci\u00f3 de Val\u00e8ncia ha consistit en anar acabant amb la pr\u00e0ctica dels convenis singulars fins fer-los desapar\u00e8ixer en l\u2019actualitat, ja que hem passat de 34 milions d\u2019euros repartits d\u2019aquesta manera en 2014, a solament 800.000 en 2019\u201d.\u00a0<\/span><\/div>\n<div class=\"\"><span class=\"\">\u00a0<\/span><\/div>\n<div class=\"\"><span class=\"\">Cristina Alemany, alcaldessa de B\u00e9tera, ha agra\u00eft a Maria Josep Amig\u00f3 la seua assist\u00e8ncia, i ha expressat la seua satisfacci\u00f3 pels nous criteris que segueix la corporaci\u00f3 provincial en el repartiment de les ajudes: \u201cS\u2019ha passat d\u2019un atorgament de les inversions de la Diputaci\u00f3 m\u00e9s subjectiu, a un en el que es marquen criteris\u201d. L\u2019alcaldessa ha prosseguit que \u201ces tracta de criteris socials, demogr\u00e0fics, econ\u00f2mics, mediambientals, que eviten per tant la discrecionalitat, i aix\u00f2 ha suposat que ens pugam beneficiar moltes m\u00e9s localitats de la prov\u00edncia de Val\u00e8ncia\u201d.\u00a0<\/span><\/div>\n<div class=\"\"><span class=\"\">\u00a0<\/span><\/div>\n<div class=\"\"><span class=\"\">Els municipis del Camp de T\u00faria han rebut en el que va de legislatura 34.893.510 euros, a falta de sumar les inversions del proper exercici 2019. Aix\u00f2 suposa un augment del 46,2% respecte al que es va destinar des de la corporaci\u00f3 provincial en l\u2019anterior legislatura, 23.865.559 euros, i una inversi\u00f3 per habitant de 224,76 euros, a difer\u00e8ncia dels 156,83 dels percebuts entre 2011 i 2015.<\/span><\/div>\n<div class=\"\"><span class=\"\">\u00a0<\/span><\/div>\n<div class=\"\"><span class=\"\">En quant a la partida d\u2019inversi\u00f3 en educaci\u00f3 p\u00fablica, els distints programes de la Diputaci\u00f3 per a la millora de les escoles p\u00fabliques d\u2019infantil i prim\u00e0ria, aix\u00ed com de les escoletes infantils municipals, han comptat amb uns fons d\u20191.066.000 euros. Aquests diners han servit per condicionar 3 CEIPS de la comarca i tamb\u00e9 per millorar 12 espais educatius municipals de la comarca.<\/span><\/div>\n<div class=\"\"><span class=\"\">\u00a0<\/span><\/div>\n<div class=\"\"><b class=\"\"><span class=\"\">Tres anys de col\u00b7laboracions entre administracions\u00a0<\/span><\/b><\/div>\n<div class=\"\"><span class=\"\">\u00a0<\/span><\/div>\n<div class=\"\"><span class=\"\">La vicepresidenta de la corporaci\u00f3 provincial ha subratllat davant dels mitjans que \u201cla Diputaci\u00f3 ha tingut com a primer objectiu seguir les pol\u00edtiques del Bot\u00e0nic i, per aix\u00f2, ha col\u00b7laborat en diferents conselleries per a dur endavant inversions en temes tan importants com l\u2019educaci\u00f3 o els serveis socials\u201d.\u00a0<\/span><\/div>\n<div class=\"\"><span class=\"\">\u00a0<\/span><\/div>\n<\/div>\n<\/div>\n<div class=\"\">\n<div class=\"WordSection1\">\n<div class=\"\"><span class=\"\">La Diputaci\u00f3 de Val\u00e8ncia ha cooperat amb la Conselleria d\u2019Educaci\u00f3, Investigaci\u00f3 i Esports a trav\u00e9s dels Plans Municipals de Manteniment d\u2019Escoles de 2017 i 2018, amb el que es subvenciona la millora dels centres p\u00fablics d\u2019infantil i prim\u00e0ria que no s\u2019han pogut acollir al Pla Edificant de la Generalitat, i el Pla de Millora d\u2019Espais Educatius Municipals de 2018, que destina ajudes als municipis per tal d\u2019adequar i condicionar els centres municipals p\u00fablics d\u2019educaci\u00f3 no reglada (escoletes infantils, conservatoris de m\u00fasica i escoles d\u2019adults).<\/span><\/div>\n<\/div>\n<\/div>\n<\/div>\n<\/div>\n<\/div>\n<\/div>\n<\/div>\n","protected":false},"excerpt":{"rendered":"<div class=\"mh-excerpt\">La Diputaci\u00f3, a trav\u00e9s dels distints plans d\u2019inversions, ha destinat al Camp de T\u00faria entre 2015 i 2018 11 milions m\u00e9s que a la legislatura anterior i 224,76 euros per habitant Els fons dedicats a <a class=\"mh-excerpt-more\" href=\"https:\/\/www.tucomarca.com\/wordpress\/segunda\/ca\/el-camp-de-turia-rep-349-milions-deuros-dinversions-de-la-diputacio-fins-a-2018-un-46-mes-que-a-letapa-anterior\/\" title=\"El Camp de T\u00faria rep 34,9 milions d\u2019euros d\u2019inversions de la Diputaci\u00f3 fins a 2018, un 46% m\u00e9s que a l\u2019etapa anterior\">[+] <\/a><\/div>\n","protected":false},"author":2,"featured_media":79327,"comment_status":"open","ping_status":"open","sticky":false,"template":"","format":"standard","meta":{"footnotes":""},"categories":[10892,10898,10948,10894,10947,10896],"tags":[10899,11246],"class_list":{"0":"post-79329","1":"post","2":"type-post","3":"status-publish","4":"format-standard","5":"has-post-thumbnail","7":"category-camp-de-turia-ca","8":"category-ventana-ca","9":"category-infraestructuras-ca","10":"category-la-comarca-ca","11":"category-politica","12":"category-seccion-ca","13":"tag-camp-de-turia-ca","14":"tag-diputacio-de-valencia-ca"},"_links":{"self":[{"href":"https:\/\/www.tucomarca.com\/wordpress\/segunda\/ca\/wp-json\/wp\/v2\/posts\/79329","targetHints":{"allow":["GET"]}}],"collection":[{"href":"https:\/\/www.tucomarca.com\/wordpress\/segunda\/ca\/wp-json\/wp\/v2\/posts"}],"about":[{"href":"https:\/\/www.tucomarca.com\/wordpress\/segunda\/ca\/wp-json\/wp\/v2\/types\/post"}],"author":[{"embeddable":true,"href":"https:\/\/www.tucomarca.com\/wordpress\/segunda\/ca\/wp-json\/wp\/v2\/users\/2"}],"replies":[{"embeddable":true,"href":"https:\/\/www.tucomarca.com\/wordpress\/segunda\/ca\/wp-json\/wp\/v2\/comments?post=79329"}],"version-history":[{"count":0,"href":"https:\/\/www.tucomarca.com\/wordpress\/segunda\/ca\/wp-json\/wp\/v2\/posts\/79329\/revisions"}],"wp:featuredmedia":[{"embeddable":true,"href":"https:\/\/www.tucomarca.com\/wordpress\/segunda\/ca\/wp-json\/wp\/v2\/media\/79327"}],"wp:attachment":[{"href":"https:\/\/www.tucomarca.com\/wordpress\/segunda\/ca\/wp-json\/wp\/v2\/media?parent=79329"}],"wp:term":[{"taxonomy":"category","embeddable":true,"href":"https:\/\/www.tucomarca.com\/wordpress\/segunda\/ca\/wp-json\/wp\/v2\/categories?post=79329"},{"taxonomy":"post_tag","embeddable":true,"href":"https:\/\/www.tucomarca.com\/wordpress\/segunda\/ca\/wp-json\/wp\/v2\/tags?post=79329"}],"curies":[{"name":"wp","href":"https:\/\/api.w.org\/{rel}","templated":true}]}}